{"id":1715,"date":"2015-04-24T13:47:01","date_gmt":"2015-04-24T13:47:01","guid":{"rendered":"http:\/\/bibliotekamoscisko.pl\/?p=1715"},"modified":"2015-04-24T13:47:01","modified_gmt":"2015-04-24T13:47:01","slug":"ksiazka-i-roza","status":"publish","type":"post","link":"https:\/\/bibliotekamoscisko.pl\/?p=1715","title":{"rendered":"Ksi\u0105\u017cka i R\u00f3\u017ca"},"content":{"rendered":"<p>\u015awiatowy Dzie\u0144 Ksi\u0105\u017cki s\u0142ynie z czerwonych r\u00f3\u017c wr\u0119czanych czytelnikom oraz akcji zwi\u0105zanych z promocj\u0105 czytelnictwa. \u015awi\u0119to ksi\u0105\u017cek zorganizowano w nawi\u0105zaniu do daty \u015bmierci wielkich pisarzy: Cervantesa, Szekspira, de la Vegi &#8211; 23 kwietnia 1616 r. Pierwszy raz zorganizowano je w Katalonii w 1926 roku.\u00a0R\u00f3\u017ce symbolizuj\u0105 krew smoka pokonanego przez \u015bw. Jerzego, kt\u00f3rego dzie\u0144 przypada w\u0142a\u015bnie 23 kwietnia.<\/p>\n<p>Dzi\u0119ki prezentacji multimedialnej dzieci w Bibliotece w Mo\u015bcisku przypomnia\u0142y sobie o rodzajach pisma i jego historii. Interesuj\u0105ce by\u0142y tak\u017ce informacje o procesie powstawania ksi\u0105\u017cki. Z okazji \u015awi\u0119ta Dnia Ksi\u0105\u017cki dzieci wykona\u0142y z papieru czerwone r\u00f3\u017ce. Cz\u0119\u015b\u0107 pozostawi\u0142y na naszym ksi\u0105\u017ckowym drzewku. Reszta, zgodnie z tradycj\u0105 zostanie podarowana rodzinie i przyjacio\u0142om.<\/p>\n<div id='gallery-1' class='gallery galleryid-1715 gallery-columns-3 gallery-size-thumbnail'><figure class='gallery-item'>\n\t\t\t<div class='gallery-icon landscape'>\n\t\t\t\t<a href='https:\/\/bibliotekamoscisko.pl\/?attachment_id=1716'><img decoding=\"async\" width=\"150\" height=\"150\" src=\"https:\/\/bibliotekamoscisko.pl\/wp-content\/uploads\/2015\/04\/DK2-150x150.jpg\" class=\"attachment-thumbnail size-thumbnail\" alt=\"\" \/><\/a>\n\t\t\t<\/div><\/figure><figure class='gallery-item'>\n\t\t\t<div class='gallery-icon landscape'>\n\t\t\t\t<a href='https:\/\/bibliotekamoscisko.pl\/?attachment_id=1717'><img decoding=\"async\" width=\"150\" height=\"150\" src=\"https:\/\/bibliotekamoscisko.pl\/wp-content\/uploads\/2015\/04\/DK3-150x150.jpg\" class=\"attachment-thumbnail size-thumbnail\" alt=\"\" \/><\/a>\n\t\t\t<\/div><\/figure><figure class='gallery-item'>\n\t\t\t<div class='gallery-icon portrait'>\n\t\t\t\t<a href='https:\/\/bibliotekamoscisko.pl\/?attachment_id=1718'><img decoding=\"async\" width=\"150\" height=\"150\" src=\"https:\/\/bibliotekamoscisko.pl\/wp-content\/uploads\/2015\/04\/DK6-150x150.jpg\" class=\"attachment-thumbnail size-thumbnail\" alt=\"\" \/><\/a>\n\t\t\t<\/div><\/figure><figure class='gallery-item'>\n\t\t\t<div class='gallery-icon landscape'>\n\t\t\t\t<a href='https:\/\/bibliotekamoscisko.pl\/?attachment_id=1719'><img loading=\"lazy\" decoding=\"async\" width=\"150\" height=\"150\" src=\"https:\/\/bibliotekamoscisko.pl\/wp-content\/uploads\/2015\/04\/DK7-150x150.jpg\" class=\"attachment-thumbnail size-thumbnail\" alt=\"\" \/><\/a>\n\t\t\t<\/div><\/figure>\n\t\t<\/div>\n\n<p>D.W.<\/p>\n","protected":false},"excerpt":{"rendered":"<p>\u015awiatowy Dzie\u0144 Ksi\u0105\u017cki s\u0142ynie z czerwonych r\u00f3\u017c wr\u0119czanych czytelnikom oraz akcji zwi\u0105zanych z promocj\u0105 czytelnictwa. \u015awi\u0119to ksi\u0105\u017cek zorganizowano w nawi\u0105zaniu do daty \u015bmierci wielkich pisarzy: Cervantesa, Szekspira, de la Vegi [&hellip;]<\/p>\n","protected":false},"author":1,"featured_media":1718,"comment_status":"closed","ping_status":"open","sticky":false,"template":"","format":"standard","meta":{"ngg_post_thumbnail":0,"footnotes":""},"categories":[1],"tags":[],"class_list":["post-1715","post","type-post","status-publish","format-standard","has-post-thumbnail","hentry","category-uncategorized"],"_links":{"self":[{"href":"https:\/\/bibliotekamoscisko.pl\/index.php?rest_route=\/wp\/v2\/posts\/1715","targetHints":{"allow":["GET"]}}],"collection":[{"href":"https:\/\/bibliotekamoscisko.pl\/index.php?rest_route=\/wp\/v2\/posts"}],"about":[{"href":"https:\/\/bibliotekamoscisko.pl\/index.php?rest_route=\/wp\/v2\/types\/post"}],"author":[{"embeddable":true,"href":"https:\/\/bibliotekamoscisko.pl\/index.php?rest_route=\/wp\/v2\/users\/1"}],"replies":[{"embeddable":true,"href":"https:\/\/bibliotekamoscisko.pl\/index.php?rest_route=%2Fwp%2Fv2%2Fcomments&post=1715"}],"version-history":[{"count":1,"href":"https:\/\/bibliotekamoscisko.pl\/index.php?rest_route=\/wp\/v2\/posts\/1715\/revisions"}],"predecessor-version":[{"id":1720,"href":"https:\/\/bibliotekamoscisko.pl\/index.php?rest_route=\/wp\/v2\/posts\/1715\/revisions\/1720"}],"wp:featuredmedia":[{"embeddable":true,"href":"https:\/\/bibliotekamoscisko.pl\/index.php?rest_route=\/wp\/v2\/media\/1718"}],"wp:attachment":[{"href":"https:\/\/bibliotekamoscisko.pl\/index.php?rest_route=%2Fwp%2Fv2%2Fmedia&parent=1715"}],"wp:term":[{"taxonomy":"category","embeddable":true,"href":"https:\/\/bibliotekamoscisko.pl\/index.php?rest_route=%2Fwp%2Fv2%2Fcategories&post=1715"},{"taxonomy":"post_tag","embeddable":true,"href":"https:\/\/bibliotekamoscisko.pl\/index.php?rest_route=%2Fwp%2Fv2%2Ftags&post=1715"}],"curies":[{"name":"wp","href":"https:\/\/api.w.org\/{rel}","templated":true}]}}