{"id":1721,"date":"2015-04-29T07:27:19","date_gmt":"2015-04-29T07:27:19","guid":{"rendered":"http:\/\/bibliotekamoscisko.pl\/?p=1721"},"modified":"2015-04-29T07:34:54","modified_gmt":"2015-04-29T07:34:54","slug":"k-makuszynski-i-jego-bohaterowie-ksiazek","status":"publish","type":"post","link":"https:\/\/bibliotekamoscisko.pl\/?p=1721","title":{"rendered":"K. Makuszy\u0144ski i bohaterowie jego ksi\u0105\u017cek"},"content":{"rendered":"<p>Bibliotek\u0119 odwiedzi\u0142a klasa I, ze Szko\u0142y Podstawowej w Pi\u0142awie Dolnej wraz z wychowawczyni\u0105, Ew\u0105 Soko\u0142owsk\u0105.<\/p>\n<p>Dzieci bra\u0142y udzia\u0142 w zabawach zwi\u0105zanych \u00a0z utworami pisarza. Odpowiada\u0142y na pytania zwi\u0105zane z bohaterami ksi\u0105\u017cek K. Makuszy\u0144skiego. Pytania ukryte by\u0142y w\u015br\u00f3d ksi\u0105\u017cek \u2013 Micha\u0142 Wi\u0119ckowski i Aleksander \u00a0Stroka, uczniowie tej\u017ce klasy wyrecytowali nam z pami\u0119ci fragmenty ksi\u0105\u017cki pt.\u00a0 \u201e120 przyg\u00f3d Kozio\u0142ka Mato\u0142ka\u201d. Podoba\u0142o nam ogromnie. S\u0142uchaj\u0105c audiobooka \u00a0z dalszymi przygodami Mato\u0142ka, maluchy\u00a0 z zapa\u0142em zabra\u0142y si\u0119 do kolorowania obrazk\u00f3w przedstawiaj\u0105cych drog\u0119 Kozio\u0142ka do Pacanowa.<\/p>\n<p><a href=\"http:\/\/bibliotekamoscisko.pl\/wp-content\/uploads\/2015\/04\/pacan\u00f3w2.jpg\"><img fetchpriority=\"high\" decoding=\"async\" class=\"aligncenter size-full wp-image-1722\" src=\"http:\/\/bibliotekamoscisko.pl\/wp-content\/uploads\/2015\/04\/pacan\u00f3w2.jpg\" alt=\"pacan\u00f3w2\" width=\"800\" height=\"600\" srcset=\"https:\/\/bibliotekamoscisko.pl\/wp-content\/uploads\/2015\/04\/pacan\u00f3w2.jpg 800w, https:\/\/bibliotekamoscisko.pl\/wp-content\/uploads\/2015\/04\/pacan\u00f3w2-300x225.jpg 300w\" sizes=\"(max-width: 800px) 100vw, 800px\" \/><\/a><\/p>\n<p>Dzieci \u015bwietnie poradzi\u0142y sobie ze wszystkimi zadaniami, utrwalaj\u0105c wiedz\u0119 na temat patrona szko\u0142y, jednocze\u015bnie dobrze si\u0119 bawi\u0105c.<\/p>\n<p>&nbsp;<\/p>\n<p>Wanda Kun<\/p>\n","protected":false},"excerpt":{"rendered":"<p>Bibliotek\u0119 odwiedzi\u0142a klasa I, ze Szko\u0142y Podstawowej w Pi\u0142awie Dolnej wraz z wychowawczyni\u0105, Ew\u0105 Soko\u0142owsk\u0105. Dzieci bra\u0142y udzia\u0142 w zabawach zwi\u0105zanych \u00a0z utworami pisarza. Odpowiada\u0142y na pytania zwi\u0105zane z bohaterami [&hellip;]<\/p>\n","protected":false},"author":1,"featured_media":1727,"comment_status":"closed","ping_status":"open","sticky":false,"template":"","format":"standard","meta":{"ngg_post_thumbnail":0,"footnotes":""},"categories":[1],"tags":[],"class_list":["post-1721","post","type-post","status-publish","format-standard","has-post-thumbnail","hentry","category-uncategorized"],"_links":{"self":[{"href":"https:\/\/bibliotekamoscisko.pl\/index.php?rest_route=\/wp\/v2\/posts\/1721","targetHints":{"allow":["GET"]}}],"collection":[{"href":"https:\/\/bibliotekamoscisko.pl\/index.php?rest_route=\/wp\/v2\/posts"}],"about":[{"href":"https:\/\/bibliotekamoscisko.pl\/index.php?rest_route=\/wp\/v2\/types\/post"}],"author":[{"embeddable":true,"href":"https:\/\/bibliotekamoscisko.pl\/index.php?rest_route=\/wp\/v2\/users\/1"}],"replies":[{"embeddable":true,"href":"https:\/\/bibliotekamoscisko.pl\/index.php?rest_route=%2Fwp%2Fv2%2Fcomments&post=1721"}],"version-history":[{"count":2,"href":"https:\/\/bibliotekamoscisko.pl\/index.php?rest_route=\/wp\/v2\/posts\/1721\/revisions"}],"predecessor-version":[{"id":1725,"href":"https:\/\/bibliotekamoscisko.pl\/index.php?rest_route=\/wp\/v2\/posts\/1721\/revisions\/1725"}],"wp:featuredmedia":[{"embeddable":true,"href":"https:\/\/bibliotekamoscisko.pl\/index.php?rest_route=\/wp\/v2\/media\/1727"}],"wp:attachment":[{"href":"https:\/\/bibliotekamoscisko.pl\/index.php?rest_route=%2Fwp%2Fv2%2Fmedia&parent=1721"}],"wp:term":[{"taxonomy":"category","embeddable":true,"href":"https:\/\/bibliotekamoscisko.pl\/index.php?rest_route=%2Fwp%2Fv2%2Fcategories&post=1721"},{"taxonomy":"post_tag","embeddable":true,"href":"https:\/\/bibliotekamoscisko.pl\/index.php?rest_route=%2Fwp%2Fv2%2Ftags&post=1721"}],"curies":[{"name":"wp","href":"https:\/\/api.w.org\/{rel}","templated":true}]}}