{"id":1743,"date":"2015-05-07T13:50:00","date_gmt":"2015-05-07T13:50:00","guid":{"rendered":"http:\/\/bibliotekamoscisko.pl\/?p=1743"},"modified":"2015-05-08T08:23:52","modified_gmt":"2015-05-08T08:23:52","slug":"posrod-pieknych-drzew-i-krzewow","status":"publish","type":"post","link":"https:\/\/bibliotekamoscisko.pl\/?p=1743","title":{"rendered":"Zaczarowany ogr\u00f3d"},"content":{"rendered":"<p>Tu\u017c obok Niemczy, w malowniczej kotlinie, na p\u00f3\u0142nocnych stokach Wzg\u00f3rz D\u0119bowych, po\u0142o\u017cone jest \u00a0Arboretum w Wojs\u0142awicach. \u201eTo zaczarowane miejsce\u201d \u2013 mawiaj\u0105 odwiedzaj\u0105ce je po raz pierwszy osoby i wracaj\u0105 tam nie raz z rodzin\u0105, przyjaci\u00f3\u0142mi, znajomymi. W ogrodzie, po\u015br\u00f3d wspania\u0142ych drzew i krzew\u00f3w, mo\u017cna odpocz\u0105\u0107 i pos\u0142ucha\u0107 \u015bpiewu ptak\u00f3w. W \u00a02011 roku \u00a0kolekcja z rodzaj\u00f3w\u00a0<em><span style=\"font-style: inherit; font-weight: inherit;\">Rhododendron<\/span><\/em>,\u00a0<em><span style=\"font-style: inherit; font-weight: inherit;\">Hemerocallis<\/span><\/em>\u00a0i\u00a0<em><span style=\"font-style: inherit; font-weight: inherit;\">Buxus<\/span><\/em>\u00a0uzyska\u0142y status Polskich Kolekcji Narodowych. Dwa lata p\u00f3\u017aniej przyznano arboretum\u00a0 certyfikat Ogrodu Pokazowego Ameryka\u0144skiego Towarzystwa Liliowcowego. Biblioteka w Mo\u015bcisku zaprasza na wystaw\u0119 po\u015bwi\u0119con\u0105 filii Ogrodu Botanicznego Uniwersytetu Wroc\u0142awskiego. W galerii, do ko\u0144ca maja, \u00a0podziwia\u0107 mo\u017cna fotografie \u00a0autorstwa \u00a0Hanny Grzeszczak-Nowak, Dariusza Paw\u0142owskiego i Tomasza Nowaka.<\/p>\n<p><a href=\"http:\/\/bibliotekamoscisko.pl\/wp-content\/uploads\/2015\/05\/Arboretum.jpg\"><img fetchpriority=\"high\" decoding=\"async\" class=\"aligncenter size-full wp-image-1737\" src=\"http:\/\/bibliotekamoscisko.pl\/wp-content\/uploads\/2015\/05\/Arboretum.jpg\" alt=\"Arboretum\" width=\"800\" height=\"374\" srcset=\"https:\/\/bibliotekamoscisko.pl\/wp-content\/uploads\/2015\/05\/Arboretum.jpg 800w, https:\/\/bibliotekamoscisko.pl\/wp-content\/uploads\/2015\/05\/Arboretum-300x140.jpg 300w\" sizes=\"(max-width: 800px) 100vw, 800px\" \/><\/a><\/p>\n<p><a title=\"arboretum\" href=\"arboretumwojslawice.pl\" target=\"_blank\">arboretumwojslawice.pl<\/a><\/p>\n<p>D.W.<\/p>\n","protected":false},"excerpt":{"rendered":"<p>Tu\u017c obok Niemczy, w malowniczej kotlinie, na p\u00f3\u0142nocnych stokach Wzg\u00f3rz D\u0119bowych, po\u0142o\u017cone jest \u00a0Arboretum w Wojs\u0142awicach. \u201eTo zaczarowane miejsce\u201d \u2013 mawiaj\u0105 odwiedzaj\u0105ce je po raz pierwszy osoby i wracaj\u0105 tam [&hellip;]<\/p>\n","protected":false},"author":1,"featured_media":1738,"comment_status":"closed","ping_status":"open","sticky":false,"template":"","format":"standard","meta":{"ngg_post_thumbnail":0,"footnotes":""},"categories":[1],"tags":[],"class_list":["post-1743","post","type-post","status-publish","format-standard","has-post-thumbnail","hentry","category-uncategorized"],"_links":{"self":[{"href":"https:\/\/bibliotekamoscisko.pl\/index.php?rest_route=\/wp\/v2\/posts\/1743","targetHints":{"allow":["GET"]}}],"collection":[{"href":"https:\/\/bibliotekamoscisko.pl\/index.php?rest_route=\/wp\/v2\/posts"}],"about":[{"href":"https:\/\/bibliotekamoscisko.pl\/index.php?rest_route=\/wp\/v2\/types\/post"}],"author":[{"embeddable":true,"href":"https:\/\/bibliotekamoscisko.pl\/index.php?rest_route=\/wp\/v2\/users\/1"}],"replies":[{"embeddable":true,"href":"https:\/\/bibliotekamoscisko.pl\/index.php?rest_route=%2Fwp%2Fv2%2Fcomments&post=1743"}],"version-history":[{"count":3,"href":"https:\/\/bibliotekamoscisko.pl\/index.php?rest_route=\/wp\/v2\/posts\/1743\/revisions"}],"predecessor-version":[{"id":1746,"href":"https:\/\/bibliotekamoscisko.pl\/index.php?rest_route=\/wp\/v2\/posts\/1743\/revisions\/1746"}],"wp:featuredmedia":[{"embeddable":true,"href":"https:\/\/bibliotekamoscisko.pl\/index.php?rest_route=\/wp\/v2\/media\/1738"}],"wp:attachment":[{"href":"https:\/\/bibliotekamoscisko.pl\/index.php?rest_route=%2Fwp%2Fv2%2Fmedia&parent=1743"}],"wp:term":[{"taxonomy":"category","embeddable":true,"href":"https:\/\/bibliotekamoscisko.pl\/index.php?rest_route=%2Fwp%2Fv2%2Fcategories&post=1743"},{"taxonomy":"post_tag","embeddable":true,"href":"https:\/\/bibliotekamoscisko.pl\/index.php?rest_route=%2Fwp%2Fv2%2Ftags&post=1743"}],"curies":[{"name":"wp","href":"https:\/\/api.w.org\/{rel}","templated":true}]}}