{"id":1757,"date":"2015-05-14T07:50:26","date_gmt":"2015-05-14T07:50:26","guid":{"rendered":"http:\/\/bibliotekamoscisko.pl\/?p=1757"},"modified":"2015-05-14T07:50:26","modified_gmt":"2015-05-14T07:50:26","slug":"inspiracje-artystyczne","status":"publish","type":"post","link":"https:\/\/bibliotekamoscisko.pl\/?p=1757","title":{"rendered":"Inspiracje  artystyczne"},"content":{"rendered":"<p>W ramach og\u00f3lnopolskiego cyklu \u201eTydzie\u0144 Bibliotek\u201d 12 maja w Bibliotece Publiczno-Szkolnej w Pi\u0142awie Dolnej odby\u0142o si\u0119 spotkanie uczni\u00f3w klasy VI ze Szko\u0142y Podstawowej imienia Kornela Makuszy\u0144skiego w Pi\u0142awie Dolnej, z amatorem plastykiem panem Tadeuszem Kwazebardem. Jest to spotkanie sentymentalno- artystyczne, bowiem cztery lata temu w\u0142a\u015bnie \u00a0tej klasie pan Tadeusz przekazywa\u0142 swoje tajniki malarskie.<\/p>\n<p>Tak by\u0142o 4 lata temu:<\/p>\n<div id='gallery-1' class='gallery galleryid-1757 gallery-columns-3 gallery-size-thumbnail'><figure class='gallery-item'>\n\t\t\t<div class='gallery-icon landscape'>\n\t\t\t\t<a href='https:\/\/bibliotekamoscisko.pl\/?attachment_id=1758'><img decoding=\"async\" width=\"150\" height=\"150\" src=\"https:\/\/bibliotekamoscisko.pl\/wp-content\/uploads\/2015\/05\/tak-by-o-4-lata-temu-2-2010-150x150.jpeg\" class=\"attachment-thumbnail size-thumbnail\" alt=\"\" \/><\/a>\n\t\t\t<\/div><\/figure><figure class='gallery-item'>\n\t\t\t<div class='gallery-icon landscape'>\n\t\t\t\t<a href='https:\/\/bibliotekamoscisko.pl\/?attachment_id=1759'><img decoding=\"async\" width=\"150\" height=\"150\" src=\"https:\/\/bibliotekamoscisko.pl\/wp-content\/uploads\/2015\/05\/tak-by-o-4-lata-temu-3-2010-150x150.jpeg\" class=\"attachment-thumbnail size-thumbnail\" alt=\"\" \/><\/a>\n\t\t\t<\/div><\/figure><figure class='gallery-item'>\n\t\t\t<div class='gallery-icon landscape'>\n\t\t\t\t<a href='https:\/\/bibliotekamoscisko.pl\/?attachment_id=1760'><img decoding=\"async\" width=\"150\" height=\"150\" src=\"https:\/\/bibliotekamoscisko.pl\/wp-content\/uploads\/2015\/05\/tak-by-o-4-lata-temu-4-2010-150x150.jpeg\" class=\"attachment-thumbnail size-thumbnail\" alt=\"\" \/><\/a>\n\t\t\t<\/div><\/figure><figure class='gallery-item'>\n\t\t\t<div class='gallery-icon portrait'>\n\t\t\t\t<a href='https:\/\/bibliotekamoscisko.pl\/?attachment_id=1761'><img loading=\"lazy\" decoding=\"async\" width=\"150\" height=\"150\" src=\"https:\/\/bibliotekamoscisko.pl\/wp-content\/uploads\/2015\/05\/tak-by-o-5-lat-temu-1-2010-150x150.jpeg\" class=\"attachment-thumbnail size-thumbnail\" alt=\"\" \/><\/a>\n\t\t\t<\/div><\/figure>\n\t\t<\/div>\n\n<p>Tematem naszego spotkania by\u0142 \u2013 \u201eBohater literacki, a kompozycja malarska\u201d. Dzieci malowa\u0142y kred\u0105, w\u0119glem, such\u0105 pastel\u0105. W\u015br\u00f3d prac znalaz\u0142a si\u0119 bohaterka ksi\u0105\u017cki L.M. Montgomery \u2013 \u201eAnia z Zielonego Wzg\u00f3rza\u201d, chochliki, wr\u00f3\u017cki, czarownice z Ba\u015bnioboru B. Mulla, Tomek Sawyer \u2013 M.Twaina, \u0141ucja z ksi\u0105\u017cki \u2013 \u201eLew, czarownica i stara szafa\u201d C.S Lewisa, Robinson Kruzoe \u2013 D.Defoe, Gabrysia Borejko i Pyziak z powie\u015bci M. Musierowicz \u201e Kwiat Kalafiora\u201d.<\/p>\n<p>A tak jest dzisiaj:<\/p>\n<div id='gallery-2' class='gallery galleryid-1757 gallery-columns-3 gallery-size-thumbnail'><figure class='gallery-item'>\n\t\t\t<div class='gallery-icon landscape'>\n\t\t\t\t<a href='https:\/\/bibliotekamoscisko.pl\/?attachment_id=1762'><img loading=\"lazy\" decoding=\"async\" width=\"150\" height=\"150\" src=\"https:\/\/bibliotekamoscisko.pl\/wp-content\/uploads\/2015\/05\/obecnie-7-maj-2015-150x150.jpeg\" class=\"attachment-thumbnail size-thumbnail\" alt=\"\" \/><\/a>\n\t\t\t<\/div><\/figure><figure class='gallery-item'>\n\t\t\t<div class='gallery-icon landscape'>\n\t\t\t\t<a href='https:\/\/bibliotekamoscisko.pl\/?attachment_id=1763'><img loading=\"lazy\" decoding=\"async\" width=\"150\" height=\"150\" src=\"https:\/\/bibliotekamoscisko.pl\/wp-content\/uploads\/2015\/05\/obecnie-8-maj-2015-150x150.jpeg\" class=\"attachment-thumbnail size-thumbnail\" alt=\"\" \/><\/a>\n\t\t\t<\/div><\/figure><figure class='gallery-item'>\n\t\t\t<div class='gallery-icon landscape'>\n\t\t\t\t<a href='https:\/\/bibliotekamoscisko.pl\/?attachment_id=1765'><img loading=\"lazy\" decoding=\"async\" width=\"150\" height=\"150\" src=\"https:\/\/bibliotekamoscisko.pl\/wp-content\/uploads\/2015\/05\/obecnie-10-maj-2015-150x150.jpeg\" class=\"attachment-thumbnail size-thumbnail\" alt=\"\" \/><\/a>\n\t\t\t<\/div><\/figure><figure class='gallery-item'>\n\t\t\t<div class='gallery-icon landscape'>\n\t\t\t\t<a href='https:\/\/bibliotekamoscisko.pl\/?attachment_id=1766'><img loading=\"lazy\" decoding=\"async\" width=\"150\" height=\"150\" src=\"https:\/\/bibliotekamoscisko.pl\/wp-content\/uploads\/2015\/05\/obecnie-11-maj-2015-150x150.jpeg\" class=\"attachment-thumbnail size-thumbnail\" alt=\"\" \/><\/a>\n\t\t\t<\/div><\/figure><figure class='gallery-item'>\n\t\t\t<div class='gallery-icon landscape'>\n\t\t\t\t<a href='https:\/\/bibliotekamoscisko.pl\/?attachment_id=1767'><img loading=\"lazy\" decoding=\"async\" width=\"150\" height=\"150\" src=\"https:\/\/bibliotekamoscisko.pl\/wp-content\/uploads\/2015\/05\/obecnie-12-maj-2015-150x150.jpeg\" class=\"attachment-thumbnail size-thumbnail\" alt=\"\" \/><\/a>\n\t\t\t<\/div><\/figure><figure class='gallery-item'>\n\t\t\t<div class='gallery-icon landscape'>\n\t\t\t\t<a href='https:\/\/bibliotekamoscisko.pl\/?attachment_id=1768'><img loading=\"lazy\" decoding=\"async\" width=\"150\" height=\"150\" src=\"https:\/\/bibliotekamoscisko.pl\/wp-content\/uploads\/2015\/05\/obecnie-13-maj-2015-150x150.jpeg\" class=\"attachment-thumbnail size-thumbnail\" alt=\"\" \/><\/a>\n\t\t\t<\/div><\/figure><figure class='gallery-item'>\n\t\t\t<div class='gallery-icon landscape'>\n\t\t\t\t<a href='https:\/\/bibliotekamoscisko.pl\/?attachment_id=1769'><img loading=\"lazy\" decoding=\"async\" width=\"150\" height=\"150\" src=\"https:\/\/bibliotekamoscisko.pl\/wp-content\/uploads\/2015\/05\/obecnie-14-maj-2015-150x150.jpeg\" class=\"attachment-thumbnail size-thumbnail\" alt=\"\" \/><\/a>\n\t\t\t<\/div><\/figure>\n\t\t<\/div>\n\n<p>Czas up\u0142yn\u0105\u0142 nam szybko i w mi\u0142ej atmosferze. Dzi\u0119kujemy za to artystyczne spotkanie m\u0142odzie\u017cy. Szczeg\u00f3lne podzi\u0119kowania nale\u017c\u0105 si\u0119 panu T. Kwazebardowi.<\/p>\n<p>&nbsp;<\/p>\n<p>Wanda Kun<\/p>\n","protected":false},"excerpt":{"rendered":"<p>W ramach og\u00f3lnopolskiego cyklu \u201eTydzie\u0144 Bibliotek\u201d 12 maja w Bibliotece Publiczno-Szkolnej w Pi\u0142awie Dolnej odby\u0142o si\u0119 spotkanie uczni\u00f3w klasy VI ze Szko\u0142y Podstawowej imienia Kornela Makuszy\u0144skiego w Pi\u0142awie Dolnej, z [&hellip;]<\/p>\n","protected":false},"author":1,"featured_media":1764,"comment_status":"closed","ping_status":"open","sticky":false,"template":"","format":"standard","meta":{"ngg_post_thumbnail":0,"footnotes":""},"categories":[1],"tags":[],"class_list":["post-1757","post","type-post","status-publish","format-standard","has-post-thumbnail","hentry","category-uncategorized"],"_links":{"self":[{"href":"https:\/\/bibliotekamoscisko.pl\/index.php?rest_route=\/wp\/v2\/posts\/1757","targetHints":{"allow":["GET"]}}],"collection":[{"href":"https:\/\/bibliotekamoscisko.pl\/index.php?rest_route=\/wp\/v2\/posts"}],"about":[{"href":"https:\/\/bibliotekamoscisko.pl\/index.php?rest_route=\/wp\/v2\/types\/post"}],"author":[{"embeddable":true,"href":"https:\/\/bibliotekamoscisko.pl\/index.php?rest_route=\/wp\/v2\/users\/1"}],"replies":[{"embeddable":true,"href":"https:\/\/bibliotekamoscisko.pl\/index.php?rest_route=%2Fwp%2Fv2%2Fcomments&post=1757"}],"version-history":[{"count":1,"href":"https:\/\/bibliotekamoscisko.pl\/index.php?rest_route=\/wp\/v2\/posts\/1757\/revisions"}],"predecessor-version":[{"id":1770,"href":"https:\/\/bibliotekamoscisko.pl\/index.php?rest_route=\/wp\/v2\/posts\/1757\/revisions\/1770"}],"wp:featuredmedia":[{"embeddable":true,"href":"https:\/\/bibliotekamoscisko.pl\/index.php?rest_route=\/wp\/v2\/media\/1764"}],"wp:attachment":[{"href":"https:\/\/bibliotekamoscisko.pl\/index.php?rest_route=%2Fwp%2Fv2%2Fmedia&parent=1757"}],"wp:term":[{"taxonomy":"category","embeddable":true,"href":"https:\/\/bibliotekamoscisko.pl\/index.php?rest_route=%2Fwp%2Fv2%2Fcategories&post=1757"},{"taxonomy":"post_tag","embeddable":true,"href":"https:\/\/bibliotekamoscisko.pl\/index.php?rest_route=%2Fwp%2Fv2%2Ftags&post=1757"}],"curies":[{"name":"wp","href":"https:\/\/api.w.org\/{rel}","templated":true}]}}