{"id":1776,"date":"2015-05-15T09:38:11","date_gmt":"2015-05-15T09:38:11","guid":{"rendered":"http:\/\/bibliotekamoscisko.pl\/?p=1776"},"modified":"2015-05-15T09:44:07","modified_gmt":"2015-05-15T09:44:07","slug":"literkowy-album","status":"publish","type":"post","link":"https:\/\/bibliotekamoscisko.pl\/?p=1776","title":{"rendered":"Literkowy album"},"content":{"rendered":"<p>W ramach og\u00f3lnopolskiego cyklu \u201eTydzie\u0144 Bibliotek\u201d, zosta\u0142 rozstrzygni\u0119ty konkurs plastyczny przeznaczony dla klas I i II szk\u00f3\u0142 podstawowych pod has\u0142em \u2013 \u201eLiterkowy album\u201d. Patronat nad konkursem obj\u0119\u0142o : Stowarzyszenie Bibliotekarzy Polskich, Biblioteka Publiczna Gminy Dzier\u017coni\u00f3w z\/s w Mo\u015bcisku, oraz Biblioteka Publiczno-Szkolna w Pi\u0142awie Dolnej.<\/p>\n<p>Do biblioteki w Pi\u0142awie Dolnej, wp\u0142yn\u0119\u0142o 15 kolorowych, interesuj\u0105cych prac. Dzieci wykaza\u0142y si\u0119 wielk\u0105 pracowito\u015bci\u0105, pomys\u0142owo\u015bci\u0105, aby powsta\u0142y tak pi\u0119kne albumy.<\/p>\n<p>Mi\u0142ym akcentem naszego spotkania by\u0142o og\u0142oszenie wynik\u00f3w konkursu i wr\u0119czenie nagr\u00f3d. Nagrod\u0119 Stowarzyszenia Bibliotekarzy Polskich wr\u0119czy\u0142a przewodnicz\u0105ca ko\u0142a SBP, pani Anna Plewak \u2013 uczennicy klasy I- <strong>Annie Juraszek.<\/strong><\/p>\n<p>Nagrod\u0119 przyznan\u0105 przez Szko\u0142\u0119 Podstawow\u0105 imienia Kornela Makuszy\u0144skiego w Pi\u0142awie Dolnej przekaza\u0142a pani dyrektor Ma\u0142gorzata Siwiec, a nagrod\u0119 t\u0119 otrzyma\u0142a <strong>Anna Bartosz \u2013 klasa I.<\/strong><\/p>\n<p>Nagrody przyznane przez Bibliotek\u0119 Publiczn\u0105 Gminy Dzier\u017coni\u00f3w z\/s w Mo\u015bcisku otrzymuj\u0105:<\/p>\n<p style=\"text-align: center;\">I miejsce \u2013 Natalia Korman, klasa II.<\/p>\n<p style=\"text-align: center;\">II miejsce \u2013 Wojciech Turowski, klasa I.<\/p>\n<p style=\"text-align: center;\">III miejsce \u2013 Zuzanna Pa\u0142ubiak, klasa II.<\/p>\n<p>Nagroda Specjalna pow\u0119drowa\u0142a do Eryka Drzewieckiego, klasa I.<\/p>\n<p>Wyr\u00f3\u017cnienia otrzyma\u0142y:<\/p>\n<p style=\"text-align: center;\">Maria Biernacka, klasa II.<\/p>\n<p style=\"text-align: center;\">Antonina\u00a0 Gendasz, klasa II.<\/p>\n<p>Nagrody, wraz z gratulacjami wr\u0119czy\u0142a pani dyrektor Monika Adamska.<\/p>\n<p>Serdecznie dzi\u0119kujemy i gratulujemy wszystkim uczestnikom konkursu za aktywno\u015b\u0107 , pracowito\u015b\u0107 i pi\u0119kne prace \u2013 a rodzicom za zaanga\u017cowanie.<\/p>\n<p>&nbsp;<\/p>\n<div id='gallery-1' class='gallery galleryid-1776 gallery-columns-3 gallery-size-thumbnail'><figure class='gallery-item'>\n\t\t\t<div class='gallery-icon portrait'>\n\t\t\t\t<a href='https:\/\/bibliotekamoscisko.pl\/?attachment_id=1777'><img decoding=\"async\" width=\"150\" height=\"150\" src=\"https:\/\/bibliotekamoscisko.pl\/wp-content\/uploads\/2015\/05\/IMG_2213-150x150.jpeg\" class=\"attachment-thumbnail size-thumbnail\" alt=\"\" \/><\/a>\n\t\t\t<\/div><\/figure><figure class='gallery-item'>\n\t\t\t<div class='gallery-icon portrait'>\n\t\t\t\t<a href='https:\/\/bibliotekamoscisko.pl\/?attachment_id=1778'><img decoding=\"async\" width=\"150\" height=\"150\" src=\"https:\/\/bibliotekamoscisko.pl\/wp-content\/uploads\/2015\/05\/IMG_2216-150x150.jpeg\" class=\"attachment-thumbnail size-thumbnail\" alt=\"\" \/><\/a>\n\t\t\t<\/div><\/figure><figure class='gallery-item'>\n\t\t\t<div class='gallery-icon portrait'>\n\t\t\t\t<a href='https:\/\/bibliotekamoscisko.pl\/?attachment_id=1779'><img decoding=\"async\" width=\"150\" height=\"150\" src=\"https:\/\/bibliotekamoscisko.pl\/wp-content\/uploads\/2015\/05\/IMG_2217-150x150.jpeg\" class=\"attachment-thumbnail size-thumbnail\" alt=\"\" \/><\/a>\n\t\t\t<\/div><\/figure><figure class='gallery-item'>\n\t\t\t<div class='gallery-icon landscape'>\n\t\t\t\t<a href='https:\/\/bibliotekamoscisko.pl\/?attachment_id=1780'><img loading=\"lazy\" decoding=\"async\" width=\"150\" height=\"150\" src=\"https:\/\/bibliotekamoscisko.pl\/wp-content\/uploads\/2015\/05\/IMG_2218-150x150.jpeg\" class=\"attachment-thumbnail size-thumbnail\" alt=\"\" \/><\/a>\n\t\t\t<\/div><\/figure><figure class='gallery-item'>\n\t\t\t<div class='gallery-icon landscape'>\n\t\t\t\t<a href='https:\/\/bibliotekamoscisko.pl\/?attachment_id=1781'><img loading=\"lazy\" decoding=\"async\" width=\"150\" height=\"150\" src=\"https:\/\/bibliotekamoscisko.pl\/wp-content\/uploads\/2015\/05\/IMG_2223-150x150.jpeg\" class=\"attachment-thumbnail size-thumbnail\" alt=\"\" \/><\/a>\n\t\t\t<\/div><\/figure><figure class='gallery-item'>\n\t\t\t<div class='gallery-icon landscape'>\n\t\t\t\t<a href='https:\/\/bibliotekamoscisko.pl\/?attachment_id=1782'><img loading=\"lazy\" decoding=\"async\" width=\"150\" height=\"150\" src=\"https:\/\/bibliotekamoscisko.pl\/wp-content\/uploads\/2015\/05\/IMG_2224-150x150.jpeg\" class=\"attachment-thumbnail size-thumbnail\" alt=\"\" \/><\/a>\n\t\t\t<\/div><\/figure><figure class='gallery-item'>\n\t\t\t<div class='gallery-icon landscape'>\n\t\t\t\t<a href='https:\/\/bibliotekamoscisko.pl\/?attachment_id=1783'><img loading=\"lazy\" decoding=\"async\" width=\"150\" height=\"150\" src=\"https:\/\/bibliotekamoscisko.pl\/wp-content\/uploads\/2015\/05\/IMG_2226-150x150.jpeg\" class=\"attachment-thumbnail size-thumbnail\" alt=\"\" \/><\/a>\n\t\t\t<\/div><\/figure><figure class='gallery-item'>\n\t\t\t<div class='gallery-icon landscape'>\n\t\t\t\t<a href='https:\/\/bibliotekamoscisko.pl\/?attachment_id=1784'><img loading=\"lazy\" decoding=\"async\" width=\"150\" height=\"150\" src=\"https:\/\/bibliotekamoscisko.pl\/wp-content\/uploads\/2015\/05\/IMG_2230-150x150.jpeg\" class=\"attachment-thumbnail size-thumbnail\" alt=\"\" \/><\/a>\n\t\t\t<\/div><\/figure><figure class='gallery-item'>\n\t\t\t<div class='gallery-icon landscape'>\n\t\t\t\t<a href='https:\/\/bibliotekamoscisko.pl\/?attachment_id=1785'><img loading=\"lazy\" decoding=\"async\" width=\"150\" height=\"150\" src=\"https:\/\/bibliotekamoscisko.pl\/wp-content\/uploads\/2015\/05\/IMG_2233-150x150.jpeg\" class=\"attachment-thumbnail size-thumbnail\" alt=\"\" \/><\/a>\n\t\t\t<\/div><\/figure>\n\t\t<\/div>\n\n<p>Wanda Kun<\/p>\n<p>&nbsp;<\/p>\n","protected":false},"excerpt":{"rendered":"<p>W ramach og\u00f3lnopolskiego cyklu \u201eTydzie\u0144 Bibliotek\u201d, zosta\u0142 rozstrzygni\u0119ty konkurs plastyczny przeznaczony dla klas I i II szk\u00f3\u0142 podstawowych pod has\u0142em \u2013 \u201eLiterkowy album\u201d. Patronat nad konkursem obj\u0119\u0142o : Stowarzyszenie Bibliotekarzy [&hellip;]<\/p>\n","protected":false},"author":1,"featured_media":1784,"comment_status":"closed","ping_status":"open","sticky":false,"template":"","format":"standard","meta":{"ngg_post_thumbnail":0,"footnotes":""},"categories":[1],"tags":[],"class_list":["post-1776","post","type-post","status-publish","format-standard","has-post-thumbnail","hentry","category-uncategorized"],"_links":{"self":[{"href":"https:\/\/bibliotekamoscisko.pl\/index.php?rest_route=\/wp\/v2\/posts\/1776","targetHints":{"allow":["GET"]}}],"collection":[{"href":"https:\/\/bibliotekamoscisko.pl\/index.php?rest_route=\/wp\/v2\/posts"}],"about":[{"href":"https:\/\/bibliotekamoscisko.pl\/index.php?rest_route=\/wp\/v2\/types\/post"}],"author":[{"embeddable":true,"href":"https:\/\/bibliotekamoscisko.pl\/index.php?rest_route=\/wp\/v2\/users\/1"}],"replies":[{"embeddable":true,"href":"https:\/\/bibliotekamoscisko.pl\/index.php?rest_route=%2Fwp%2Fv2%2Fcomments&post=1776"}],"version-history":[{"count":3,"href":"https:\/\/bibliotekamoscisko.pl\/index.php?rest_route=\/wp\/v2\/posts\/1776\/revisions"}],"predecessor-version":[{"id":1788,"href":"https:\/\/bibliotekamoscisko.pl\/index.php?rest_route=\/wp\/v2\/posts\/1776\/revisions\/1788"}],"wp:featuredmedia":[{"embeddable":true,"href":"https:\/\/bibliotekamoscisko.pl\/index.php?rest_route=\/wp\/v2\/media\/1784"}],"wp:attachment":[{"href":"https:\/\/bibliotekamoscisko.pl\/index.php?rest_route=%2Fwp%2Fv2%2Fmedia&parent=1776"}],"wp:term":[{"taxonomy":"category","embeddable":true,"href":"https:\/\/bibliotekamoscisko.pl\/index.php?rest_route=%2Fwp%2Fv2%2Fcategories&post=1776"},{"taxonomy":"post_tag","embeddable":true,"href":"https:\/\/bibliotekamoscisko.pl\/index.php?rest_route=%2Fwp%2Fv2%2Ftags&post=1776"}],"curies":[{"name":"wp","href":"https:\/\/api.w.org\/{rel}","templated":true}]}}