{"id":1834,"date":"2015-06-05T11:58:48","date_gmt":"2015-06-05T11:58:48","guid":{"rendered":"http:\/\/bibliotekamoscisko.pl\/?p=1834"},"modified":"2015-06-05T11:58:48","modified_gmt":"2015-06-05T11:58:48","slug":"witaminowe-abecadlo","status":"publish","type":"post","link":"https:\/\/bibliotekamoscisko.pl\/?p=1834","title":{"rendered":"Witaminowe abecad\u0142o"},"content":{"rendered":"<p>03 czerwca Bibliotek\u0119 Publiczno-Szkoln\u0105 w Pi\u0142awie Dolnej odwiedzi\u0142y dzieci z Pi\u0142awskiego przedszkola . Tematem naszego spotkania by\u0142y owoce i warzywa.<\/p>\n<p>Uczniowie klasy III &#8211; Marcel Szmigiel, Kamil Kasztelan i Kewin Drzewiecki przygotowali oraz zaprezentowali utwory z nutk\u0105 witaminow\u0105. Wys\u0142uchali\u015bmy wierszy J. Tuwima \u201eWarzywa\u201d, J. Brzechwy \u201ePomidor\u201d, \u201eArbuz\u201d, oraz wiersza S. Karaszewskiego \u201eWitaminowe abecad\u0142o\u201d.<\/p>\n<div id='gallery-1' class='gallery galleryid-1834 gallery-columns-3 gallery-size-thumbnail'><figure class='gallery-item'>\n\t\t\t<div class='gallery-icon landscape'>\n\t\t\t\t<a href='https:\/\/bibliotekamoscisko.pl\/?attachment_id=1835'><img decoding=\"async\" width=\"150\" height=\"150\" src=\"https:\/\/bibliotekamoscisko.pl\/wp-content\/uploads\/2015\/06\/IMG_2342-150x150.jpeg\" class=\"attachment-thumbnail size-thumbnail\" alt=\"\" \/><\/a>\n\t\t\t<\/div><\/figure><figure class='gallery-item'>\n\t\t\t<div class='gallery-icon landscape'>\n\t\t\t\t<a href='https:\/\/bibliotekamoscisko.pl\/?attachment_id=1836'><img decoding=\"async\" width=\"150\" height=\"150\" src=\"https:\/\/bibliotekamoscisko.pl\/wp-content\/uploads\/2015\/06\/IMG_2345-150x150.jpeg\" class=\"attachment-thumbnail size-thumbnail\" alt=\"\" \/><\/a>\n\t\t\t<\/div><\/figure><figure class='gallery-item'>\n\t\t\t<div class='gallery-icon landscape'>\n\t\t\t\t<a href='https:\/\/bibliotekamoscisko.pl\/?attachment_id=1837'><img decoding=\"async\" width=\"150\" height=\"150\" src=\"https:\/\/bibliotekamoscisko.pl\/wp-content\/uploads\/2015\/06\/IMG_2362-150x150.jpeg\" class=\"attachment-thumbnail size-thumbnail\" alt=\"\" \/><\/a>\n\t\t\t<\/div><\/figure><figure class='gallery-item'>\n\t\t\t<div class='gallery-icon landscape'>\n\t\t\t\t<a href='https:\/\/bibliotekamoscisko.pl\/?attachment_id=1838'><img loading=\"lazy\" decoding=\"async\" width=\"150\" height=\"150\" src=\"https:\/\/bibliotekamoscisko.pl\/wp-content\/uploads\/2015\/06\/IMG_2366-150x150.jpeg\" class=\"attachment-thumbnail size-thumbnail\" alt=\"\" \/><\/a>\n\t\t\t<\/div><\/figure><figure class='gallery-item'>\n\t\t\t<div class='gallery-icon landscape'>\n\t\t\t\t<a href='https:\/\/bibliotekamoscisko.pl\/?attachment_id=1839'><img loading=\"lazy\" decoding=\"async\" width=\"150\" height=\"150\" src=\"https:\/\/bibliotekamoscisko.pl\/wp-content\/uploads\/2015\/06\/IMG_2369-150x150.jpeg\" class=\"attachment-thumbnail size-thumbnail\" alt=\"\" \/><\/a>\n\t\t\t<\/div><\/figure><figure class='gallery-item'>\n\t\t\t<div class='gallery-icon landscape'>\n\t\t\t\t<a href='https:\/\/bibliotekamoscisko.pl\/?attachment_id=1840'><img loading=\"lazy\" decoding=\"async\" width=\"150\" height=\"150\" src=\"https:\/\/bibliotekamoscisko.pl\/wp-content\/uploads\/2015\/06\/IMG_2372-150x150.jpeg\" class=\"attachment-thumbnail size-thumbnail\" alt=\"\" \/><\/a>\n\t\t\t<\/div><\/figure>\n\t\t<\/div>\n\n<p>Po wys\u0142uchaniu utwor\u00f3w, dzieci m\u00f3wi\u0142y \u00a0o owocach i warzywach, kt\u00f3re zapami\u0119ta\u0142y z tekstu. Rozmawiali\u015bmy o tym w jakiej postaci mo\u017cemy je spo\u017cywa\u0107 \u2013 mro\u017cone, gotowane, jako sok czy sur\u00f3wka. By\u0142a te\u017c zabawa edukacyjna\u00a0 &#8211; Potrzebna pomoc, jaki to owoc? \u00a0&#8211; \u201eMa \u017c\u00f3\u0142t\u0105 sk\u00f3rk\u0119 , kwa\u015bny smak\u201d (cytryna).<\/p>\n<p>Sednem naszego spotkania by\u0142o wsp\u00f3lne przygotowanie sa\u0142atki owocowej. W misach znalaz\u0142y si\u0119 smakowite jab\u0142ka, banany, truskawki, brzoskwinie, mango, kiwi i wiele innych witaminek. Po wymieszaniu znalaz\u0142y si\u0119\u00a0 na talerzykach maluch\u00f3w, kt\u00f3re z apetytem zjada\u0142y te owocowe smako\u0142yki. Spotkanie up\u0142yn\u0119\u0142o nam szybko i smakowicie.<\/p>\n<p>Wszystkim Dzieciom \u017cyczymy du\u017co zdr\u00f3wka i rado\u015bci. Moc u\u015bmiechu i s\u0142odko\u015bci owocowych przez ca\u0142y rok.<\/p>\n<p>&nbsp;<\/p>\n<p>Wanda Kun<\/p>\n<p><em>\u00a0<\/em><\/p>\n","protected":false},"excerpt":{"rendered":"<p>03 czerwca Bibliotek\u0119 Publiczno-Szkoln\u0105 w Pi\u0142awie Dolnej odwiedzi\u0142y dzieci z Pi\u0142awskiego przedszkola . Tematem naszego spotkania by\u0142y owoce i warzywa. Uczniowie klasy III &#8211; Marcel Szmigiel, Kamil Kasztelan i Kewin [&hellip;]<\/p>\n","protected":false},"author":1,"featured_media":1839,"comment_status":"closed","ping_status":"open","sticky":false,"template":"","format":"standard","meta":{"ngg_post_thumbnail":0,"footnotes":""},"categories":[1],"tags":[],"class_list":["post-1834","post","type-post","status-publish","format-standard","has-post-thumbnail","hentry","category-uncategorized"],"_links":{"self":[{"href":"https:\/\/bibliotekamoscisko.pl\/index.php?rest_route=\/wp\/v2\/posts\/1834","targetHints":{"allow":["GET"]}}],"collection":[{"href":"https:\/\/bibliotekamoscisko.pl\/index.php?rest_route=\/wp\/v2\/posts"}],"about":[{"href":"https:\/\/bibliotekamoscisko.pl\/index.php?rest_route=\/wp\/v2\/types\/post"}],"author":[{"embeddable":true,"href":"https:\/\/bibliotekamoscisko.pl\/index.php?rest_route=\/wp\/v2\/users\/1"}],"replies":[{"embeddable":true,"href":"https:\/\/bibliotekamoscisko.pl\/index.php?rest_route=%2Fwp%2Fv2%2Fcomments&post=1834"}],"version-history":[{"count":1,"href":"https:\/\/bibliotekamoscisko.pl\/index.php?rest_route=\/wp\/v2\/posts\/1834\/revisions"}],"predecessor-version":[{"id":1841,"href":"https:\/\/bibliotekamoscisko.pl\/index.php?rest_route=\/wp\/v2\/posts\/1834\/revisions\/1841"}],"wp:featuredmedia":[{"embeddable":true,"href":"https:\/\/bibliotekamoscisko.pl\/index.php?rest_route=\/wp\/v2\/media\/1839"}],"wp:attachment":[{"href":"https:\/\/bibliotekamoscisko.pl\/index.php?rest_route=%2Fwp%2Fv2%2Fmedia&parent=1834"}],"wp:term":[{"taxonomy":"category","embeddable":true,"href":"https:\/\/bibliotekamoscisko.pl\/index.php?rest_route=%2Fwp%2Fv2%2Fcategories&post=1834"},{"taxonomy":"post_tag","embeddable":true,"href":"https:\/\/bibliotekamoscisko.pl\/index.php?rest_route=%2Fwp%2Fv2%2Ftags&post=1834"}],"curies":[{"name":"wp","href":"https:\/\/api.w.org\/{rel}","templated":true}]}}