{"id":1869,"date":"2015-06-19T12:59:46","date_gmt":"2015-06-19T12:59:46","guid":{"rendered":"http:\/\/bibliotekamoscisko.pl\/?p=1869"},"modified":"2015-06-19T12:59:46","modified_gmt":"2015-06-19T12:59:46","slug":"miedzynarodowe-zespoly-folklorystyczne-odwiedza-gmine-dzierzoniow","status":"publish","type":"post","link":"https:\/\/bibliotekamoscisko.pl\/?p=1869","title":{"rendered":"Mi\u0119dzynarodowe zespo\u0142y folklorystyczne odwiedz\u0105 gmin\u0119 Dzier\u017coni\u00f3w"},"content":{"rendered":"<p>Serdecznie zapraszamy na XXVI edycj\u0119 Mi\u0119dzynarodowego Festiwalu Folklorystycznego &#8222;Bukowi\u0144skie spotkania&#8221;. To wyj\u0105tkowe przedsi\u0119wzi\u0119cie promuj\u0105ce kultur\u0119 Bukowiny, regionu po\u0142o\u017conego w Karpatach Wschodnich, na obecnym pograniczu ukrai\u0144sko-rumu\u0144skim.<\/p>\n<p>W festiwalu b\u0119d\u0105 uczestniczyli reprezentanci wszystkich bukowi\u0144skich nacji, a tak\u017ce wszystkich nurt\u00f3w folkloru. Odwiedz\u0105 nas zespo\u0142y z<strong>Mo\u0142dawii, Rumunii, S\u0142owacji, W\u0119gier, Ukrainy i Polski<\/strong>.<\/p>\n<p>G\u0142\u00f3wnym celem wydarzenia jest prezentacja bogatego folkloru wielonarodowo\u015bciowego regionu, jakim do dzi\u015b pozostaje Bukowina, a tak\u017ce jej fenomenu spo\u0142ecznego i kulturowego opartego na tolerancji i dobros\u0105siedztwie, kt\u00f3ry zjedna\u0142 jej przydomek &#8222;Ma\u0142ej Europy&#8221;, czy &#8222;Szwajcarii Wschodu&#8221;. Na terenie naszej gminy tradycj\u0119 bukowi\u0144skiego folkloru od wielu lat podtrzymuje <strong>Zesp\u00f3\u0142 Pie\u015bni i Ta\u0144ca G\u00f3rali Czadeckich Pojana<\/strong>.<\/p>\n<p>Festiwal rozpocznie si\u0119 <strong>w pi\u0105tek 19 czerwca 2015 r<\/strong>. otwarciem wystawy festiwalowej w Muzeum Miejskim Dzier\u017coniowa. Z kolei w sobot\u0119 20 czerwca zespo\u0142y folklorystyczne z Mo\u0142dawii, Rumunii, S\u0142owacji, Ukrainy, W\u0119gier i Polski wyst\u0105pi\u0105 na cyklicznej imprezie gminnej <strong>&#8222;Spotkania z kultur\u0105 i histori\u0105 na zamku w Owie\u015bnie&#8221;<\/strong>.<\/p>\n<p>W niedziel\u0119 21 czerwca odb\u0119dzie si\u0119 g\u0142\u00f3wna cz\u0119\u015b\u0107 festiwalu &#8211; ulicami Mickiewicza i \u015awidnick\u0105 w Dzier\u017coniowie przejdzie korow\u00f3d festiwalowy, a o 15:30 na dzier\u017coniowskim Rynku zaprezentuj\u0105 si\u0119 wszystkie zespo\u0142y folklorystyczne.<\/p>\n<p>Uroczysto\u015bci zako\u0144cz\u0105 si\u0119 w poniedzia\u0142ek 21 czerwca warsztatami z udzia\u0142em zespo\u0142\u00f3w zagranicznych w gminnych plac\u00f3wkach o\u015bwiatowych oraz spotkaniem wszystkich uczestnik\u00f3w festiwalu w Mo\u015bcisku.<\/p>\n<p>Wydarzenie honorowym patronatem obj\u0105\u0142 Marsza\u0142ek Wojew\u00f3dztwa Dolno\u015bl\u0105skiego Cezary Przybylski.<\/p>\n<p>Informacja ze strony\u00a0http:\/\/www.ug.dzierzoniow.pl\/<\/p>\n","protected":false},"excerpt":{"rendered":"<p>Serdecznie zapraszamy na XXVI edycj\u0119 Mi\u0119dzynarodowego Festiwalu Folklorystycznego &#8222;Bukowi\u0144skie spotkania&#8221;. To wyj\u0105tkowe przedsi\u0119wzi\u0119cie promuj\u0105ce kultur\u0119 Bukowiny, regionu po\u0142o\u017conego w Karpatach Wschodnich, na obecnym pograniczu ukrai\u0144sko-rumu\u0144skim. W festiwalu b\u0119d\u0105 uczestniczyli reprezentanci [&hellip;]<\/p>\n","protected":false},"author":1,"featured_media":1870,"comment_status":"closed","ping_status":"open","sticky":false,"template":"","format":"standard","meta":{"ngg_post_thumbnail":0,"footnotes":""},"categories":[1],"tags":[],"class_list":["post-1869","post","type-post","status-publish","format-standard","has-post-thumbnail","hentry","category-uncategorized"],"_links":{"self":[{"href":"https:\/\/bibliotekamoscisko.pl\/index.php?rest_route=\/wp\/v2\/posts\/1869","targetHints":{"allow":["GET"]}}],"collection":[{"href":"https:\/\/bibliotekamoscisko.pl\/index.php?rest_route=\/wp\/v2\/posts"}],"about":[{"href":"https:\/\/bibliotekamoscisko.pl\/index.php?rest_route=\/wp\/v2\/types\/post"}],"author":[{"embeddable":true,"href":"https:\/\/bibliotekamoscisko.pl\/index.php?rest_route=\/wp\/v2\/users\/1"}],"replies":[{"embeddable":true,"href":"https:\/\/bibliotekamoscisko.pl\/index.php?rest_route=%2Fwp%2Fv2%2Fcomments&post=1869"}],"version-history":[{"count":1,"href":"https:\/\/bibliotekamoscisko.pl\/index.php?rest_route=\/wp\/v2\/posts\/1869\/revisions"}],"predecessor-version":[{"id":1871,"href":"https:\/\/bibliotekamoscisko.pl\/index.php?rest_route=\/wp\/v2\/posts\/1869\/revisions\/1871"}],"wp:featuredmedia":[{"embeddable":true,"href":"https:\/\/bibliotekamoscisko.pl\/index.php?rest_route=\/wp\/v2\/media\/1870"}],"wp:attachment":[{"href":"https:\/\/bibliotekamoscisko.pl\/index.php?rest_route=%2Fwp%2Fv2%2Fmedia&parent=1869"}],"wp:term":[{"taxonomy":"category","embeddable":true,"href":"https:\/\/bibliotekamoscisko.pl\/index.php?rest_route=%2Fwp%2Fv2%2Fcategories&post=1869"},{"taxonomy":"post_tag","embeddable":true,"href":"https:\/\/bibliotekamoscisko.pl\/index.php?rest_route=%2Fwp%2Fv2%2Ftags&post=1869"}],"curies":[{"name":"wp","href":"https:\/\/api.w.org\/{rel}","templated":true}]}}