{"id":1922,"date":"2015-07-21T12:53:36","date_gmt":"2015-07-21T12:53:36","guid":{"rendered":"http:\/\/bibliotekamoscisko.pl\/?p=1922"},"modified":"2015-07-21T12:53:36","modified_gmt":"2015-07-21T12:53:36","slug":"galeria-pelna-komiksow","status":"publish","type":"post","link":"https:\/\/bibliotekamoscisko.pl\/?p=1922","title":{"rendered":"Galeria pe\u0142na komiks\u00f3w"},"content":{"rendered":"<p><a href=\"http:\/\/bibliotekamoscisko.pl\/wp-content\/uploads\/2015\/07\/galeria-zaproszenie.jpg\"><img fetchpriority=\"high\" decoding=\"async\" class=\"aligncenter size-medium wp-image-1923\" src=\"http:\/\/bibliotekamoscisko.pl\/wp-content\/uploads\/2015\/07\/galeria-zaproszenie-300x214.jpg\" alt=\"galeria zaproszenie\" width=\"300\" height=\"214\" srcset=\"https:\/\/bibliotekamoscisko.pl\/wp-content\/uploads\/2015\/07\/galeria-zaproszenie-300x214.jpg 300w, https:\/\/bibliotekamoscisko.pl\/wp-content\/uploads\/2015\/07\/galeria-zaproszenie.jpg 876w\" sizes=\"(max-width: 300px) 100vw, 300px\" \/><\/a><\/p>\n<p>W Mo\u015bcisku zako\u0144czy\u0142y si\u0119 dzieci\u0119ce spotkania z komiksem. Ta cz\u0119sto niedoceniana nisza literacka, b\u0119d\u0105ca na granicy kultury masowej i wy\u017cszej, \u0142\u0105cz\u0105c sztuk\u0119 wizualn\u0105 z narracyjn\u0105, sta\u0142a si\u0119 niezwykle atrakcyjn\u0105 form\u0105 wyrazu dla m\u0142odego odbiorcy. Wykorzystali to wolontariusze z Fundacji Lotto Milion Marze\u0144, dzi\u0119ki kt\u00f3rym komiks zawita\u0142 do Biblioteki w Mo\u015bcisku. Swoje pierwsze kroki dzieci mog\u0142y wykona\u0107 pod profesjonaln\u0105 opiek\u0105 Szymona Teluka, ilustratora i rysownika komiks\u00f3w. Jego wskaz\u00f3wki i cenne rady pomog\u0142y prze\u0142ama\u0107 niepewno\u015b\u0107 i uwolni\u0107 wyobra\u017ani\u0119. Uczestnicy warsztat\u00f3w mogli nauczy\u0107 si\u0119 m.in. jak kreowa\u0107 w\u0142asnych fikcyjnych bohater\u00f3w i konstruowa\u0107 wymy\u015blone narracje. Kolejne dni upewnia\u0142y wszystkich, \u017ce warto pomaga\u0107 bezinteresownie. Lista wolontariuszy wyd\u0142u\u017ca\u0142a si\u0119 i dzi\u0119ki nim mo\u017cna by\u0142o zrealizowa\u0107 milion r\u00f3\u017cnych spraw zwi\u0105zanych z akcj\u0105. Dodatkow\u0105 atrakcj\u0105 jest stworzony przez wolontariuszy w Bibliotece w Mo\u015bcisku nowy dzia\u0142 komiksowy dla dzieci. Mo\u017cna tu znale\u017a\u0107 zar\u00f3wno tytu\u0142y uznane ju\u017c za kanon dzie\u0142 komiksowych jak i kilka najnowszych efekt\u00f3w \u015bwiatowej i polskiej sztuki komiksowej.<\/p>\n<p>W najbli\u017cszy pi\u0105tek, 24 lipca o godz. 17.00, zapraszamy do Galerii Biblioteki w Mo\u015bcisku na wernisa\u017c wystawy \u201eKomiksowy zawr\u00f3t g\u0142owy\u201d. B\u0119dzie mo\u017cna na niej zobaczy\u0107 wybrane prace, kt\u00f3re powsta\u0142y podczas dw\u00f3ch tygodni intensywnych, lecz niezwykle inspiruj\u0105cych i r\u00f3\u017cnorodnych zaj\u0119\u0107. Zajrzyjcie i przekonajcie si\u0119 sami jak trafne s\u0105 s\u0142owa, kt\u00f3re wypowiedzia\u0142 A. de Saint \u2013 Exupery: \u201eWspania\u0142e pomys\u0142y kosztuj\u0105 grosze; bezcenni s\u0105 ludzie co je urzeczywistniaj\u0105\u201d.<\/p>\n<p>D.W.<\/p>\n","protected":false},"excerpt":{"rendered":"<p>W Mo\u015bcisku zako\u0144czy\u0142y si\u0119 dzieci\u0119ce spotkania z komiksem. Ta cz\u0119sto niedoceniana nisza literacka, b\u0119d\u0105ca na granicy kultury masowej i wy\u017cszej, \u0142\u0105cz\u0105c sztuk\u0119 wizualn\u0105 z narracyjn\u0105, sta\u0142a si\u0119 niezwykle atrakcyjn\u0105 form\u0105 [&hellip;]<\/p>\n","protected":false},"author":1,"featured_media":1924,"comment_status":"closed","ping_status":"open","sticky":false,"template":"","format":"standard","meta":{"ngg_post_thumbnail":0,"footnotes":""},"categories":[1],"tags":[],"class_list":["post-1922","post","type-post","status-publish","format-standard","has-post-thumbnail","hentry","category-uncategorized"],"_links":{"self":[{"href":"https:\/\/bibliotekamoscisko.pl\/index.php?rest_route=\/wp\/v2\/posts\/1922","targetHints":{"allow":["GET"]}}],"collection":[{"href":"https:\/\/bibliotekamoscisko.pl\/index.php?rest_route=\/wp\/v2\/posts"}],"about":[{"href":"https:\/\/bibliotekamoscisko.pl\/index.php?rest_route=\/wp\/v2\/types\/post"}],"author":[{"embeddable":true,"href":"https:\/\/bibliotekamoscisko.pl\/index.php?rest_route=\/wp\/v2\/users\/1"}],"replies":[{"embeddable":true,"href":"https:\/\/bibliotekamoscisko.pl\/index.php?rest_route=%2Fwp%2Fv2%2Fcomments&post=1922"}],"version-history":[{"count":1,"href":"https:\/\/bibliotekamoscisko.pl\/index.php?rest_route=\/wp\/v2\/posts\/1922\/revisions"}],"predecessor-version":[{"id":1925,"href":"https:\/\/bibliotekamoscisko.pl\/index.php?rest_route=\/wp\/v2\/posts\/1922\/revisions\/1925"}],"wp:featuredmedia":[{"embeddable":true,"href":"https:\/\/bibliotekamoscisko.pl\/index.php?rest_route=\/wp\/v2\/media\/1924"}],"wp:attachment":[{"href":"https:\/\/bibliotekamoscisko.pl\/index.php?rest_route=%2Fwp%2Fv2%2Fmedia&parent=1922"}],"wp:term":[{"taxonomy":"category","embeddable":true,"href":"https:\/\/bibliotekamoscisko.pl\/index.php?rest_route=%2Fwp%2Fv2%2Fcategories&post=1922"},{"taxonomy":"post_tag","embeddable":true,"href":"https:\/\/bibliotekamoscisko.pl\/index.php?rest_route=%2Fwp%2Fv2%2Ftags&post=1922"}],"curies":[{"name":"wp","href":"https:\/\/api.w.org\/{rel}","templated":true}]}}