{"id":1932,"date":"2015-08-19T08:34:45","date_gmt":"2015-08-19T08:34:45","guid":{"rendered":"http:\/\/bibliotekamoscisko.pl\/?p=1932"},"modified":"2015-09-02T13:20:02","modified_gmt":"2015-09-02T13:20:02","slug":"koronka-klockowa-elzbiety-struzik","status":"publish","type":"post","link":"https:\/\/bibliotekamoscisko.pl\/?p=1932","title":{"rendered":"Koronka klockowa El\u017cbiety Struzik"},"content":{"rendered":"<p>EL\u017bBIETA STRUZIK<\/p>\n<p>Laureatka wielu nagr\u00f3d i wyr\u00f3\u017cnie\u0144, m.in.:<\/p>\n<p>2009 r. &#8211; III nagroda &#8211; 6 Dolno\u015bl\u0105ski Przegl\u0105d Tw\u00f3rczo\u015bci &#8211; \u00a0Ludowe i Artystyczne R\u0119kodzie\u0142o w Dzier\u017coniowie;<\/p>\n<p>2013 r. &#8211; wyr\u00f3\u017cnienie &#8211; 7 Dolno\u015bl\u0105ski Przegl\u0105d Tw\u00f3rczo\u015bci &#8211; \u00a0Ludowe i Artystyczne R\u0119kodzie\u0142o w Dzier\u017coniowie;<\/p>\n<p>2014 r. &#8211; II nagroda &#8211; Konkurs R\u0119kodzie\u0142a w Mieroszowie<\/p>\n<p>2014 r. &#8211; II nagroda &#8211; XIV Og\u00f3lnopolski Konkurs Sztuki Nieprofesjonalnej im. Emilii Michalskiej w Strumieniu.<\/p>\n<p><strong>\u00a0 \u00a0 \u00a0 \u00a0 \u00a0 \u00a0 \u00a0 \u00a0 \u00a0 \u00a0 \u00a0 \u00a0 \u00a0 \u00a0 \u00a0 \u00a0 \u00a0 \u00a0 \u00a0 \u00a0 \u00a0 \u00a0 \u00a0 \u00a0 \u00a0 \u00a0 \u00a0 \u00a0 \u00a0 \u00a0 <span style=\"text-decoration: underline;\">\u00a0 wernisa\u017c &#8211; 12 wrze\u015bnia, godz. 16.00<\/span><\/strong><\/p>\n<p><a href=\"http:\/\/bibliotekamoscisko.pl\/wp-content\/uploads\/2015\/08\/plakat-2.jpg\"><img fetchpriority=\"high\" decoding=\"async\" class=\"aligncenter wp-image-1933 \" src=\"http:\/\/bibliotekamoscisko.pl\/wp-content\/uploads\/2015\/08\/plakat-2-1024x553.jpg\" alt=\"OLYMPUS DIGITAL CAMERA\" width=\"824\" height=\"445\" srcset=\"https:\/\/bibliotekamoscisko.pl\/wp-content\/uploads\/2015\/08\/plakat-2-1024x553.jpg 1024w, https:\/\/bibliotekamoscisko.pl\/wp-content\/uploads\/2015\/08\/plakat-2-300x162.jpg 300w, https:\/\/bibliotekamoscisko.pl\/wp-content\/uploads\/2015\/08\/plakat-2.jpg 1728w\" sizes=\"(max-width: 824px) 100vw, 824px\" \/><\/a><\/p>\n<p><strong>Zapraszamy na kurs koronki klockowej \u2013 pa\u017adziernik 2015<\/strong><\/p>\n<p><strong>Informacje i zapisy:<\/strong><\/p>\n<p>Biblioteka Publiczna Gminy Dzier\u017coni\u00f3w z\/s w Mo\u015bcisku, ul. Kolejowa 12 b, tel. 74\u00a0830 31 42<\/p>\n<p>biblioteka.moscisko@wp.pl<\/p>\n","protected":false},"excerpt":{"rendered":"<p>EL\u017bBIETA STRUZIK Laureatka wielu nagr\u00f3d i wyr\u00f3\u017cnie\u0144, m.in.: 2009 r. &#8211; III nagroda &#8211; 6 Dolno\u015bl\u0105ski Przegl\u0105d Tw\u00f3rczo\u015bci &#8211; \u00a0Ludowe i Artystyczne R\u0119kodzie\u0142o w Dzier\u017coniowie; 2013 r. &#8211; wyr\u00f3\u017cnienie &#8211; [&hellip;]<\/p>\n","protected":false},"author":1,"featured_media":1934,"comment_status":"closed","ping_status":"open","sticky":false,"template":"","format":"standard","meta":{"ngg_post_thumbnail":0,"footnotes":""},"categories":[1],"tags":[],"class_list":["post-1932","post","type-post","status-publish","format-standard","has-post-thumbnail","hentry","category-uncategorized"],"_links":{"self":[{"href":"https:\/\/bibliotekamoscisko.pl\/index.php?rest_route=\/wp\/v2\/posts\/1932","targetHints":{"allow":["GET"]}}],"collection":[{"href":"https:\/\/bibliotekamoscisko.pl\/index.php?rest_route=\/wp\/v2\/posts"}],"about":[{"href":"https:\/\/bibliotekamoscisko.pl\/index.php?rest_route=\/wp\/v2\/types\/post"}],"author":[{"embeddable":true,"href":"https:\/\/bibliotekamoscisko.pl\/index.php?rest_route=\/wp\/v2\/users\/1"}],"replies":[{"embeddable":true,"href":"https:\/\/bibliotekamoscisko.pl\/index.php?rest_route=%2Fwp%2Fv2%2Fcomments&post=1932"}],"version-history":[{"count":2,"href":"https:\/\/bibliotekamoscisko.pl\/index.php?rest_route=\/wp\/v2\/posts\/1932\/revisions"}],"predecessor-version":[{"id":1941,"href":"https:\/\/bibliotekamoscisko.pl\/index.php?rest_route=\/wp\/v2\/posts\/1932\/revisions\/1941"}],"wp:featuredmedia":[{"embeddable":true,"href":"https:\/\/bibliotekamoscisko.pl\/index.php?rest_route=\/wp\/v2\/media\/1934"}],"wp:attachment":[{"href":"https:\/\/bibliotekamoscisko.pl\/index.php?rest_route=%2Fwp%2Fv2%2Fmedia&parent=1932"}],"wp:term":[{"taxonomy":"category","embeddable":true,"href":"https:\/\/bibliotekamoscisko.pl\/index.php?rest_route=%2Fwp%2Fv2%2Fcategories&post=1932"},{"taxonomy":"post_tag","embeddable":true,"href":"https:\/\/bibliotekamoscisko.pl\/index.php?rest_route=%2Fwp%2Fv2%2Ftags&post=1932"}],"curies":[{"name":"wp","href":"https:\/\/api.w.org\/{rel}","templated":true}]}}