{"id":2033,"date":"2015-10-09T12:55:34","date_gmt":"2015-10-09T12:55:34","guid":{"rendered":"http:\/\/bibliotekamoscisko.pl\/?p=2033"},"modified":"2015-10-09T12:55:34","modified_gmt":"2015-10-09T12:55:34","slug":"obrzedy-i-zwyczaje-polskiej-wsi","status":"publish","type":"post","link":"https:\/\/bibliotekamoscisko.pl\/?p=2033","title":{"rendered":"Obrz\u0119dy i zwyczaje polskiej wsi"},"content":{"rendered":"<p>6 pa\u017adziernika \u00a0Biblioteka w Pi\u0142awie Dolnej zaprosi\u0142a dzieci z klas V i VI na interesuj\u0105c\u0105 prelekcj\u0119\u00a0pt. \u201eObrz\u0119dy, zwyczaje polskiej wsi na podstawie utwor\u00f3w W\u0142adys\u0142awa Reymonta\u201d. Prelekcja po\u0142\u0105czona by\u0142a prezentacj\u0105 multimedialn\u0105. Nad merytoryczn\u0105 stron\u0105 spotkania czuwa\u0142a historyk\u00a0Renata Kajkowska, przedstawiaj\u0105c fakty w spos\u00f3b przyst\u0119pny i obrazowy.<\/p>\n<div id='gallery-1' class='gallery galleryid-2033 gallery-columns-3 gallery-size-thumbnail'><figure class='gallery-item'>\n\t\t\t<div class='gallery-icon landscape'>\n\t\t\t\t<a href='https:\/\/bibliotekamoscisko.pl\/?attachment_id=2034'><img decoding=\"async\" width=\"150\" height=\"150\" src=\"https:\/\/bibliotekamoscisko.pl\/wp-content\/uploads\/2015\/10\/IMG_2664-150x150.jpeg\" class=\"attachment-thumbnail size-thumbnail\" alt=\"\" \/><\/a>\n\t\t\t<\/div><\/figure><figure class='gallery-item'>\n\t\t\t<div class='gallery-icon landscape'>\n\t\t\t\t<a href='https:\/\/bibliotekamoscisko.pl\/?attachment_id=2035'><img decoding=\"async\" width=\"150\" height=\"150\" src=\"https:\/\/bibliotekamoscisko.pl\/wp-content\/uploads\/2015\/10\/IMG_2666-150x150.jpeg\" class=\"attachment-thumbnail size-thumbnail\" alt=\"\" \/><\/a>\n\t\t\t<\/div><\/figure><figure class='gallery-item'>\n\t\t\t<div class='gallery-icon portrait'>\n\t\t\t\t<a href='https:\/\/bibliotekamoscisko.pl\/?attachment_id=2036'><img decoding=\"async\" width=\"150\" height=\"150\" src=\"https:\/\/bibliotekamoscisko.pl\/wp-content\/uploads\/2015\/10\/IMG_2669-150x150.jpeg\" class=\"attachment-thumbnail size-thumbnail\" alt=\"\" \/><\/a>\n\t\t\t<\/div><\/figure><figure class='gallery-item'>\n\t\t\t<div class='gallery-icon landscape'>\n\t\t\t\t<a href='https:\/\/bibliotekamoscisko.pl\/?attachment_id=2037'><img loading=\"lazy\" decoding=\"async\" width=\"150\" height=\"150\" src=\"https:\/\/bibliotekamoscisko.pl\/wp-content\/uploads\/2015\/10\/IMG_2672-150x150.jpeg\" class=\"attachment-thumbnail size-thumbnail\" alt=\"\" \/><\/a>\n\t\t\t<\/div><\/figure><figure class='gallery-item'>\n\t\t\t<div class='gallery-icon landscape'>\n\t\t\t\t<a href='https:\/\/bibliotekamoscisko.pl\/?attachment_id=2038'><img loading=\"lazy\" decoding=\"async\" width=\"150\" height=\"150\" src=\"https:\/\/bibliotekamoscisko.pl\/wp-content\/uploads\/2015\/10\/IMG_2673-150x150.jpeg\" class=\"attachment-thumbnail size-thumbnail\" alt=\"\" \/><\/a>\n\t\t\t<\/div><\/figure><figure class='gallery-item'>\n\t\t\t<div class='gallery-icon portrait'>\n\t\t\t\t<a href='https:\/\/bibliotekamoscisko.pl\/?attachment_id=2039'><img loading=\"lazy\" decoding=\"async\" width=\"150\" height=\"150\" src=\"https:\/\/bibliotekamoscisko.pl\/wp-content\/uploads\/2015\/10\/IMG_2678-150x150.jpeg\" class=\"attachment-thumbnail size-thumbnail\" alt=\"\" \/><\/a>\n\t\t\t<\/div><\/figure>\n\t\t<\/div>\n\n<p>W\u0142adys\u0142aw Reymont \u2013 polski pisarz, prozaik, jeden z g\u0142\u00f3wnych przedstawicieli realizmu i naturalizmu w prozie M\u0142odej Polski. Znakomity obserwator \u017cycia spo\u0142ecze\u0144stwa wiejskiego jak i miejskiego. W epopei ch\u0142opskiej \u2013 \u201eCh\u0142opi&#8221;, ukaza\u0142 nam nie tylko codzienno\u015b\u0107, troski \u017cycia wsi polskiej, ale jej pi\u0119kne obrz\u0119dy i zwyczaje. Wiele z nich wi\u0105za\u0142o si\u0119 z porami roku i przypisywano im szczeg\u00f3lne znaczenie. Kalendarz \u015bwi\u0105t \u0142\u0105czy\u0142 si\u0119 \u015bci\u015ble ze zjawiskami zachodz\u0105cym w cyklu przyrody.\u00a0Jesie\u0144 \u2013 to do\u017cynki, dzie\u0144 zaduszny, Katarzynki, Andrzejki i wr\u00f3\u017cby. Zima \u2013 to Adwent, Wigilia \u2013 choinka, op\u0142atek, strzelanie z bicza. Bo\u017ce Narodzenie \u2013 kol\u0119dy zapusty. Z przedwio\u015bniem zwi\u0105zane s\u0105 ostatki zwane mi\u0119sopustem, wodzenie nied\u017awiedzia. Powitanie wiosny \u2013 weso\u0142e korowody nazywane Gaikami, Niedziela Palmowa, Wielki Tydzie\u0144, wyp\u0119dzanie Judasza.\u00a0Lato to przede wszystkim Zielone \u015awi\u0105tki, Bo\u017ce Cia\u0142o, Wniebowzi\u0119cie Matki Bo\u017cej.<\/p>\n<p>Dzieci w bibliotece mog\u0142y podziwia\u0107 pi\u0119kny wieniec do\u017cynkowy, za kt\u00f3rego wykonanie dzi\u0119kujemy paniom z Pilawy Dolnej. Podziwiamy talent i z\u0142ote r\u0119ce.\u00a0 Podzi\u0119kowania nale\u017c\u0105 si\u0119 r\u00f3wnie\u017c ksi\u0119dzu proboszczowi z Pi\u0142awy Dolnej \u2013 \u00a0Leszkowi Baranowskiemu, kt\u00f3ry u\u017cyczy\u0142 bibliotece ten wyj\u0105tkowy wieniec, a \u00a0panu so\u0142tysowi Adamowi Bulkowi za dostarczenie do plac\u00f3wki.<\/p>\n<p>Dzi\u0119kuj\u0119 za spotkanie<\/p>\n<p>Wanda Kun<\/p>\n","protected":false},"excerpt":{"rendered":"<p>6 pa\u017adziernika \u00a0Biblioteka w Pi\u0142awie Dolnej zaprosi\u0142a dzieci z klas V i VI na interesuj\u0105c\u0105 prelekcj\u0119\u00a0pt. \u201eObrz\u0119dy, zwyczaje polskiej wsi na podstawie utwor\u00f3w W\u0142adys\u0142awa Reymonta\u201d. Prelekcja po\u0142\u0105czona by\u0142a prezentacj\u0105 multimedialn\u0105. [&hellip;]<\/p>\n","protected":false},"author":1,"featured_media":2039,"comment_status":"closed","ping_status":"open","sticky":false,"template":"","format":"standard","meta":{"ngg_post_thumbnail":0,"footnotes":""},"categories":[1],"tags":[],"class_list":["post-2033","post","type-post","status-publish","format-standard","has-post-thumbnail","hentry","category-uncategorized"],"_links":{"self":[{"href":"https:\/\/bibliotekamoscisko.pl\/index.php?rest_route=\/wp\/v2\/posts\/2033","targetHints":{"allow":["GET"]}}],"collection":[{"href":"https:\/\/bibliotekamoscisko.pl\/index.php?rest_route=\/wp\/v2\/posts"}],"about":[{"href":"https:\/\/bibliotekamoscisko.pl\/index.php?rest_route=\/wp\/v2\/types\/post"}],"author":[{"embeddable":true,"href":"https:\/\/bibliotekamoscisko.pl\/index.php?rest_route=\/wp\/v2\/users\/1"}],"replies":[{"embeddable":true,"href":"https:\/\/bibliotekamoscisko.pl\/index.php?rest_route=%2Fwp%2Fv2%2Fcomments&post=2033"}],"version-history":[{"count":1,"href":"https:\/\/bibliotekamoscisko.pl\/index.php?rest_route=\/wp\/v2\/posts\/2033\/revisions"}],"predecessor-version":[{"id":2040,"href":"https:\/\/bibliotekamoscisko.pl\/index.php?rest_route=\/wp\/v2\/posts\/2033\/revisions\/2040"}],"wp:featuredmedia":[{"embeddable":true,"href":"https:\/\/bibliotekamoscisko.pl\/index.php?rest_route=\/wp\/v2\/media\/2039"}],"wp:attachment":[{"href":"https:\/\/bibliotekamoscisko.pl\/index.php?rest_route=%2Fwp%2Fv2%2Fmedia&parent=2033"}],"wp:term":[{"taxonomy":"category","embeddable":true,"href":"https:\/\/bibliotekamoscisko.pl\/index.php?rest_route=%2Fwp%2Fv2%2Fcategories&post=2033"},{"taxonomy":"post_tag","embeddable":true,"href":"https:\/\/bibliotekamoscisko.pl\/index.php?rest_route=%2Fwp%2Fv2%2Ftags&post=2033"}],"curies":[{"name":"wp","href":"https:\/\/api.w.org\/{rel}","templated":true}]}}