{"id":205,"date":"2014-03-28T13:30:35","date_gmt":"2014-03-28T13:30:35","guid":{"rendered":"http:\/\/bibliotekamoscisko.pl\/?p=205"},"modified":"2014-03-28T13:30:35","modified_gmt":"2014-03-28T13:30:35","slug":"tydzien-z-internetem","status":"publish","type":"post","link":"https:\/\/bibliotekamoscisko.pl\/?p=205","title":{"rendered":"Tydzie\u0144 z Internetem"},"content":{"rendered":"<p>&nbsp;<\/p>\n<p style=\"text-align: center;\" align=\"right\"><i><a href=\"http:\/\/bibliotekamoscisko.pl\/wp-content\/uploads\/2014\/03\/tydzie\u0144.png\"><img fetchpriority=\"high\" decoding=\"async\" class=\"aligncenter  wp-image-206\" alt=\"tydzie\u0144\" src=\"http:\/\/bibliotekamoscisko.pl\/wp-content\/uploads\/2014\/03\/tydzie\u0144.png\" width=\"256\" height=\"257\" \/><\/a><\/i><\/p>\n<p>&nbsp;<\/p>\n<p align=\"center\"><b>Biblioteka w\u0142\u0105cza si\u0119 w \u201eTydzie\u0144 z Internetem\u201d<\/b><\/p>\n<p align=\"center\"><b>\u00a0<\/b><\/p>\n<p><b>Czy pisarz-widmo to autor ksi\u0105\u017cek o duchach? Kiper to cz\u0142owiek ucz\u0105cy innych jak unikn\u0105\u0107 kipienia mleka? Jak wygl\u0105da praca na planie filmowym? 26 marca 2014 roku Biblioteka Publiczna\u00a0 Gminy Dzier\u017coni\u00f3w w Mo\u015bcisku zaprosi\u0142a dzieci w wieku 6-9 lat na spotkanie \u201eCo ze mnie wyro\u015bnie?\u201d, organizowane w ramach kampanii \u201eTydzie\u0144 z Internetem\u201d.<\/b><\/p>\n<p>Nasza czytelnia komputerowa zamieni\u0142a si\u0119 w pe\u0142en \u015bmiechu punkt informacyjny. Spotkanie by\u0142o inspirowane ksi\u0105\u017ck\u0105 Aleksandry i Daniela Mizieli\u0144skich \u201eCo<br \/>\nz Ciebie wyro\u015bnie?\u201d. Jego uczestnicy podczas zabawy odkrywali tajemnicze, zaskakuj\u0105ce zawody. A wszystko po to, by jak najwcze\u015bniej pokaza\u0107 dzieciom, \u017ce to, czym b\u0119d\u0105 zajmowa\u0107 si\u0119 w \u017cyciu, mo\u017ce by\u0107 zgodne z ich zainteresowaniami i pasjami.<\/p>\n<p><a href=\"http:\/\/bibliotekamoscisko.pl\/wp-content\/uploads\/2014\/03\/32.jpg\"><img decoding=\"async\" class=\"aligncenter size-medium wp-image-210\" alt=\"3\" src=\"http:\/\/bibliotekamoscisko.pl\/wp-content\/uploads\/2014\/03\/32-300x132.jpg\" width=\"300\" height=\"132\" \/><\/a><\/p>\n<p>Dzieci z II klasy Zespo\u0142u Szkolno-Przedszkolnego w Mo\u015bcisku zastanawia\u0142y si\u0119 nad swoimi przysz\u0142ymi zaj\u0119ciami. Dziewcz\u0119ta wybra\u0142y g\u0142\u00f3wnie zawody mundurowe \u2013 \u017co\u0142nierz i policjant. Znalaz\u0142a si\u0119 tak\u017ce malarka i kosmetyczka. Okaza\u0142o si\u0119, \u017ce elektryk nie projektuje stron internetowych a wyb\u00f3r najciekawszego zaj\u0119cia nie jest wcale taki \u0142atwy. Czy mo\u017cna wykonywa\u0107 trzy zawody na raz? Czemu nie! Szkoda tylko, \u017ce doba ma jedynie 24 godziny\u2026<a href=\"http:\/\/bibliotekamoscisko.pl\/wp-content\/uploads\/2014\/03\/22.jpg\"><img decoding=\"async\" class=\"alignright size-thumbnail wp-image-209\" alt=\"2\" src=\"http:\/\/bibliotekamoscisko.pl\/wp-content\/uploads\/2014\/03\/22-150x150.jpg\" width=\"150\" height=\"150\" \/><\/a><\/p>\n<p><a href=\"http:\/\/bibliotekamoscisko.pl\/wp-content\/uploads\/2014\/03\/12.jpg\"><img loading=\"lazy\" decoding=\"async\" class=\"alignleft size-thumbnail wp-image-208\" alt=\"1\" src=\"http:\/\/bibliotekamoscisko.pl\/wp-content\/uploads\/2014\/03\/12-150x150.jpg\" width=\"150\" height=\"150\" \/><\/a><\/p>\n<p>Podczas spotkania dzieci zaj\u0119\u0142y si\u0119 tak\u017ce tym, co dzieci lubi\u0105 najbardziej &#8211; czyli gr\u0105 komputerow\u0105 na stronie <a href=\"http:\/\/www.cozciebiewyrosnie.pl\/\">www.cozciebiewyrosnie.pl<\/a>, w kt\u00f3r\u0105 mo\u017cna gra\u0107 nie tylko w bibliotece, ale te\u017c w domu. Pr\u00f3bowa\u0142y te\u017c narysowa\u0107 przedmioty zwi\u0105zane ze swoimi wymarzonymi zawodami w programach graficznych.<\/p>\n<p>Spotkanie odby\u0142o si\u0119 w ramach kampanii \u201eTydzie\u0144 z Internetem\u201d, kt\u00f3ra ju\u017c po raz czwarty zago\u015bci\u0142a w Polsce. Jest to og\u00f3lnoeuropejska akcja, wspierana przez Neelie Kroes, Wiceprzewodnicz\u0105c\u0105 Komisji Europejskiej i Komisarz Unii ds. Agendy Cyfrowej. Celem tegorocznej edycji jest pokazanie, jak Internet i znajomo\u015b\u0107 nowych technologii pomagaj\u0105 w poszukiwaniu pracy. W Polsce kampani\u0119 koordynuje Fundacja Rozwoju Spo\u0142ecze\u0144stwa Informacyjnego (FRSI), prowadz\u0105ca m.in. og\u00f3lnopolski Program Rozwoju Bibliotek.<\/p>\n<p><a href=\"http:\/\/bibliotekamoscisko.pl\/wp-content\/uploads\/2014\/03\/tyd.jpg\"><img loading=\"lazy\" decoding=\"async\" class=\"aligncenter size-thumbnail wp-image-207\" alt=\"tyd\" src=\"http:\/\/bibliotekamoscisko.pl\/wp-content\/uploads\/2014\/03\/tyd-150x150.jpg\" width=\"150\" height=\"150\" \/><\/a><\/p>\n<p>D.W.<\/p>\n","protected":false},"excerpt":{"rendered":"<p>&nbsp; &nbsp; Biblioteka w\u0142\u0105cza si\u0119 w \u201eTydzie\u0144 z Internetem\u201d \u00a0 Czy pisarz-widmo to autor ksi\u0105\u017cek o duchach? Kiper to cz\u0142owiek ucz\u0105cy innych jak unikn\u0105\u0107 kipienia mleka? Jak wygl\u0105da praca na [&hellip;]<\/p>\n","protected":false},"author":1,"featured_media":0,"comment_status":"open","ping_status":"open","sticky":false,"template":"","format":"standard","meta":{"ngg_post_thumbnail":0,"footnotes":""},"categories":[1],"tags":[],"class_list":["post-205","post","type-post","status-publish","format-standard","hentry","category-uncategorized"],"_links":{"self":[{"href":"https:\/\/bibliotekamoscisko.pl\/index.php?rest_route=\/wp\/v2\/posts\/205","targetHints":{"allow":["GET"]}}],"collection":[{"href":"https:\/\/bibliotekamoscisko.pl\/index.php?rest_route=\/wp\/v2\/posts"}],"about":[{"href":"https:\/\/bibliotekamoscisko.pl\/index.php?rest_route=\/wp\/v2\/types\/post"}],"author":[{"embeddable":true,"href":"https:\/\/bibliotekamoscisko.pl\/index.php?rest_route=\/wp\/v2\/users\/1"}],"replies":[{"embeddable":true,"href":"https:\/\/bibliotekamoscisko.pl\/index.php?rest_route=%2Fwp%2Fv2%2Fcomments&post=205"}],"version-history":[{"count":1,"href":"https:\/\/bibliotekamoscisko.pl\/index.php?rest_route=\/wp\/v2\/posts\/205\/revisions"}],"predecessor-version":[{"id":211,"href":"https:\/\/bibliotekamoscisko.pl\/index.php?rest_route=\/wp\/v2\/posts\/205\/revisions\/211"}],"wp:attachment":[{"href":"https:\/\/bibliotekamoscisko.pl\/index.php?rest_route=%2Fwp%2Fv2%2Fmedia&parent=205"}],"wp:term":[{"taxonomy":"category","embeddable":true,"href":"https:\/\/bibliotekamoscisko.pl\/index.php?rest_route=%2Fwp%2Fv2%2Fcategories&post=205"},{"taxonomy":"post_tag","embeddable":true,"href":"https:\/\/bibliotekamoscisko.pl\/index.php?rest_route=%2Fwp%2Fv2%2Ftags&post=205"}],"curies":[{"name":"wp","href":"https:\/\/api.w.org\/{rel}","templated":true}]}}