{"id":2064,"date":"2015-10-09T13:59:15","date_gmt":"2015-10-09T13:59:15","guid":{"rendered":"http:\/\/bibliotekamoscisko.pl\/?p=2064"},"modified":"2015-10-09T13:59:15","modified_gmt":"2015-10-09T13:59:15","slug":"xiii-spotkania-artystyczne-seniorow-w-miedzyzdrojach","status":"publish","type":"post","link":"https:\/\/bibliotekamoscisko.pl\/?p=2064","title":{"rendered":"XIII Spotkania Artystyczne Senior\u00f3w w Mi\u0119dzyzdrojach"},"content":{"rendered":"<p>W dniach 25-27 Sierpnia 2015 w Mi\u0119dzyzdrojach odby\u0142y si\u0119 <strong>XIII Spotkania Artystyczne Senior\u00f3w<\/strong><strong>, w kt\u00f3rych udzia\u0142 wzi\u0119\u0142y 32 zespo\u0142y z ca\u0142ej Polski. <\/strong><\/p>\n<p><strong>Uczestnik\u00f3w oceniano w dw\u00f3ch kategoriach: ch\u00f3ry i zespo\u0142y \u015bpiewacze oraz zespo\u0142y folklorystyczne \u00a0i kapele ludowe.<\/strong><\/p>\n<p><strong>W kategorii ch\u00f3r\u00f3w i zespo\u0142\u00f3w \u015bpiewaczych oceniano <\/strong>16 zespo\u0142\u00f3w. Grand Prix zdoby\u0142a <strong>Formacja Artystyczna \u201eSze\u015bciopak\u201d z Czerwie\u0144ska<\/strong>. <strong>Pierwsz\u0105 nagrod\u0119 przyznano Zespo\u0142owi \u201eA to heca\u201d ze \u015awinicy, drug\u0105 \u2013 Zespo\u0142owi \u201eBryza\u201d z Mi\u0119dzyzdroj\u00f3w. Trzecie miejsce zaj\u0105\u0142 Zesp\u00f3\u0142 \u201eCon Moto\u201d z Pi\u0142awy Dolnej, kt\u00f3ry znajduje si\u0119 pod patronatem Biblioteki Publicznej Gminy Dzier\u017coni\u00f3w.<\/strong><\/p>\n<p><strong>Wyr\u00f3\u017cnienie otrzyma\u0142 tak\u017ce zesp\u00f3\u0142 Cord z Pi\u0142awy Dolnej.<\/strong><\/p>\n<p><strong>W kategorii zespo\u0142\u00f3w folklorystycznych i kapeli ludowych oceniano r\u00f3wnie\u017c 16 zespo\u0142\u00f3w.Niestety \u017cadnemu z dzia\u0142aj\u0105cych pod naszym patronatem nie uda\u0142o si\u0119 zdoby\u0107 \u017cadnego miejsca ani wyr\u00f3\u017cnienia, jednak ich wyst\u0105pienia by\u0142y na bardzo wysokim poziomie.<\/strong><\/p>\n<p><strong>Wszystkim serdecznie gratulujemy i \u017cyczymy powodzenia podczas XIV edycji w 2016r.<\/strong><\/p>\n<p><a href=\"http:\/\/www.naszemiastomiedzyzdroje.com.pl\/xiii-spotkania-artystyczne-seniorow-juz-za-nami\/\" target=\"_blank\">wi\u0119cej<\/a><\/p>\n<p>D.D.<\/p>\n","protected":false},"excerpt":{"rendered":"<p>W dniach 25-27 Sierpnia 2015 w Mi\u0119dzyzdrojach odby\u0142y si\u0119 XIII Spotkania Artystyczne Senior\u00f3w, w kt\u00f3rych udzia\u0142 wzi\u0119\u0142y 32 zespo\u0142y z ca\u0142ej Polski. Uczestnik\u00f3w oceniano w dw\u00f3ch kategoriach: ch\u00f3ry i zespo\u0142y [&hellip;]<\/p>\n","protected":false},"author":1,"featured_media":1870,"comment_status":"closed","ping_status":"open","sticky":false,"template":"","format":"standard","meta":{"ngg_post_thumbnail":0,"footnotes":""},"categories":[1],"tags":[],"class_list":["post-2064","post","type-post","status-publish","format-standard","has-post-thumbnail","hentry","category-uncategorized"],"_links":{"self":[{"href":"https:\/\/bibliotekamoscisko.pl\/index.php?rest_route=\/wp\/v2\/posts\/2064","targetHints":{"allow":["GET"]}}],"collection":[{"href":"https:\/\/bibliotekamoscisko.pl\/index.php?rest_route=\/wp\/v2\/posts"}],"about":[{"href":"https:\/\/bibliotekamoscisko.pl\/index.php?rest_route=\/wp\/v2\/types\/post"}],"author":[{"embeddable":true,"href":"https:\/\/bibliotekamoscisko.pl\/index.php?rest_route=\/wp\/v2\/users\/1"}],"replies":[{"embeddable":true,"href":"https:\/\/bibliotekamoscisko.pl\/index.php?rest_route=%2Fwp%2Fv2%2Fcomments&post=2064"}],"version-history":[{"count":1,"href":"https:\/\/bibliotekamoscisko.pl\/index.php?rest_route=\/wp\/v2\/posts\/2064\/revisions"}],"predecessor-version":[{"id":2065,"href":"https:\/\/bibliotekamoscisko.pl\/index.php?rest_route=\/wp\/v2\/posts\/2064\/revisions\/2065"}],"wp:featuredmedia":[{"embeddable":true,"href":"https:\/\/bibliotekamoscisko.pl\/index.php?rest_route=\/wp\/v2\/media\/1870"}],"wp:attachment":[{"href":"https:\/\/bibliotekamoscisko.pl\/index.php?rest_route=%2Fwp%2Fv2%2Fmedia&parent=2064"}],"wp:term":[{"taxonomy":"category","embeddable":true,"href":"https:\/\/bibliotekamoscisko.pl\/index.php?rest_route=%2Fwp%2Fv2%2Fcategories&post=2064"},{"taxonomy":"post_tag","embeddable":true,"href":"https:\/\/bibliotekamoscisko.pl\/index.php?rest_route=%2Fwp%2Fv2%2Ftags&post=2064"}],"curies":[{"name":"wp","href":"https:\/\/api.w.org\/{rel}","templated":true}]}}