{"id":2067,"date":"2015-10-10T12:07:55","date_gmt":"2015-10-10T12:07:55","guid":{"rendered":"http:\/\/bibliotekamoscisko.pl\/?p=2067"},"modified":"2015-10-10T12:07:55","modified_gmt":"2015-10-10T12:07:55","slug":"nie-zgadzaj-sie-na-nienawisc","status":"publish","type":"post","link":"https:\/\/bibliotekamoscisko.pl\/?p=2067","title":{"rendered":"Nie zgadzaj si\u0119 na nienawi\u015b\u0107"},"content":{"rendered":"<p>Nie zgadzaj si\u0119 na nienawi\u015b\u0107<\/p>\n<p>7 dni to jedynie 168 godzin. Czy ten czas p\u0142ynie inaczej dla ofiary przemocy i dla sprawcy? Co powoduje narastanie agresji i zgod\u0119 na ni\u0105? To jedynie dwa pytania, kt\u00f3re nasuwaj\u0105 si\u0119 same po przeczytaniu ksi\u0105\u017cki \u201e7 dni\u201d Eve Ainsworth. Ksi\u0105\u017cki, kt\u00f3r\u0105 patronatem honorowym obj\u0105\u0142 \u00a0Rzecznik Praw Dziecka Marek Michalak i kt\u00f3ra sta\u0142a si\u0119 podstaw\u0105 do spotka\u0144 Dyskusyjnych Klub\u00f3w Ksi\u0105\u017cki w 50 miejscach \u00a0w ca\u0142ej Polsce. \u00a0\u00a0\u00a0\u00a0\u00a0\u00a0\u00a0\u00a0 \u00a0\u00a0\u00a0\u00a0\u00a0\u00a0\u00a0\u00a0\u00a0\u00a0\u00a0\u00a0\u00a0\u00a0\u00a0\u00a0\u00a0\u00a0 \u00a0\u00a0\u00a0\u00a0\u00a0\u00a0\u00a0\u00a0\u00a0\u00a0\u00a0\u00a0\u00a0\u00a0\u00a0\u00a0\u00a0\u00a0\u00a0\u00a0\u00a0\u00a0\u00a0\u00a0\u00a0\u00a0\u00a0 R\u00f3wnie\u017c DKK w Bibliotece Publicznej Gminy Dzier\u017coni\u00f3w w Mo\u015bcisku przy\u0142\u0105czy\u0142o si\u0119 do akcji, zapraszaj\u0105c dzieci \u00a0i m\u0142odzie\u017c do biblioteki na chwil\u0119 refleksji. Najwi\u0119cej emocji wzbudzi\u0142 obecny w ksi\u0105\u017cce hejt. Nie by\u0142o problem\u00f3w (niestety), aby przenie\u015b\u0107 si\u0119 do realnego \u015bwiata i opowie\u015bci o hejtowaniu, mowie nienawi\u015bci i agresji, pop\u0142yn\u0119\u0142y z ust m\u0142odzie\u017cy jak rw\u0105cy potok. Brudny, zimny i z b\u0142otnistymi, \u015bmierdz\u0105cymi brzegami.<\/p>\n<p>M\u0142odzi czytelnicy bez k\u0142opot\u00f3w potrafili wymieni\u0107 przyczyny hejtowania. Zdo\u0142ali tak\u017ce podzieli\u0107 si\u0119 swoimi w\u0105tpliwo\u015bciami i obawami podczas proponowania sposob\u00f3w zachowania si\u0119 \u015bwiadk\u00f3w hejtu. \u00a0 \u00a0 \u00a0 \u00a0 \u00a0 \u00a0 \u00a0 \u00a0 \u00a0 \u00a0 \u00a0 \u00a0 \u00a0 \u00a0 \u00a0 \u00a0 \u00a0 \u00a0 \u00a0 \u00a0 \u00a0 \u00a0 \u00a0 \u00a0 \u00a0 \u00a0Ksi\u0105\u017cka \u201e7 dni\u201d Eve Ainsworth sta\u0142a si\u0119 doskona\u0142ym pretekstem do rozmowy zar\u00f3wno o ofiarach agresji jak i sprawcach. Literatura od zawsze uczy\u0142a ludzi postrzegania \u015bwiata w innych kolorach ni\u017c tylko czer\u0144 i biel. Ka\u017cda kolejna strona ksi\u0105\u017cki \u201e7 dni\u201d jest tego przyk\u0142adem.<\/p>\n<p><a href=\"http:\/\/bibliotekamoscisko.pl\/wp-content\/uploads\/2015\/10\/7-dni-kolaz.jpg\"><img fetchpriority=\"high\" decoding=\"async\" class=\"aligncenter size-full wp-image-2068\" src=\"http:\/\/bibliotekamoscisko.pl\/wp-content\/uploads\/2015\/10\/7-dni-kolaz.jpg\" alt=\"7 dni kolaz\" width=\"900\" height=\"718\" srcset=\"https:\/\/bibliotekamoscisko.pl\/wp-content\/uploads\/2015\/10\/7-dni-kolaz.jpg 900w, https:\/\/bibliotekamoscisko.pl\/wp-content\/uploads\/2015\/10\/7-dni-kolaz-300x239.jpg 300w\" sizes=\"(max-width: 900px) 100vw, 900px\" \/><\/a><\/p>\n<p>D.W.<\/p>\n","protected":false},"excerpt":{"rendered":"<p>Nie zgadzaj si\u0119 na nienawi\u015b\u0107 7 dni to jedynie 168 godzin. Czy ten czas p\u0142ynie inaczej dla ofiary przemocy i dla sprawcy? Co powoduje narastanie agresji i zgod\u0119 na ni\u0105? [&hellip;]<\/p>\n","protected":false},"author":1,"featured_media":2030,"comment_status":"closed","ping_status":"open","sticky":false,"template":"","format":"standard","meta":{"ngg_post_thumbnail":0,"footnotes":""},"categories":[1],"tags":[],"class_list":["post-2067","post","type-post","status-publish","format-standard","has-post-thumbnail","hentry","category-uncategorized"],"_links":{"self":[{"href":"https:\/\/bibliotekamoscisko.pl\/index.php?rest_route=\/wp\/v2\/posts\/2067","targetHints":{"allow":["GET"]}}],"collection":[{"href":"https:\/\/bibliotekamoscisko.pl\/index.php?rest_route=\/wp\/v2\/posts"}],"about":[{"href":"https:\/\/bibliotekamoscisko.pl\/index.php?rest_route=\/wp\/v2\/types\/post"}],"author":[{"embeddable":true,"href":"https:\/\/bibliotekamoscisko.pl\/index.php?rest_route=\/wp\/v2\/users\/1"}],"replies":[{"embeddable":true,"href":"https:\/\/bibliotekamoscisko.pl\/index.php?rest_route=%2Fwp%2Fv2%2Fcomments&post=2067"}],"version-history":[{"count":1,"href":"https:\/\/bibliotekamoscisko.pl\/index.php?rest_route=\/wp\/v2\/posts\/2067\/revisions"}],"predecessor-version":[{"id":2069,"href":"https:\/\/bibliotekamoscisko.pl\/index.php?rest_route=\/wp\/v2\/posts\/2067\/revisions\/2069"}],"wp:featuredmedia":[{"embeddable":true,"href":"https:\/\/bibliotekamoscisko.pl\/index.php?rest_route=\/wp\/v2\/media\/2030"}],"wp:attachment":[{"href":"https:\/\/bibliotekamoscisko.pl\/index.php?rest_route=%2Fwp%2Fv2%2Fmedia&parent=2067"}],"wp:term":[{"taxonomy":"category","embeddable":true,"href":"https:\/\/bibliotekamoscisko.pl\/index.php?rest_route=%2Fwp%2Fv2%2Fcategories&post=2067"},{"taxonomy":"post_tag","embeddable":true,"href":"https:\/\/bibliotekamoscisko.pl\/index.php?rest_route=%2Fwp%2Fv2%2Ftags&post=2067"}],"curies":[{"name":"wp","href":"https:\/\/api.w.org\/{rel}","templated":true}]}}