{"id":2071,"date":"2015-10-10T14:23:09","date_gmt":"2015-10-10T14:23:09","guid":{"rendered":"http:\/\/bibliotekamoscisko.pl\/?p=2071"},"modified":"2015-10-13T13:17:52","modified_gmt":"2015-10-13T13:17:52","slug":"ostroszowice-ziemia-obiecana","status":"publish","type":"post","link":"https:\/\/bibliotekamoscisko.pl\/?p=2071","title":{"rendered":"Ostroszowice &#8211; Ziemia obiecana"},"content":{"rendered":"<div><\/div>\n<h2><span style=\"color: #cc99ff;\">28 wrze\u015bnia w ostroszowickiej bibliotece odby\u0142o si\u0119 wsp\u00f3lne czytanie\u00a0utworu ,,Ch\u0142opi&#8221; W. Reymonta.<\/span><\/h2>\n<div>Niby jesienne strugi deszczu, albo szum suchych li\u015bci w parku zabrzmia\u0142o to nasze wsp\u00f3lne czytanie w\u0142a\u015bnie o jesieni&#8230;<\/div>\n<div>Niesamowite by\u0142o to,\u017ce podczas czytania s\u0142\u00f3w:<\/div>\n<div>-Niech b\u0119dzie pochwalony Jezus Chrystus!,\u00a0do biblioteki wszed\u0142 w\u0142a\u015bnie nasz Ksi\u0105dz Proboszcz !<\/div>\n<div>\u00a0S\u0105 takie rzeczy w niebie i na ziemi, o kt\u00f3rych si\u0119 nie \u015bni\u0142o filozofom&#8230;<\/div>\n<div>\n<div id='gallery-1' class='gallery galleryid-2071 gallery-columns-3 gallery-size-thumbnail'><figure class='gallery-item'>\n\t\t\t<div class='gallery-icon landscape'>\n\t\t\t\t<a href='https:\/\/bibliotekamoscisko.pl\/?attachment_id=2072'><img decoding=\"async\" width=\"150\" height=\"150\" src=\"https:\/\/bibliotekamoscisko.pl\/wp-content\/uploads\/2015\/10\/czytanie-Reymonta-150x150.jpg\" class=\"attachment-thumbnail size-thumbnail\" alt=\"\" aria-describedby=\"gallery-1-2072\" \/><\/a>\n\t\t\t<\/div>\n\t\t\t\t<figcaption class='wp-caption-text gallery-caption' id='gallery-1-2072'>\n\t\t\t\tczytamy\n\t\t\t\t<\/figcaption><\/figure><figure class='gallery-item'>\n\t\t\t<div class='gallery-icon landscape'>\n\t\t\t\t<a href='https:\/\/bibliotekamoscisko.pl\/?attachment_id=2073'><img decoding=\"async\" width=\"150\" height=\"150\" src=\"https:\/\/bibliotekamoscisko.pl\/wp-content\/uploads\/2015\/10\/dietetyk-150x150.jpg\" class=\"attachment-thumbnail size-thumbnail\" alt=\"\" aria-describedby=\"gallery-1-2073\" \/><\/a>\n\t\t\t<\/div>\n\t\t\t\t<figcaption class='wp-caption-text gallery-caption' id='gallery-1-2073'>\n\t\t\t\tczytamy Reymonta\n\t\t\t\t<\/figcaption><\/figure>\n\t\t<\/div>\n\n<p>Cykliczne spotkania w Dyskusyjnym Klubie Ksi\u0105\u017cki to wspania\u0142a forma pracy zach\u0119caj\u0105ca do czytania, rozmawiania na r\u00f3\u017cne tematy, a tak\u017ce dzia\u0142ania na rzecz \u015brodowiska.<\/p>\n<h2><span style=\"color: #cc99ff;\">\u00a08 pa\u017adziernika \u00a0zobaczyli\u015bmy si\u0119 \u00a0na spotkaniu autorskim z\u00a0<strong>Szymonem Telukiem, <\/strong>wspania\u0142ym\u00a0gaw\u0119dziarzem i rysownikiem.\u00a0\u00a0<\/span><\/h2>\n<p>Pan Szymon go\u015bci\u0142 w naszej bibliotece wiosn\u0105 i prowadzi\u0142 warsztaty komiksu dla dzieci. Bardzo nas zauroczy\u0142\u00a0swoim talentem\u00a0wi\u0119c postanowili\u015bmy dowiedzie\u0107 si\u0119 czego\u015b ciekawego w temacie<em>\u00a0karykatura<\/em> oraz bli\u017cej pozna\u0107 tego wspania\u0142ego cz\u0142owieka. Temat spotkania by\u0142 zwi\u0105zany ze zbli\u017caj\u0105cym si\u0119 nadaniem Gminnej Bibliotece w Mo\u015bcisku imienia W\u0142adys\u0142awa St. Reymonta.\u00a0Warsztat prowadzony przez Pana Szymona Teluka to niezapomniane chwile. \u00a0 \u00a0 \u00a0 \u00a0Z prezentacji multimedialnej dowiedzieli\u015bmy jak tw\u00f3rcy postrzegaj\u0105 twarze ludzi, na co nale\u017cy zwraca\u0107 uwag\u0119 podczas rysowania\u00a0portretu, a nast\u0119pnie\u00a0stworzyli\u015bmy karykatury Reymonta metod\u0105<em>\u00a0blaudruk. \u00a0\u00a0\u00a0\u00a0\u00a0\u00a0\u00a0\u00a0\u00a0\u00a0\u00a0\u00a0\u00a0\u00a0\u00a0\u00a0\u00a0<\/em><\/p>\n<p><em>\u00a0 <\/em>Z tego niezwyk\u0142ego spotkania wychodzili\u015bmy szcz\u0119\u015bliwi. Bogaci o wiedz\u0119 z zakresu rysowania karykatur, z w\u0142asnymi dzie\u0142ami na kt\u00f3rych przedstawione by\u0142y osoby obecne na warsztacie. Kilka pa\u0144 otrzyma\u0142o od mistrza karykatur\u0119 w\u0142asnej osoby, a biblioteka\u00a0wzbogaci\u0142a si\u0119 o karykatur\u0119 przysz\u0142ego patrona W\u0142adys\u0142awa Stanis\u0142awa \u00a0Reymonta,\u00a0kt\u00f3ry jakby dla nas napisa\u0142 w ,,Komediantce&#8221;: \u00a0 \u00a0 \u00a0 \u00a0 \u00a0 \u00a0 \u00a0 \u00a0 \u00a0 \u00a0 \u00a0 \u00a0 \u00a0 \u00a0 \u00a0 \u00a0 \u00a0 \u00a0 \u00a0 \u00a0 \u00a0 \u00a0 \u00a0 \u00a0 \u00a0 \u00a0 \u00a0 \u00a0 \u00a0 \u00a0 \u00a0 \u00a0 \u00a0 \u00a0 \u00a0 \u00a0 \u00a0 \u00a0 \u00a0 \u00a0 \u00a0 \u00a0 \u00a0 \u00a0 \u00a0 \u00a0 \u00a0 \u00a0 \u00a0 \u00a0 \u00a0 \u00a0 \u00a0 \u00a0 \u00a0 \u00a0 \u00a0 \u00a0 \u00a0 \u00a0 \u00a0 \u00a0 \u00a0 \u00a0 \u00a0 \u00a0 ,,Nie, nie!.. \u017by\u0107 to w\u0142a\u015bnie dzia\u0142a\u0107, to rozlewa\u0107 po \u015bwiecie talent,\u00a0energi\u0119, uczucie.. .pomaga\u0107 w czasie pokoleniom przysz\u0142ym.&#8221;<\/p>\n<div id='gallery-2' class='gallery galleryid-2071 gallery-columns-3 gallery-size-thumbnail'><figure class='gallery-item'>\n\t\t\t<div class='gallery-icon landscape'>\n\t\t\t\t<a href='https:\/\/bibliotekamoscisko.pl\/?attachment_id=2074'><img decoding=\"async\" width=\"150\" height=\"150\" src=\"https:\/\/bibliotekamoscisko.pl\/wp-content\/uploads\/2015\/10\/Reymont-Ostroszowice-1-150x150.jpg\" class=\"attachment-thumbnail size-thumbnail\" alt=\"\" \/><\/a>\n\t\t\t<\/div><\/figure><figure class='gallery-item'>\n\t\t\t<div class='gallery-icon landscape'>\n\t\t\t\t<a href='https:\/\/bibliotekamoscisko.pl\/?attachment_id=2075'><img loading=\"lazy\" decoding=\"async\" width=\"150\" height=\"150\" src=\"https:\/\/bibliotekamoscisko.pl\/wp-content\/uploads\/2015\/10\/Reymont-Ostroszowice-2-150x150.jpg\" class=\"attachment-thumbnail size-thumbnail\" alt=\"\" \/><\/a>\n\t\t\t<\/div><\/figure><figure class='gallery-item'>\n\t\t\t<div class='gallery-icon landscape'>\n\t\t\t\t<a href='https:\/\/bibliotekamoscisko.pl\/?attachment_id=2076'><img loading=\"lazy\" decoding=\"async\" width=\"150\" height=\"150\" src=\"https:\/\/bibliotekamoscisko.pl\/wp-content\/uploads\/2015\/10\/Reymont-Ostroszowice-3-150x150.jpg\" class=\"attachment-thumbnail size-thumbnail\" alt=\"\" \/><\/a>\n\t\t\t<\/div><\/figure>\n\t\t<\/div>\n\n<p><a href=\"https:\/\/dysk.onet.pl\/multilink\/f86885fb8586018b155b0f7280555111eba6297e#.\" target=\"_blank\">wi\u0119cej zdj\u0119\u0107<\/a><\/p>\n<p>m.k.<\/p>\n<\/div>\n","protected":false},"excerpt":{"rendered":"<p>28 wrze\u015bnia w ostroszowickiej bibliotece odby\u0142o si\u0119 wsp\u00f3lne czytanie\u00a0utworu ,,Ch\u0142opi&#8221; W. Reymonta. Niby jesienne strugi deszczu, albo szum suchych li\u015bci w parku zabrzmia\u0142o to nasze wsp\u00f3lne czytanie w\u0142a\u015bnie o jesieni&#8230; [&hellip;]<\/p>\n","protected":false},"author":1,"featured_media":2077,"comment_status":"closed","ping_status":"open","sticky":false,"template":"","format":"standard","meta":{"ngg_post_thumbnail":0,"footnotes":""},"categories":[1],"tags":[],"class_list":["post-2071","post","type-post","status-publish","format-standard","has-post-thumbnail","hentry","category-uncategorized"],"_links":{"self":[{"href":"https:\/\/bibliotekamoscisko.pl\/index.php?rest_route=\/wp\/v2\/posts\/2071","targetHints":{"allow":["GET"]}}],"collection":[{"href":"https:\/\/bibliotekamoscisko.pl\/index.php?rest_route=\/wp\/v2\/posts"}],"about":[{"href":"https:\/\/bibliotekamoscisko.pl\/index.php?rest_route=\/wp\/v2\/types\/post"}],"author":[{"embeddable":true,"href":"https:\/\/bibliotekamoscisko.pl\/index.php?rest_route=\/wp\/v2\/users\/1"}],"replies":[{"embeddable":true,"href":"https:\/\/bibliotekamoscisko.pl\/index.php?rest_route=%2Fwp%2Fv2%2Fcomments&post=2071"}],"version-history":[{"count":3,"href":"https:\/\/bibliotekamoscisko.pl\/index.php?rest_route=\/wp\/v2\/posts\/2071\/revisions"}],"predecessor-version":[{"id":2092,"href":"https:\/\/bibliotekamoscisko.pl\/index.php?rest_route=\/wp\/v2\/posts\/2071\/revisions\/2092"}],"wp:featuredmedia":[{"embeddable":true,"href":"https:\/\/bibliotekamoscisko.pl\/index.php?rest_route=\/wp\/v2\/media\/2077"}],"wp:attachment":[{"href":"https:\/\/bibliotekamoscisko.pl\/index.php?rest_route=%2Fwp%2Fv2%2Fmedia&parent=2071"}],"wp:term":[{"taxonomy":"category","embeddable":true,"href":"https:\/\/bibliotekamoscisko.pl\/index.php?rest_route=%2Fwp%2Fv2%2Fcategories&post=2071"},{"taxonomy":"post_tag","embeddable":true,"href":"https:\/\/bibliotekamoscisko.pl\/index.php?rest_route=%2Fwp%2Fv2%2Ftags&post=2071"}],"curies":[{"name":"wp","href":"https:\/\/api.w.org\/{rel}","templated":true}]}}