{"id":215,"date":"2014-04-03T11:58:56","date_gmt":"2014-04-03T11:58:56","guid":{"rendered":"http:\/\/bibliotekamoscisko.pl\/?p=215"},"modified":"2014-04-16T11:37:04","modified_gmt":"2014-04-16T11:37:04","slug":"nie-chcemy-pozegnac-sie-z-dziecinstwem-czyli-noc-z-andersenem-w-ostroszowicach","status":"publish","type":"post","link":"https:\/\/bibliotekamoscisko.pl\/?p=215","title":{"rendered":"Nie chcemy po\u017cegna\u0107 si\u0119 z dzieci\u0144stwem, czyli&#8230; Noc z Andersenem w Ostroszowicach"},"content":{"rendered":"<div>Mi\u0119dzynarodowy Dzie\u0144 Ksi\u0105\u017cki Dzieci\u0119cej obchodzony jest 2 kwietnia.<\/div>\n<div>Pewna czeska bibliotekarka postanowila uczci\u0107 to \u015bwi\u0119to i zorganizowa\u0142a w swojej bibliotece Noc z Andersenem.<\/div>\n<div>H.Ch.Andersen urodzi\u0142 sie 4 kwietnia, wi\u0119c by\u0142a to znakomita okazja, aby obchodzi\u0107 te dwie rocznice w oryginalny spos\u00f3b.<\/div>\n<div>Biblioteka w Ostroszowicach w dniu 31 marca zaprosi\u0142a uczn\u00f3w klasy pi\u0105tej na niezwyk\u0142\u0105 Noc z Andersenem.<\/div>\n<div>Nasze spotkanie nazwane : Nie chcemy \u017cegna\u0107 si\u0119 z dzieci\u0144stwem, czyli dobranoc z Panem Andersenem pokaza\u0142o,<\/div>\n<div>\u017ce przebywanie w bibliotece w ba\u015bniowej scenerii w\u015br\u00f3d ksi\u0105\u017cek umacnia nas w przekonaniu, i\u017c czytanie rozwija uczucia i rozbudza wyobra\u017ani\u0119.<\/div>\n<div><a href=\"http:\/\/bibliotekamoscisko.pl\/wp-content\/uploads\/2014\/04\/Noc-z-Andrrsenem.jpg\"><img fetchpriority=\"high\" decoding=\"async\" class=\"aligncenter size-medium wp-image-216\" alt=\"Noc z Andrrsenem\" src=\"http:\/\/bibliotekamoscisko.pl\/wp-content\/uploads\/2014\/04\/Noc-z-Andrrsenem-300x224.jpg\" width=\"300\" height=\"224\" \/><\/a><\/div>\n<div>Na pocz\u0105tku poznali\u015bmy szczeg\u00f3\u0142y z \u017cycia Andersena wychowanego w wielkiej biedzie i jeszcze wi\u0119kszej mi\u0142osci rodzic\u00f3w. Ogromny wp\u0142yw na jego tw\u00f3rczo\u015b\u0107 wywar\u0142a matka, kt\u00f3ra wymy\u015bla\u0142a synkowi niesamowite opowie\u015bci.<\/div>\n<div>Nast\u0119pnie jakby oddaj\u0105c ho\u0142d czeskiej bibliotekarce, kt\u00f3ra wymy\u015bli\u0142a to wydarzenie odczytali\u015bmy wywiad z Andersenem znalezionyw Internecie. Z przetlumaczeniem na j\u0119zyk polski poradzili\u015bmy sobie znakomicie.<\/div>\n<div>Kiedy przyszla pora na s\u0142uchanie opowiadania z uwag\u0105 i skupieniem wys\u0142uchali\u015bmy ba\u015bni\u00a0<em>Calineczka<\/em>,<\/div>\n<div>kt\u00f3r\u0105 czyta\u0142y dwie osoby. By\u0142o to pi\u0119kne do\u015bwiadczenie.<\/div>\n<div><a href=\"http:\/\/bibliotekamoscisko.pl\/wp-content\/uploads\/2014\/04\/IMG_3142.jpg\"><img decoding=\"async\" class=\"aligncenter size-medium wp-image-217\" alt=\"IMG_3142\" src=\"http:\/\/bibliotekamoscisko.pl\/wp-content\/uploads\/2014\/04\/IMG_3142-300x224.jpg\" width=\"300\" height=\"224\" srcset=\"https:\/\/bibliotekamoscisko.pl\/wp-content\/uploads\/2014\/04\/IMG_3142-300x224.jpg 300w, https:\/\/bibliotekamoscisko.pl\/wp-content\/uploads\/2014\/04\/IMG_3142.jpg 467w\" sizes=\"(max-width: 300px) 100vw, 300px\" \/><\/a><\/div>\n<div>Na zako\u0144czenie tego niezwyk\u0142ego wieczoru, gdy zgas\u0142y \u015bwiat\u0142a pojawi\u0142 si\u0119 tajemniczy go\u015b\u0107&#8230;<\/div>\n<div>Czarodziej? Mag? Iluzjonista?<\/div>\n<div>A mo\u017ce sam Pan Andersen?<\/div>\n<div>Rozpocz\u0119\u0142a si\u0119 na dobre szalona zabawa..<\/div>\n<div>\u00a0 \u00a0 \u00a0 \u00a0 \u00a0 \u00a0 \u00a0 \u00a0 \u00a0 \u00a0 \u00a0 \u00a0 \u00a0 \u00a0 \u00a0 \u00a0 \u00a0 \u00a0 \u00a0 \u00a0 \u00a0 \u00a0 \u00a0 \u00a0 \u00a0 \u00a0 \u00a0 \u00a0 \u00a0 \u00a0 \u00a0 \u00a0 \u00a0 \u00a0 \u00a0 \u00a0 \u00a0 \u00a0 \u00a0 \u00a0 \u00a0 \u00a0 \u00a0 \u00a0 \u00a0 \u00a0 \u00a0 \u00a0 \u00a0 \u00a0 \u00a0 \u00a0 \u00a0 \u00a0Maria Kirkiewicz<\/div>\n","protected":false},"excerpt":{"rendered":"<p>Mi\u0119dzynarodowy Dzie\u0144 Ksi\u0105\u017cki Dzieci\u0119cej obchodzony jest 2 kwietnia. Pewna czeska bibliotekarka postanowila uczci\u0107 to \u015bwi\u0119to i zorganizowa\u0142a w swojej bibliotece Noc z Andersenem. H.Ch.Andersen urodzi\u0142 sie 4 kwietnia, wi\u0119c by\u0142a [&hellip;]<\/p>\n","protected":false},"author":1,"featured_media":0,"comment_status":"open","ping_status":"open","sticky":false,"template":"","format":"standard","meta":{"ngg_post_thumbnail":0,"footnotes":""},"categories":[1],"tags":[],"class_list":["post-215","post","type-post","status-publish","format-standard","hentry","category-uncategorized"],"_links":{"self":[{"href":"https:\/\/bibliotekamoscisko.pl\/index.php?rest_route=\/wp\/v2\/posts\/215","targetHints":{"allow":["GET"]}}],"collection":[{"href":"https:\/\/bibliotekamoscisko.pl\/index.php?rest_route=\/wp\/v2\/posts"}],"about":[{"href":"https:\/\/bibliotekamoscisko.pl\/index.php?rest_route=\/wp\/v2\/types\/post"}],"author":[{"embeddable":true,"href":"https:\/\/bibliotekamoscisko.pl\/index.php?rest_route=\/wp\/v2\/users\/1"}],"replies":[{"embeddable":true,"href":"https:\/\/bibliotekamoscisko.pl\/index.php?rest_route=%2Fwp%2Fv2%2Fcomments&post=215"}],"version-history":[{"count":2,"href":"https:\/\/bibliotekamoscisko.pl\/index.php?rest_route=\/wp\/v2\/posts\/215\/revisions"}],"predecessor-version":[{"id":219,"href":"https:\/\/bibliotekamoscisko.pl\/index.php?rest_route=\/wp\/v2\/posts\/215\/revisions\/219"}],"wp:attachment":[{"href":"https:\/\/bibliotekamoscisko.pl\/index.php?rest_route=%2Fwp%2Fv2%2Fmedia&parent=215"}],"wp:term":[{"taxonomy":"category","embeddable":true,"href":"https:\/\/bibliotekamoscisko.pl\/index.php?rest_route=%2Fwp%2Fv2%2Fcategories&post=215"},{"taxonomy":"post_tag","embeddable":true,"href":"https:\/\/bibliotekamoscisko.pl\/index.php?rest_route=%2Fwp%2Fv2%2Ftags&post=215"}],"curies":[{"name":"wp","href":"https:\/\/api.w.org\/{rel}","templated":true}]}}