{"id":2162,"date":"2015-10-23T10:32:30","date_gmt":"2015-10-23T10:32:30","guid":{"rendered":"http:\/\/bibliotekamoscisko.pl\/?p=2162"},"modified":"2015-10-23T10:32:30","modified_gmt":"2015-10-23T10:32:30","slug":"wladyslaw-reymont-patronem-biblioteki","status":"publish","type":"post","link":"https:\/\/bibliotekamoscisko.pl\/?p=2162","title":{"rendered":"W\u0142adys\u0142aw Reymont patronem biblioteki"},"content":{"rendered":"<p>Biblioteka Publiczna Gminy Dzier\u017coni\u00f3w ma od wczoraj swojego patrona. Zosta\u0142 nim W\u0142adys\u0142aw Reymont &#8211; polski pisarz, prozaik i nowelista, laureat Nagrody Nobla w dziedzinie literatury za czterotomow\u0105 powie\u015b\u0107 &#8222;Ch\u0142opi&#8221;.<\/p>\n<p>Uroczysto\u015b\u0107 nadania bibliotece imienia tego wybitnego tw\u00f3rcy odby\u0142a si\u0119 w czwartek 22 pa\u017adziernika w Centrum Biblioteczno-Kulturalnym w Mo\u015bcisku. Swoj\u0105 obecno\u015bci\u0105 zaszczycili nas: Teresa \u015awi\u0142o &#8211; Pose\u0142 na Sejm RP, Stanis\u0142aw Jurcewicz &#8211; Senator RP, Tomasz Smolarz &#8211; Wojewoda Dolno\u015bl\u0105ski, Tadeusz Samborski &#8211; cz\u0142onek Zarz\u0105du Wojew\u00f3dztwa Dolno\u015bl\u0105skiego, Jerzy Wi\u0119c\u0142awski &#8211; dyrektor Wydzia\u0142u Edukacji i Nauki Urz\u0119du Marsza\u0142kowskiego Wojew\u00f3dztwa Dolno\u015bl\u0105skiego, Andrzej Tyws &#8211; dyrektor Dolno\u015bl\u0105skiej Biblioteki Publicznej we Wroc\u0142awiu, Marek Piorun &#8211; Wicestarosta Dzier\u017coniowski, Andrzej Bolis\u0119ga &#8211; zast\u0119pca Burmistrza Dzier\u017coniowa, Marek Mitraszewski &#8211; Komendant Powiatowy Policji w Dzier\u017coniowie, Marek Hajduk &#8211; Komendant Powiatowy Pa\u0144stwowej Stra\u017cy Po\u017carnej w Dzier\u017coniowie, a tak\u017ce radni, so\u0142tysi, dyrektorzy i nauczyciele gminnych plac\u00f3wek o\u015bwiatowych oraz dyrektorzy bibliotek z terenu powiatu dzier\u017coniowskiego.<\/p>\n<p>Uroczysto\u015bci rozpocz\u0119\u0142y si\u0119 hymnem gminy Dzier\u017coni\u00f3w wykonanym przez uczni\u00f3w Szko\u0142y Podstawowej im. Jana Paw\u0142a II w Tuszynie. Wsp\u00f3lny wyst\u0119p przygotowa\u0142y tak\u017ce gminne zespo\u0142y folklorystyczne. Go\u015bcie obejrzeli r\u00f3wnie\u017c monta\u017c poetycko-muzyczny w wykonaniu aktor\u00f3w Aurelii Sobczak i Stanis\u0142awa G\u00f3rki, obejmuj\u0105cy tw\u00f3rczo\u015b\u0107 W\u0142adys\u0142awa Reymonta i przybli\u017caj\u0105cy powojenn\u0105 histori\u0119 Dolnego \u015al\u0105ska.<\/p>\n<p>Akt nadania imienia &#8211; uchwa\u0142\u0119 Rady Gminy Dzier\u017coni\u00f3w odczyta\u0142 jej przewodnicz\u0105cy Grzegorz Pow\u0105zka. W czasie uroczysto\u015bci ods\u0142oni\u0119to te\u017c tablic\u0119 upami\u0119tniaj\u0105c\u0105 wydarzenie, a zaproszeni go\u015bcie przekazali na r\u0119ce dyrektor biblioteki Justyny Kaczorowskiej pami\u0105tkowe prezenty, \u017cyczenia i gratulacje.<\/p>\n<div id='gallery-1' class='gallery galleryid-2162 gallery-columns-3 gallery-size-thumbnail'><figure class='gallery-item'>\n\t\t\t<div class='gallery-icon landscape'>\n\t\t\t\t<a href='https:\/\/bibliotekamoscisko.pl\/?attachment_id=2163'><img decoding=\"async\" width=\"150\" height=\"150\" src=\"https:\/\/bibliotekamoscisko.pl\/wp-content\/uploads\/2015\/10\/DSCF4118-150x150.jpeg\" class=\"attachment-thumbnail size-thumbnail\" alt=\"\" \/><\/a>\n\t\t\t<\/div><\/figure><figure class='gallery-item'>\n\t\t\t<div class='gallery-icon landscape'>\n\t\t\t\t<a href='https:\/\/bibliotekamoscisko.pl\/?attachment_id=2164'><img decoding=\"async\" width=\"150\" height=\"150\" src=\"https:\/\/bibliotekamoscisko.pl\/wp-content\/uploads\/2015\/10\/DSCF4122-150x150.jpeg\" class=\"attachment-thumbnail size-thumbnail\" alt=\"\" \/><\/a>\n\t\t\t<\/div><\/figure><figure class='gallery-item'>\n\t\t\t<div class='gallery-icon landscape'>\n\t\t\t\t<a href='https:\/\/bibliotekamoscisko.pl\/?attachment_id=2165'><img decoding=\"async\" width=\"150\" height=\"150\" src=\"https:\/\/bibliotekamoscisko.pl\/wp-content\/uploads\/2015\/10\/DSCF4137-150x150.jpeg\" class=\"attachment-thumbnail size-thumbnail\" alt=\"\" \/><\/a>\n\t\t\t<\/div><\/figure><figure class='gallery-item'>\n\t\t\t<div class='gallery-icon landscape'>\n\t\t\t\t<a href='https:\/\/bibliotekamoscisko.pl\/?attachment_id=2166'><img loading=\"lazy\" decoding=\"async\" width=\"150\" height=\"150\" src=\"https:\/\/bibliotekamoscisko.pl\/wp-content\/uploads\/2015\/10\/DSCF4157-150x150.jpeg\" class=\"attachment-thumbnail size-thumbnail\" alt=\"\" \/><\/a>\n\t\t\t<\/div><\/figure><figure class='gallery-item'>\n\t\t\t<div class='gallery-icon landscape'>\n\t\t\t\t<a href='https:\/\/bibliotekamoscisko.pl\/?attachment_id=2167'><img loading=\"lazy\" decoding=\"async\" width=\"150\" height=\"150\" src=\"https:\/\/bibliotekamoscisko.pl\/wp-content\/uploads\/2015\/10\/DSCF4168-150x150.jpeg\" class=\"attachment-thumbnail size-thumbnail\" alt=\"\" \/><\/a>\n\t\t\t<\/div><\/figure><figure class='gallery-item'>\n\t\t\t<div class='gallery-icon landscape'>\n\t\t\t\t<a href='https:\/\/bibliotekamoscisko.pl\/?attachment_id=2168'><img loading=\"lazy\" decoding=\"async\" width=\"150\" height=\"150\" src=\"https:\/\/bibliotekamoscisko.pl\/wp-content\/uploads\/2015\/10\/DSCF4244-150x150.jpeg\" class=\"attachment-thumbnail size-thumbnail\" alt=\"\" \/><\/a>\n\t\t\t<\/div><\/figure><figure class='gallery-item'>\n\t\t\t<div class='gallery-icon landscape'>\n\t\t\t\t<a href='https:\/\/bibliotekamoscisko.pl\/?attachment_id=2169'><img loading=\"lazy\" decoding=\"async\" width=\"150\" height=\"150\" src=\"https:\/\/bibliotekamoscisko.pl\/wp-content\/uploads\/2015\/10\/DSCF4262-150x150.jpeg\" class=\"attachment-thumbnail size-thumbnail\" alt=\"\" \/><\/a>\n\t\t\t<\/div><\/figure><figure class='gallery-item'>\n\t\t\t<div class='gallery-icon landscape'>\n\t\t\t\t<a href='https:\/\/bibliotekamoscisko.pl\/?attachment_id=2170'><img loading=\"lazy\" decoding=\"async\" width=\"150\" height=\"150\" src=\"https:\/\/bibliotekamoscisko.pl\/wp-content\/uploads\/2015\/10\/IMG_0548-150x150.jpg\" class=\"attachment-thumbnail size-thumbnail\" alt=\"\" \/><\/a>\n\t\t\t<\/div><\/figure><figure class='gallery-item'>\n\t\t\t<div class='gallery-icon landscape'>\n\t\t\t\t<a href='https:\/\/bibliotekamoscisko.pl\/?attachment_id=2171'><img loading=\"lazy\" decoding=\"async\" width=\"150\" height=\"150\" src=\"https:\/\/bibliotekamoscisko.pl\/wp-content\/uploads\/2015\/10\/IMG_0576-150x150.jpg\" class=\"attachment-thumbnail size-thumbnail\" alt=\"\" \/><\/a>\n\t\t\t<\/div><\/figure><figure class='gallery-item'>\n\t\t\t<div class='gallery-icon landscape'>\n\t\t\t\t<a href='https:\/\/bibliotekamoscisko.pl\/?attachment_id=2172'><img loading=\"lazy\" decoding=\"async\" width=\"150\" height=\"150\" src=\"https:\/\/bibliotekamoscisko.pl\/wp-content\/uploads\/2015\/10\/IMG_0597-150x150.jpg\" class=\"attachment-thumbnail size-thumbnail\" alt=\"\" srcset=\"https:\/\/bibliotekamoscisko.pl\/wp-content\/uploads\/2015\/10\/IMG_0597-150x150.jpg 150w, https:\/\/bibliotekamoscisko.pl\/wp-content\/uploads\/2015\/10\/IMG_0597-300x300.jpg 300w, https:\/\/bibliotekamoscisko.pl\/wp-content\/uploads\/2015\/10\/IMG_0597.jpg 640w\" sizes=\"(max-width: 150px) 100vw, 150px\" \/><\/a>\n\t\t\t<\/div><\/figure>\n\t\t<\/div>\n\n<p>Mamy nadziej\u0119, \u017ce posta\u0107 nowego patrona stanie si\u0119 dla odwiedzaj\u0105cych bibliotek\u0119 inspiracj\u0105 i zach\u0119ci czytelnik\u00f3w do cz\u0119stszego si\u0119gania po dzie\u0142a wybitnych polskich tw\u00f3rc\u00f3w.<\/p>\n<p>&nbsp;<\/p>\n<h6>cyt za\u00a0http:\/\/www.ug.dzierzoniow.pl\/<\/h6>\n","protected":false},"excerpt":{"rendered":"<p>Biblioteka Publiczna Gminy Dzier\u017coni\u00f3w ma od wczoraj swojego patrona. Zosta\u0142 nim W\u0142adys\u0142aw Reymont &#8211; polski pisarz, prozaik i nowelista, laureat Nagrody Nobla w dziedzinie literatury za czterotomow\u0105 powie\u015b\u0107 &#8222;Ch\u0142opi&#8221;. Uroczysto\u015b\u0107 [&hellip;]<\/p>\n","protected":false},"author":1,"featured_media":2171,"comment_status":"closed","ping_status":"open","sticky":false,"template":"","format":"standard","meta":{"ngg_post_thumbnail":0,"footnotes":""},"categories":[1],"tags":[],"class_list":["post-2162","post","type-post","status-publish","format-standard","has-post-thumbnail","hentry","category-uncategorized"],"_links":{"self":[{"href":"https:\/\/bibliotekamoscisko.pl\/index.php?rest_route=\/wp\/v2\/posts\/2162","targetHints":{"allow":["GET"]}}],"collection":[{"href":"https:\/\/bibliotekamoscisko.pl\/index.php?rest_route=\/wp\/v2\/posts"}],"about":[{"href":"https:\/\/bibliotekamoscisko.pl\/index.php?rest_route=\/wp\/v2\/types\/post"}],"author":[{"embeddable":true,"href":"https:\/\/bibliotekamoscisko.pl\/index.php?rest_route=\/wp\/v2\/users\/1"}],"replies":[{"embeddable":true,"href":"https:\/\/bibliotekamoscisko.pl\/index.php?rest_route=%2Fwp%2Fv2%2Fcomments&post=2162"}],"version-history":[{"count":2,"href":"https:\/\/bibliotekamoscisko.pl\/index.php?rest_route=\/wp\/v2\/posts\/2162\/revisions"}],"predecessor-version":[{"id":2175,"href":"https:\/\/bibliotekamoscisko.pl\/index.php?rest_route=\/wp\/v2\/posts\/2162\/revisions\/2175"}],"wp:featuredmedia":[{"embeddable":true,"href":"https:\/\/bibliotekamoscisko.pl\/index.php?rest_route=\/wp\/v2\/media\/2171"}],"wp:attachment":[{"href":"https:\/\/bibliotekamoscisko.pl\/index.php?rest_route=%2Fwp%2Fv2%2Fmedia&parent=2162"}],"wp:term":[{"taxonomy":"category","embeddable":true,"href":"https:\/\/bibliotekamoscisko.pl\/index.php?rest_route=%2Fwp%2Fv2%2Fcategories&post=2162"},{"taxonomy":"post_tag","embeddable":true,"href":"https:\/\/bibliotekamoscisko.pl\/index.php?rest_route=%2Fwp%2Fv2%2Ftags&post=2162"}],"curies":[{"name":"wp","href":"https:\/\/api.w.org\/{rel}","templated":true}]}}