{"id":220,"date":"2014-04-03T12:23:23","date_gmt":"2014-04-03T12:23:23","guid":{"rendered":"http:\/\/bibliotekamoscisko.pl\/?p=220"},"modified":"2014-04-16T11:26:46","modified_gmt":"2014-04-16T11:26:46","slug":"wystawa-mlodych-artystow-z-pilawy-dolnej","status":"publish","type":"post","link":"https:\/\/bibliotekamoscisko.pl\/?p=220","title":{"rendered":"Wystawa m\u0142odych artyst\u00f3w z Pi\u0142awy Dolnej"},"content":{"rendered":"<p>Zapraszamy do obejrzenia prac m\u0142odych artyst\u00f3w z Pi\u0142awy Dolnej.<\/p>\n<p>Na warsztatach plastycznych realizowanych w ramach projektu Kreatywna Biblioteka powstaj\u0105 niezwyk\u0142e obrazy. Mo\u017cna je podziwia\u0107 w Bibliotece w Mo\u015bcisku.<\/p>\n<p style=\"text-align: center;\"><a href=\"http:\/\/bibliotekamoscisko.pl\/wp-content\/uploads\/2014\/04\/DSCN2565.jpg\"><img fetchpriority=\"high\" decoding=\"async\" class=\"size-medium wp-image-221 aligncenter\" alt=\"DSCN2565\" src=\"http:\/\/bibliotekamoscisko.pl\/wp-content\/uploads\/2014\/04\/DSCN2565-300x225.jpg\" width=\"300\" height=\"225\" srcset=\"https:\/\/bibliotekamoscisko.pl\/wp-content\/uploads\/2014\/04\/DSCN2565-300x225.jpg 300w, https:\/\/bibliotekamoscisko.pl\/wp-content\/uploads\/2014\/04\/DSCN2565-1024x768.jpg 1024w\" sizes=\"(max-width: 300px) 100vw, 300px\" \/><\/a><\/p>\n<p><span style=\"font-size: 14px; line-height: 1.5em;\">Uczniowie klasy III, Szko\u0142y Podstawowej w Pi\u0142awie Dolnej, korzystaj\u0105 z ciekawych malarskich warsztat\u00f3w. W miesi\u0105cu marcu pod fachowym okiem pana Tadeusza Kwazebarda dzieci malowa\u0142y sw\u00f3j pierwszy obraz na p\u0142\u00f3tnie. Prace malowane by\u0142y farbami akrylowymi, dzieci poch\u0142oni\u0119ty by\u0142y swoj\u0105 malarsk\u0105 tw\u00f3rczo\u015bci\u0105. Zaj\u0119cie by\u0142o pracoch\u0142onne, bowiem zaj\u0119\u0142o to no trzy kolejne spotkania. Pierwszy etap to szkic o\u0142\u00f3wkiem na p\u0142\u00f3tnie, kolejny to nak\u0142adanie farby, uzupe\u0142nianie t\u0142a, kontur\u00f3w, aby na koniec na blejtramie pojawi\u0142y si\u0119 dzieci\u0119ce, bajkowe krajobrazy.<\/span><\/p>\n<p>Mali arty\u015bci sami byli zachwyceni efektami swojej pracy. U\u015bmiechem dzi\u0119kowali swojemu mistrzowi panu Tadeuszowi.<\/p>\n<p align=\"right\">Wanda Kun<\/p>\n<p><a href=\"http:\/\/bibliotekamoscisko.pl\/wp-content\/uploads\/2014\/04\/warsztaty.jpg\"><img decoding=\"async\" class=\"aligncenter size-medium wp-image-223\" alt=\"warsztaty\" src=\"http:\/\/bibliotekamoscisko.pl\/wp-content\/uploads\/2014\/04\/warsztaty-300x168.jpg\" width=\"300\" height=\"168\" srcset=\"https:\/\/bibliotekamoscisko.pl\/wp-content\/uploads\/2014\/04\/warsztaty-300x168.jpg 300w, https:\/\/bibliotekamoscisko.pl\/wp-content\/uploads\/2014\/04\/warsztaty-1024x576.jpg 1024w, https:\/\/bibliotekamoscisko.pl\/wp-content\/uploads\/2014\/04\/warsztaty.jpg 1920w\" sizes=\"(max-width: 300px) 100vw, 300px\" \/><\/a><br \/>\nPrace dzieci z Zespo\u0142u Szkolno-Przedszkolnego w Pi\u0142awie Dolnej, klasa III :<br \/>\n\u2022 Anio\u0142czyk Wojciech<br \/>\n\u2022 Cio\u0142ko Jakub<br \/>\n\u2022 Frygies Kuba<br \/>\n\u2022 Graczyk Dawid<br \/>\n\u2022 Karda\u015b Dominik<br \/>\n\u2022 Kozobucka Aleksandra<br \/>\n\u2022 Ku\u017ami\u0144ski Hubert<br \/>\n\u2022 Macherzy\u0144ski Adrian<br \/>\n\u2022 Pindera Edyta<br \/>\n\u2022 Stodolica Miko\u0142aj<br \/>\n\u2022 Umi\u0144ska Maja<br \/>\nProwadzenie warsztat\u00f3w malarskich \u2013 Tadeusz Kwazebard.<\/p>\n","protected":false},"excerpt":{"rendered":"<p>Zapraszamy do obejrzenia prac m\u0142odych artyst\u00f3w z Pi\u0142awy Dolnej. Na warsztatach plastycznych realizowanych w ramach projektu Kreatywna Biblioteka powstaj\u0105 niezwyk\u0142e obrazy. Mo\u017cna je podziwia\u0107 w Bibliotece w Mo\u015bcisku. Uczniowie klasy [&hellip;]<\/p>\n","protected":false},"author":1,"featured_media":0,"comment_status":"open","ping_status":"open","sticky":false,"template":"","format":"standard","meta":{"ngg_post_thumbnail":0,"footnotes":""},"categories":[1],"tags":[],"class_list":["post-220","post","type-post","status-publish","format-standard","hentry","category-uncategorized"],"_links":{"self":[{"href":"https:\/\/bibliotekamoscisko.pl\/index.php?rest_route=\/wp\/v2\/posts\/220","targetHints":{"allow":["GET"]}}],"collection":[{"href":"https:\/\/bibliotekamoscisko.pl\/index.php?rest_route=\/wp\/v2\/posts"}],"about":[{"href":"https:\/\/bibliotekamoscisko.pl\/index.php?rest_route=\/wp\/v2\/types\/post"}],"author":[{"embeddable":true,"href":"https:\/\/bibliotekamoscisko.pl\/index.php?rest_route=\/wp\/v2\/users\/1"}],"replies":[{"embeddable":true,"href":"https:\/\/bibliotekamoscisko.pl\/index.php?rest_route=%2Fwp%2Fv2%2Fcomments&post=220"}],"version-history":[{"count":3,"href":"https:\/\/bibliotekamoscisko.pl\/index.php?rest_route=\/wp\/v2\/posts\/220\/revisions"}],"predecessor-version":[{"id":306,"href":"https:\/\/bibliotekamoscisko.pl\/index.php?rest_route=\/wp\/v2\/posts\/220\/revisions\/306"}],"wp:attachment":[{"href":"https:\/\/bibliotekamoscisko.pl\/index.php?rest_route=%2Fwp%2Fv2%2Fmedia&parent=220"}],"wp:term":[{"taxonomy":"category","embeddable":true,"href":"https:\/\/bibliotekamoscisko.pl\/index.php?rest_route=%2Fwp%2Fv2%2Fcategories&post=220"},{"taxonomy":"post_tag","embeddable":true,"href":"https:\/\/bibliotekamoscisko.pl\/index.php?rest_route=%2Fwp%2Fv2%2Ftags&post=220"}],"curies":[{"name":"wp","href":"https:\/\/api.w.org\/{rel}","templated":true}]}}