{"id":2222,"date":"2015-11-05T12:43:59","date_gmt":"2015-11-05T12:43:59","guid":{"rendered":"http:\/\/bibliotekamoscisko.pl\/?p=2222"},"modified":"2015-11-05T12:43:59","modified_gmt":"2015-11-05T12:43:59","slug":"spotkanie-konsultacyjne-dotyczace-lokalnej-strategii-rozwoju","status":"publish","type":"post","link":"https:\/\/bibliotekamoscisko.pl\/?p=2222","title":{"rendered":"Spotkanie konsultacyjne dotycz\u0105ce Lokalnej Strategii Rozwoju"},"content":{"rendered":"<p><a href=\"http:\/\/bibliotekamoscisko.pl\/wp-content\/uploads\/2015\/11\/LSR.jpg\"><img fetchpriority=\"high\" decoding=\"async\" class=\"aligncenter size-full wp-image-2223\" src=\"http:\/\/bibliotekamoscisko.pl\/wp-content\/uploads\/2015\/11\/LSR.jpg\" alt=\"LSR\" width=\"394\" height=\"566\" srcset=\"https:\/\/bibliotekamoscisko.pl\/wp-content\/uploads\/2015\/11\/LSR.jpg 394w, https:\/\/bibliotekamoscisko.pl\/wp-content\/uploads\/2015\/11\/LSR-209x300.jpg 209w\" sizes=\"(max-width: 394px) 100vw, 394px\" \/><\/a><\/p>\n<p><strong>\u00a0 \u00a0 \u00a0 \u00a0 \u00a0 \u00a0 \u00a0 \u00a0 \u00a0 \u00a0 \u00a0 \u00a0 \u00a0 \u00a0 \u00a0 \u00a0 \u00a0 \u00a0 \u00a0 \u00a0 \u00a0 \u00a0 \u00a0 \u00a0 <span style=\"text-decoration: underline;\">ZAPROSZENIE<\/span><u> NA SPOTKANIA KONSULTACYJNE<\/u><\/strong><\/p>\n<p><strong>dotycz\u0105ce prezentacji projektu tworzonej Lokalnej Strategii Rozwoju w obszarze funkcjonowania Lokalnej Grupy Dzia\u0142ania \u015al\u0119\u017canie w ramach PROW 2014-2020\u201d<\/strong><\/p>\n<p><strong>\u00a0<\/strong><\/p>\n<p>Zapraszamy serdecznie wszystkie zainteresowane osoby do udzia\u0142u w spotkaniach organizowanych w gminach nale\u017c\u0105cych do Lokalnej Grupy Dzia\u0142ania \u2013 \u015al\u0119\u017canie tj. Dzier\u017coni\u00f3w, Niemcza, \u0141agiewniki, Mietk\u00f3w, Marcinowice, Jordan\u00f3w \u015al\u0105ski Pi\u0142awa G\u00f3rna i Sob\u00f3tka.<\/p>\n<p>&nbsp;<\/p>\n<p>W zwi\u0105zku z trwaj\u0105cymi pracami nad nowotworzon\u0105 Lokaln\u0105 Strategi\u0105 Rozwoju dla LGD \u015al\u0119\u017canie chcieliby\u015bmy zaprosi\u0107 Pa\u0144stwa do wsp\u00f3lnej konsultacji g\u0142\u00f3wnych za\u0142o\u017ce\u0144 tego dokumentu, b\u0119d\u0105cych wynikiem pracy zespo\u0142u roboczego do tworzenia LSR. W trakcie poprzednich konsultacji zebrali\u015bmy Pa\u0144stwa uwagi i poddali\u015bmy je g\u0142\u0119bokiej analizie. Jej wyniki zosta\u0142y uwzgl\u0119dnione w trakcie tworzenia LSR i przedstawione zostan\u0105 Pa\u0144stwu w trakcie spotka\u0144.<\/p>\n<p>Pa\u0144stwa g\u0142os w procesie konsultacji wsp\u00f3lnie wypracowanych \u00a0za\u0142o\u017ce\u0144 LSR jest dla nas niezwykle istotny i w zwi\u0105zku z tym maj\u0105 Pa\u0144stwo realny wp\u0142yw na to w jakim kierunku b\u0119dziemy pod\u0105\u017ca\u0107 w kolejnym okresie programowania.<\/p>\n<p>Mamy g\u0142\u0119bok\u0105 nadziej\u0119 na zaanga\u017cowanie z Pa\u0144stwa strony i pomoc przy tworzeniu nowej Lokalnej Strategii Rozwoju, tak, aby by\u0142a ona opracowana na miar\u0119 potrzeb i oczekiwa\u0144 mieszka\u0144c\u00f3w z terenu Lokalnej Grupy Dzia\u0142ania \u015al\u0119\u017canie.<\/p>\n<p>Maj\u0105 Pa\u0144stwo zupe\u0142n\u0105 swobod\u0119 wyboru \u00a0miejsca uczestnictwa w spotkaniach konsultacyjnych, mo\u017cna si\u0119 porusza\u0107 po ca\u0142ym terenie Lokalnej Grupy Dzia\u0142ania, niezale\u017cnie od miejsca zamieszkania.<\/p>\n<p>Aby wzi\u0105\u0107 udzia\u0142 w spotkaniach nie trzeba si\u0119 zapisywa\u0107, nale\u017cy tylko przyj\u015b\u0107 i czynnie uczestniczy\u0107, podpisuj\u0105c list\u0119 obecno\u015bci.<\/p>\n<p>Wszystkie zebrane podczas spotka\u0144 informacje zostan\u0105 poddane wnikliwej analizie przez zesp\u00f3\u0142 roboczy tworz\u0105cy Lokaln\u0105 Strategi\u0119 Rozwoju.<\/p>\n<p>LICZYMY NA PA\u0143STWA POMOC W ROZPOWSZECHNIANIU I ZBIERANIU INFORMACJI.<\/p>\n<p>Informacje o terminach i miejscach spotka\u0144 z mieszka\u0144cami znajdziecie te\u017c Pa\u0144stwo na naszej stronie <a href=\"http:\/\/www.slezanie\">www.slezanie<\/a>.eu<\/p>\n<p>Stowarzyszenie <strong>&#8222;\u015al\u0119\u017canie &#8211; Lokalna Grupa Dzia\u0142ania&#8221;<\/strong><strong><br \/>\n<\/strong><strong>ul. Ko\u015bciuszki 7\/9<\/strong><strong>, <\/strong><strong>55-050 Sob\u00f3tka<\/strong><strong><br \/>\n<\/strong><strong>tel. 71 31 62\u00a0171, \u00a0e-mail info@sleza.pl<\/strong><strong><br \/>\nwww.slezanie.eu<\/strong><\/p>\n","protected":false},"excerpt":{"rendered":"<p>\u00a0 \u00a0 \u00a0 \u00a0 \u00a0 \u00a0 \u00a0 \u00a0 \u00a0 \u00a0 \u00a0 \u00a0 \u00a0 \u00a0 \u00a0 \u00a0 \u00a0 \u00a0 \u00a0 \u00a0 \u00a0 \u00a0 \u00a0 \u00a0 ZAPROSZENIE NA SPOTKANIA KONSULTACYJNE dotycz\u0105ce prezentacji [&hellip;]<\/p>\n","protected":false},"author":1,"featured_media":235,"comment_status":"closed","ping_status":"open","sticky":false,"template":"","format":"standard","meta":{"ngg_post_thumbnail":0,"footnotes":""},"categories":[1],"tags":[],"class_list":["post-2222","post","type-post","status-publish","format-standard","has-post-thumbnail","hentry","category-uncategorized"],"_links":{"self":[{"href":"https:\/\/bibliotekamoscisko.pl\/index.php?rest_route=\/wp\/v2\/posts\/2222","targetHints":{"allow":["GET"]}}],"collection":[{"href":"https:\/\/bibliotekamoscisko.pl\/index.php?rest_route=\/wp\/v2\/posts"}],"about":[{"href":"https:\/\/bibliotekamoscisko.pl\/index.php?rest_route=\/wp\/v2\/types\/post"}],"author":[{"embeddable":true,"href":"https:\/\/bibliotekamoscisko.pl\/index.php?rest_route=\/wp\/v2\/users\/1"}],"replies":[{"embeddable":true,"href":"https:\/\/bibliotekamoscisko.pl\/index.php?rest_route=%2Fwp%2Fv2%2Fcomments&post=2222"}],"version-history":[{"count":2,"href":"https:\/\/bibliotekamoscisko.pl\/index.php?rest_route=\/wp\/v2\/posts\/2222\/revisions"}],"predecessor-version":[{"id":2225,"href":"https:\/\/bibliotekamoscisko.pl\/index.php?rest_route=\/wp\/v2\/posts\/2222\/revisions\/2225"}],"wp:featuredmedia":[{"embeddable":true,"href":"https:\/\/bibliotekamoscisko.pl\/index.php?rest_route=\/wp\/v2\/media\/235"}],"wp:attachment":[{"href":"https:\/\/bibliotekamoscisko.pl\/index.php?rest_route=%2Fwp%2Fv2%2Fmedia&parent=2222"}],"wp:term":[{"taxonomy":"category","embeddable":true,"href":"https:\/\/bibliotekamoscisko.pl\/index.php?rest_route=%2Fwp%2Fv2%2Fcategories&post=2222"},{"taxonomy":"post_tag","embeddable":true,"href":"https:\/\/bibliotekamoscisko.pl\/index.php?rest_route=%2Fwp%2Fv2%2Ftags&post=2222"}],"curies":[{"name":"wp","href":"https:\/\/api.w.org\/{rel}","templated":true}]}}