{"id":2244,"date":"2015-11-07T12:53:31","date_gmt":"2015-11-07T12:53:31","guid":{"rendered":"http:\/\/bibliotekamoscisko.pl\/?p=2244"},"modified":"2015-11-07T12:53:31","modified_gmt":"2015-11-07T12:53:31","slug":"marszalek-jak-zywy","status":"publish","type":"post","link":"https:\/\/bibliotekamoscisko.pl\/?p=2244","title":{"rendered":"Marsza\u0142ek jak \u017cywy"},"content":{"rendered":"<div>Pi\u0105tek 6 listopada w \u00a0bibliotece w Ostroszowicach up\u0142yn\u0105\u0142 pod znakiem rozpocz\u0119cia\u00a0cyklu spotka\u0144 patriotycznych.\u00a0Chcemy godnie przygotowa\u0107 si\u0119 do obchod\u00f3w \u015awi\u0119ta Niepodleg\u0142o\u015bci.<\/div>\n<div>Klasa trzecia z Pani\u0105 Alicj\u0105 Najwer wzi\u0119\u0142a udzia\u0142 w pogadance o Marsza\u0142ku J\u00f3zefie Pi\u0142sudskim.\u00a0Dzieci wylicza\u0142y jakie cechy powinien posiada\u0107 dow\u00f3dca, a tak\u017ce zastanawia\u0142y si\u0119 kto spo\u015br\u00f3d nich m\u00f3g\u0142by zosta\u0107 wodzem.<\/div>\n<div>Du\u017ce zaanga\u017cowanie wykaza\u0142y dzieci podczas kolorowania portretu Marsza\u0142ka.\u00a0Szkic J\u00f3zefa Pi\u0142sudskiego wykona\u0142a Pani Ewelina Kaleta, kt\u00f3rej dzi\u0119kujemy.\u00a0S\u0142owo patriotyzm jest bardzo trudne do zdefiniowania. Pom\u00f3g\u0142 nam w tym Dekalog wsp\u00f3\u0142czesnego patrioty.<\/div>\n<div>Na zako\u0144czenie spotkania wys\u0142uchali\u015bmy piosenki.<\/div>\n<div><em>&#8222;Wojenko, wojenko,<\/em><\/div>\n<div><em>c\u00f3\u017ce\u015b ty za pani,<\/em><\/div>\n<div><em>\u017ce za tob\u0105 id\u0105,<\/em><\/div>\n<div><em>\u017ce za tob\u0105 id\u0105<\/em><\/div>\n<div><em>ch\u0142opcy malowani&#8230;&#8221;<\/em><\/div>\n<div>\n<div id='gallery-1' class='gallery galleryid-2244 gallery-columns-3 gallery-size-thumbnail'><figure class='gallery-item'>\n\t\t\t<div class='gallery-icon landscape'>\n\t\t\t\t<a href='https:\/\/bibliotekamoscisko.pl\/?attachment_id=2245'><img decoding=\"async\" width=\"150\" height=\"150\" src=\"https:\/\/bibliotekamoscisko.pl\/wp-content\/uploads\/2015\/11\/swieto-niepodleglosci1-150x150.jpg\" class=\"attachment-thumbnail size-thumbnail\" alt=\"\" \/><\/a>\n\t\t\t<\/div><\/figure><figure class='gallery-item'>\n\t\t\t<div class='gallery-icon portrait'>\n\t\t\t\t<a href='https:\/\/bibliotekamoscisko.pl\/?attachment_id=2246'><img decoding=\"async\" width=\"150\" height=\"150\" src=\"https:\/\/bibliotekamoscisko.pl\/wp-content\/uploads\/2015\/11\/swieto-niepodleglosci2-150x150.jpg\" class=\"attachment-thumbnail size-thumbnail\" alt=\"\" \/><\/a>\n\t\t\t<\/div><\/figure><figure class='gallery-item'>\n\t\t\t<div class='gallery-icon landscape'>\n\t\t\t\t<a href='https:\/\/bibliotekamoscisko.pl\/?attachment_id=2247'><img decoding=\"async\" width=\"150\" height=\"150\" src=\"https:\/\/bibliotekamoscisko.pl\/wp-content\/uploads\/2015\/11\/swieto-niepodleglosci3-150x150.jpg\" class=\"attachment-thumbnail size-thumbnail\" alt=\"\" \/><\/a>\n\t\t\t<\/div><\/figure><figure class='gallery-item'>\n\t\t\t<div class='gallery-icon landscape'>\n\t\t\t\t<a href='https:\/\/bibliotekamoscisko.pl\/?attachment_id=2248'><img loading=\"lazy\" decoding=\"async\" width=\"150\" height=\"150\" src=\"https:\/\/bibliotekamoscisko.pl\/wp-content\/uploads\/2015\/11\/swieto-niepodleglosci4-150x150.jpg\" class=\"attachment-thumbnail size-thumbnail\" alt=\"\" \/><\/a>\n\t\t\t<\/div><\/figure>\n\t\t<\/div>\n\n<\/div>\n<div><\/div>\n<div>mk<\/div>\n","protected":false},"excerpt":{"rendered":"<p>Pi\u0105tek 6 listopada w \u00a0bibliotece w Ostroszowicach up\u0142yn\u0105\u0142 pod znakiem rozpocz\u0119cia\u00a0cyklu spotka\u0144 patriotycznych.\u00a0Chcemy godnie przygotowa\u0107 si\u0119 do obchod\u00f3w \u015awi\u0119ta Niepodleg\u0142o\u015bci. Klasa trzecia z Pani\u0105 Alicj\u0105 Najwer wzi\u0119\u0142a udzia\u0142 w pogadance [&hellip;]<\/p>\n","protected":false},"author":1,"featured_media":2246,"comment_status":"closed","ping_status":"open","sticky":false,"template":"","format":"standard","meta":{"ngg_post_thumbnail":0,"footnotes":""},"categories":[1],"tags":[],"class_list":["post-2244","post","type-post","status-publish","format-standard","has-post-thumbnail","hentry","category-uncategorized"],"_links":{"self":[{"href":"https:\/\/bibliotekamoscisko.pl\/index.php?rest_route=\/wp\/v2\/posts\/2244","targetHints":{"allow":["GET"]}}],"collection":[{"href":"https:\/\/bibliotekamoscisko.pl\/index.php?rest_route=\/wp\/v2\/posts"}],"about":[{"href":"https:\/\/bibliotekamoscisko.pl\/index.php?rest_route=\/wp\/v2\/types\/post"}],"author":[{"embeddable":true,"href":"https:\/\/bibliotekamoscisko.pl\/index.php?rest_route=\/wp\/v2\/users\/1"}],"replies":[{"embeddable":true,"href":"https:\/\/bibliotekamoscisko.pl\/index.php?rest_route=%2Fwp%2Fv2%2Fcomments&post=2244"}],"version-history":[{"count":1,"href":"https:\/\/bibliotekamoscisko.pl\/index.php?rest_route=\/wp\/v2\/posts\/2244\/revisions"}],"predecessor-version":[{"id":2249,"href":"https:\/\/bibliotekamoscisko.pl\/index.php?rest_route=\/wp\/v2\/posts\/2244\/revisions\/2249"}],"wp:featuredmedia":[{"embeddable":true,"href":"https:\/\/bibliotekamoscisko.pl\/index.php?rest_route=\/wp\/v2\/media\/2246"}],"wp:attachment":[{"href":"https:\/\/bibliotekamoscisko.pl\/index.php?rest_route=%2Fwp%2Fv2%2Fmedia&parent=2244"}],"wp:term":[{"taxonomy":"category","embeddable":true,"href":"https:\/\/bibliotekamoscisko.pl\/index.php?rest_route=%2Fwp%2Fv2%2Fcategories&post=2244"},{"taxonomy":"post_tag","embeddable":true,"href":"https:\/\/bibliotekamoscisko.pl\/index.php?rest_route=%2Fwp%2Fv2%2Ftags&post=2244"}],"curies":[{"name":"wp","href":"https:\/\/api.w.org\/{rel}","templated":true}]}}