{"id":2250,"date":"2015-11-07T12:58:00","date_gmt":"2015-11-07T12:58:00","guid":{"rendered":"http:\/\/bibliotekamoscisko.pl\/?p=2250"},"modified":"2015-11-07T14:13:03","modified_gmt":"2015-11-07T14:13:03","slug":"zapraszamy-na-wydarzenia-zwiazane-ze-swietem-niepodleglosci","status":"publish","type":"post","link":"https:\/\/bibliotekamoscisko.pl\/?p=2250","title":{"rendered":"Zapraszamy na wydarzenia zwi\u0105zane ze \u015awi\u0119tem Niepodleg\u0142o\u015bci"},"content":{"rendered":"<p><a href=\"http:\/\/bibliotekamoscisko.pl\/wp-content\/uploads\/2015\/11\/mamy-niepodlegla.jpg\"><img fetchpriority=\"high\" decoding=\"async\" class=\"aligncenter size-full wp-image-2251\" src=\"http:\/\/bibliotekamoscisko.pl\/wp-content\/uploads\/2015\/11\/mamy-niepodlegla.jpg\" alt=\"mamy niepodlegla\" width=\"704\" height=\"491\" srcset=\"https:\/\/bibliotekamoscisko.pl\/wp-content\/uploads\/2015\/11\/mamy-niepodlegla.jpg 704w, https:\/\/bibliotekamoscisko.pl\/wp-content\/uploads\/2015\/11\/mamy-niepodlegla-300x209.jpg 300w\" sizes=\"(max-width: 704px) 100vw, 704px\" \/><\/a> <a href=\"http:\/\/bibliotekamoscisko.pl\/wp-content\/uploads\/2015\/11\/11-listopada1.jpg\"><img decoding=\"async\" class=\"aligncenter size-large wp-image-2252\" src=\"http:\/\/bibliotekamoscisko.pl\/wp-content\/uploads\/2015\/11\/11-listopada1-1024x588.jpg\" alt=\"11 listopada\" width=\"1024\" height=\"588\" srcset=\"https:\/\/bibliotekamoscisko.pl\/wp-content\/uploads\/2015\/11\/11-listopada1-1024x588.jpg 1024w, https:\/\/bibliotekamoscisko.pl\/wp-content\/uploads\/2015\/11\/11-listopada1-300x172.jpg 300w, https:\/\/bibliotekamoscisko.pl\/wp-content\/uploads\/2015\/11\/11-listopada1.jpg 1084w\" sizes=\"(max-width: 1024px) 100vw, 1024px\" \/><\/a><\/p>\n<p><a href=\"http:\/\/bibliotekamoscisko.pl\/wp-content\/uploads\/2015\/11\/swieto-niepodleglosci-Tuszyn.png\"><img decoding=\"async\" class=\"aligncenter size-full wp-image-2254\" src=\"http:\/\/bibliotekamoscisko.pl\/wp-content\/uploads\/2015\/11\/swieto-niepodleglosci-Tuszyn.png\" alt=\"swieto niepodleglosci Tuszyn\" width=\"704\" height=\"496\" srcset=\"https:\/\/bibliotekamoscisko.pl\/wp-content\/uploads\/2015\/11\/swieto-niepodleglosci-Tuszyn.png 704w, https:\/\/bibliotekamoscisko.pl\/wp-content\/uploads\/2015\/11\/swieto-niepodleglosci-Tuszyn-300x211.png 300w\" sizes=\"(max-width: 704px) 100vw, 704px\" \/><\/a><\/p>\n<p>A mo\u017ce kotyliony na \u015awi\u0119to Niepodleg\u0142o\u015bci? Zapraszamy do Biblioteki w Roztoczniku w sobot\u0119 &#8211; 7 listopada o godz. 10:30<\/p>\n<p><a href=\"http:\/\/bibliotekamoscisko.pl\/wp-content\/uploads\/2015\/11\/swieto-niepodleglosci-Roztocznik.jpg\"><img loading=\"lazy\" decoding=\"async\" class=\"aligncenter size-full wp-image-2256\" src=\"http:\/\/bibliotekamoscisko.pl\/wp-content\/uploads\/2015\/11\/swieto-niepodleglosci-Roztocznik.jpg\" alt=\"swieto niepodleglosci Roztocznik\" width=\"960\" height=\"646\" srcset=\"https:\/\/bibliotekamoscisko.pl\/wp-content\/uploads\/2015\/11\/swieto-niepodleglosci-Roztocznik.jpg 960w, https:\/\/bibliotekamoscisko.pl\/wp-content\/uploads\/2015\/11\/swieto-niepodleglosci-Roztocznik-300x202.jpg 300w\" sizes=\"(max-width: 960px) 100vw, 960px\" \/><\/a><\/p>\n","protected":false},"excerpt":{"rendered":"<p>A mo\u017ce kotyliony na \u015awi\u0119to Niepodleg\u0142o\u015bci? Zapraszamy do Biblioteki w Roztoczniku w sobot\u0119 &#8211; 7 listopada o godz. 10:30<\/p>\n","protected":false},"author":1,"featured_media":2216,"comment_status":"closed","ping_status":"open","sticky":false,"template":"","format":"standard","meta":{"ngg_post_thumbnail":0,"footnotes":""},"categories":[1],"tags":[],"class_list":["post-2250","post","type-post","status-publish","format-standard","has-post-thumbnail","hentry","category-uncategorized"],"_links":{"self":[{"href":"https:\/\/bibliotekamoscisko.pl\/index.php?rest_route=\/wp\/v2\/posts\/2250","targetHints":{"allow":["GET"]}}],"collection":[{"href":"https:\/\/bibliotekamoscisko.pl\/index.php?rest_route=\/wp\/v2\/posts"}],"about":[{"href":"https:\/\/bibliotekamoscisko.pl\/index.php?rest_route=\/wp\/v2\/types\/post"}],"author":[{"embeddable":true,"href":"https:\/\/bibliotekamoscisko.pl\/index.php?rest_route=\/wp\/v2\/users\/1"}],"replies":[{"embeddable":true,"href":"https:\/\/bibliotekamoscisko.pl\/index.php?rest_route=%2Fwp%2Fv2%2Fcomments&post=2250"}],"version-history":[{"count":4,"href":"https:\/\/bibliotekamoscisko.pl\/index.php?rest_route=\/wp\/v2\/posts\/2250\/revisions"}],"predecessor-version":[{"id":2258,"href":"https:\/\/bibliotekamoscisko.pl\/index.php?rest_route=\/wp\/v2\/posts\/2250\/revisions\/2258"}],"wp:featuredmedia":[{"embeddable":true,"href":"https:\/\/bibliotekamoscisko.pl\/index.php?rest_route=\/wp\/v2\/media\/2216"}],"wp:attachment":[{"href":"https:\/\/bibliotekamoscisko.pl\/index.php?rest_route=%2Fwp%2Fv2%2Fmedia&parent=2250"}],"wp:term":[{"taxonomy":"category","embeddable":true,"href":"https:\/\/bibliotekamoscisko.pl\/index.php?rest_route=%2Fwp%2Fv2%2Fcategories&post=2250"},{"taxonomy":"post_tag","embeddable":true,"href":"https:\/\/bibliotekamoscisko.pl\/index.php?rest_route=%2Fwp%2Fv2%2Ftags&post=2250"}],"curies":[{"name":"wp","href":"https:\/\/api.w.org\/{rel}","templated":true}]}}