{"id":2272,"date":"2015-11-13T11:04:09","date_gmt":"2015-11-13T11:04:09","guid":{"rendered":"http:\/\/bibliotekamoscisko.pl\/?p=2272"},"modified":"2015-11-18T12:15:19","modified_gmt":"2015-11-18T12:15:19","slug":"nasza-bialo-czerwona-w-legendach-rebusach-i-piesniach","status":"publish","type":"post","link":"https:\/\/bibliotekamoscisko.pl\/?p=2272","title":{"rendered":"Nasza bia\u0142o czerwona w legendach, rebusach i pie\u015bniach"},"content":{"rendered":"<p>11 listopada to bardzo wa\u017cna data w naszych kalendarzach. Po 123 latach zabor\u00f3w Polska znowu wr\u00f3ci\u0142a na mapy Europy. Z tej okazji w bibliotekach Gminy Dzier\u017coni\u00f3w odby\u0142y si\u0119 r\u00f3\u017cnorodne zaj\u0119cia.<\/p>\n<p>Biblioteka w Mo\u015bcisku zorganizowa\u0142a s\u0142odki konkurs znajomo\u015bci naszego hymnu. Pyszne czekolady szybko znalaz\u0142y si\u0119 w r\u0119kach laureat\u00f3w. By\u0142y te\u017c rebusy, wykre\u015blanki i krzy\u017c\u00f3wki i oczywi\u015bcie czytanie jednej z legend. Jej poszukiwanie na p\u00f3\u0142kach bibliotecznych r\u00f3wnie\u017c okaza\u0142o si\u0119 ciekaw\u0105 zabaw\u0105.<\/p>\n<p><a href=\"http:\/\/bibliotekamoscisko.pl\/wp-content\/uploads\/2015\/11\/11-listopada-kolaz-maly.jpg\"><img fetchpriority=\"high\" decoding=\"async\" class=\"aligncenter size-full wp-image-2276\" src=\"http:\/\/bibliotekamoscisko.pl\/wp-content\/uploads\/2015\/11\/11-listopada-kolaz-maly.jpg\" alt=\"11 listopada kolaz maly\" width=\"900\" height=\"718\" srcset=\"https:\/\/bibliotekamoscisko.pl\/wp-content\/uploads\/2015\/11\/11-listopada-kolaz-maly.jpg 900w, https:\/\/bibliotekamoscisko.pl\/wp-content\/uploads\/2015\/11\/11-listopada-kolaz-maly-300x239.jpg 300w\" sizes=\"(max-width: 900px) 100vw, 900px\" \/><\/a><\/p>\n<p>Zainspirowana w Bibliotece Publiczno-Szkolnej w Ostroszowicach grupa dzieci pod kierunkiem Pani El\u017cbiety Juziuk-Janickiej przyst\u0105pi\u0142a do malowania fragment\u00f3w Bitwy Warszawskiej.\u00a0Szkice wykona\u0142 Pan Ryszard Wojnarski, a sugesti\u0119 zastosowania kolor\u00f3w przekaza\u0142a Pani Ewelina Kaleta. Sam proces tw\u00f3rczy przebiega\u0142 znakomicie.\u00a0Dzieci \u00a0mozolnie pracowa\u0142y w grupach i wykaza\u0142y si\u0119 znajomo\u015bci\u0105 sztuki wojennej.\u00a0B\u0105d\u017a dumny, \u017ce jeste\u015b Polakiem, gdziekolwiek b\u0119dziesz&#8230;\u00a0Szanuj symbole narodowe Polski: hymn, god\u0142o i flag\u0119 pa\u0144stwow\u0105.\u00a0Takie s\u0142owa z dekalogu wsp\u00f3\u0142czesnego patrioty zach\u0119ci\u0142y 9 listopada dzieci z klasy drugiej do rozm\u00f3w o trudnych drogach do niepodleg\u0142o\u015bci Polski.\u00a0Kr\u00f3tka historia Bitwy Warszawskiej opowiedziana w przyst\u0119pny spos\u00f3b,\u00a0u\u015bwiadomi\u0142y dzieciom jak wa\u017cna jest to\u017csamo\u015b\u0107 narodowa i szacunek do symboli, a tak\u017ce mi\u0142o\u015b\u0107 do ojczyzny.\u00a0Opr\u00f3cz symboli narodowych wa\u017cna jest r\u00f3wnie\u017c \u015bwiadomo\u015b\u0107 patriotyzmu lokalnego. Nasza Gmina Dzier\u017coni\u00f3w posiada sw\u00f3j herb, hymn oraz flag\u0119 i sztandar. S\u0142owa naszego gminnego hymnu :<\/p>\n<p>\u201est\u0105d jestem, tu mieszkam tu chc\u0119 \u017cy\u0107&#8230;&#8221;\u00a0zabrzmia\u0142y wyj\u0105tkowo dumnie.<\/p>\n<div id='gallery-1' class='gallery galleryid-2272 gallery-columns-3 gallery-size-thumbnail'><figure class='gallery-item'>\n\t\t\t<div class='gallery-icon landscape'>\n\t\t\t\t<a href='https:\/\/bibliotekamoscisko.pl\/?attachment_id=2285'><img decoding=\"async\" width=\"150\" height=\"150\" src=\"https:\/\/bibliotekamoscisko.pl\/wp-content\/uploads\/2015\/11\/Ostroszowice-150x150.jpg\" class=\"attachment-thumbnail size-thumbnail\" alt=\"\" \/><\/a>\n\t\t\t<\/div><\/figure><figure class='gallery-item'>\n\t\t\t<div class='gallery-icon landscape'>\n\t\t\t\t<a href='https:\/\/bibliotekamoscisko.pl\/?attachment_id=2286'><img decoding=\"async\" width=\"150\" height=\"150\" src=\"https:\/\/bibliotekamoscisko.pl\/wp-content\/uploads\/2015\/11\/Ostroszowice2-150x150.jpg\" class=\"attachment-thumbnail size-thumbnail\" alt=\"\" \/><\/a>\n\t\t\t<\/div><\/figure><figure class='gallery-item'>\n\t\t\t<div class='gallery-icon landscape'>\n\t\t\t\t<a href='https:\/\/bibliotekamoscisko.pl\/?attachment_id=2287'><img loading=\"lazy\" decoding=\"async\" width=\"150\" height=\"150\" src=\"https:\/\/bibliotekamoscisko.pl\/wp-content\/uploads\/2015\/11\/Ostroszowice3-150x150.jpg\" class=\"attachment-thumbnail size-thumbnail\" alt=\"\" \/><\/a>\n\t\t\t<\/div><\/figure>\n\t\t<\/div>\n\n<p>Prace \u00a0plastyczne mo\u017cna podziwia\u0107 w bibliotece.<\/p>\n<p>Najm\u0142odsi czytelnicy biblioteki w Uciechowie wykonali przepi\u0119kne kotyliony w barwach narodowych.<\/p>\n<div id='gallery-2' class='gallery galleryid-2272 gallery-columns-3 gallery-size-thumbnail'><figure class='gallery-item'>\n\t\t\t<div class='gallery-icon portrait'>\n\t\t\t\t<a href='https:\/\/bibliotekamoscisko.pl\/?attachment_id=2277'><img loading=\"lazy\" decoding=\"async\" width=\"150\" height=\"150\" src=\"https:\/\/bibliotekamoscisko.pl\/wp-content\/uploads\/2015\/11\/IMG_0139-150x150.jpg\" class=\"attachment-thumbnail size-thumbnail\" alt=\"\" \/><\/a>\n\t\t\t<\/div><\/figure><figure class='gallery-item'>\n\t\t\t<div class='gallery-icon landscape'>\n\t\t\t\t<a href='https:\/\/bibliotekamoscisko.pl\/?attachment_id=2278'><img loading=\"lazy\" decoding=\"async\" width=\"150\" height=\"150\" src=\"https:\/\/bibliotekamoscisko.pl\/wp-content\/uploads\/2015\/11\/IMG_0140-150x150.jpg\" class=\"attachment-thumbnail size-thumbnail\" alt=\"\" \/><\/a>\n\t\t\t<\/div><\/figure><figure class='gallery-item'>\n\t\t\t<div class='gallery-icon landscape'>\n\t\t\t\t<a href='https:\/\/bibliotekamoscisko.pl\/?attachment_id=2279'><img loading=\"lazy\" decoding=\"async\" width=\"150\" height=\"150\" src=\"https:\/\/bibliotekamoscisko.pl\/wp-content\/uploads\/2015\/11\/IMG_0141-150x150.jpg\" class=\"attachment-thumbnail size-thumbnail\" alt=\"\" \/><\/a>\n\t\t\t<\/div><\/figure>\n\t\t<\/div>\n\n<p>W niezwyk\u0142ych zaj\u0119ciach mogli te\u017c wzi\u0105\u0107 udzia\u0142 dzieci w Pi\u0142awie Dolnej. \u00a09 XI w bibliotece pierwszoklasi\u015bci ze Szko\u0142y Podstawowej im Kornela Makuszy\u0144skiego,spotkali si\u0119 aby wys\u0142ucha\u0107 legendy &#8222;O orle bia\u0142ym&#8221;, przygotowanych przez uczni\u00f3w klasy IV \u2013 Gabrysi\u0119 Czak, Klaudi\u0119 Ostrowsk\u0105, Kewina Drzewieckiego. Uczniowie klasy I, wykazali si\u0119 znakomit\u0105 znajomo\u015bci\u0105 wiersza W\u0142. Be\u0142zy \u2013 \u201eKto ty jeste\u015b?&#8221;. Uk\u0142ony dla rodzic\u00f3w i nauczycieli.<\/p>\n<p>Wsp\u00f3lnie malowano god\u0142o Polski i uk\u0142adano flag\u0119.<\/p>\n<p><em>&#8222;Ojczyzna to kraj dzieci\u0144stwa<\/em><\/p>\n<p><em>Miejsce urodzenia<\/em><\/p>\n<p><em>To jest ta ma\u0142a najbli\u017csza ojczyzna<\/em><\/p>\n<p><em>Miasto miasteczko wie\u015b<\/em><\/p>\n<p><em>Ulica dom podw\u00f3rko<\/em><\/p>\n<p><em>Pierwsza mi\u0142o\u015b\u0107<\/em><\/p>\n<p><em>Las na horyzoncie.&#8221;<\/em><\/p>\n<p>fragment wiersza T. R\u00f3\u017cewicza\u00a0 \u201eOblicze Ojczyzny&#8221;.<\/p>\n<p>Dzi\u0119kujemy Pani El\u017cbiecie Biernackiej za czas i zaanga\u017cowanie.<\/p>\n<div id='gallery-3' class='gallery galleryid-2272 gallery-columns-3 gallery-size-thumbnail'><figure class='gallery-item'>\n\t\t\t<div class='gallery-icon landscape'>\n\t\t\t\t<a href='https:\/\/bibliotekamoscisko.pl\/?attachment_id=2282'><img loading=\"lazy\" decoding=\"async\" width=\"150\" height=\"150\" src=\"https:\/\/bibliotekamoscisko.pl\/wp-content\/uploads\/2015\/11\/IMG_2785m-150x150.jpg\" class=\"attachment-thumbnail size-thumbnail\" alt=\"\" \/><\/a>\n\t\t\t<\/div><\/figure><figure class='gallery-item'>\n\t\t\t<div class='gallery-icon landscape'>\n\t\t\t\t<a href='https:\/\/bibliotekamoscisko.pl\/?attachment_id=2283'><img loading=\"lazy\" decoding=\"async\" width=\"150\" height=\"150\" src=\"https:\/\/bibliotekamoscisko.pl\/wp-content\/uploads\/2015\/11\/IMG_2790m-150x150.jpg\" class=\"attachment-thumbnail size-thumbnail\" alt=\"\" \/><\/a>\n\t\t\t<\/div><\/figure><figure class='gallery-item'>\n\t\t\t<div class='gallery-icon landscape'>\n\t\t\t\t<a href='https:\/\/bibliotekamoscisko.pl\/?attachment_id=2284'><img loading=\"lazy\" decoding=\"async\" width=\"150\" height=\"150\" src=\"https:\/\/bibliotekamoscisko.pl\/wp-content\/uploads\/2015\/11\/IMG_2799m-150x150.jpg\" class=\"attachment-thumbnail size-thumbnail\" alt=\"\" \/><\/a>\n\t\t\t<\/div><\/figure>\n\t\t<\/div>\n\n<p>Biblioteka w Tuszynie zaproponowa\u0142a stworzenie w\u0142asnego \u015bpiewnika pie\u015bni patriotycznych. Wysz\u0142y pi\u0119knie i na pewno b\u0119d\u0105 d\u0142ugo s\u0142u\u017cy\u0107 nie tylko dzieciom ale r\u00f3wnie\u017c doros\u0142ym. Ka\u017cdy b\u0119dzie m\u00f3g\u0142 za\u015bpiewa\u0107 wszystkie\u00a0 zwrotki pie\u015bni \u201ePrzybyli u\u0142ani pod okienko\u201d.<\/p>\n<p><a href=\"http:\/\/bibliotekamoscisko.pl\/wp-content\/uploads\/2015\/11\/Tuszyn.jpg\"><img loading=\"lazy\" decoding=\"async\" class=\"aligncenter size-full wp-image-2281\" src=\"http:\/\/bibliotekamoscisko.pl\/wp-content\/uploads\/2015\/11\/Tuszyn.jpg\" alt=\"Tuszyn\" width=\"720\" height=\"960\" srcset=\"https:\/\/bibliotekamoscisko.pl\/wp-content\/uploads\/2015\/11\/Tuszyn.jpg 720w, https:\/\/bibliotekamoscisko.pl\/wp-content\/uploads\/2015\/11\/Tuszyn-225x300.jpg 225w\" sizes=\"(max-width: 720px) 100vw, 720px\" \/><\/a><\/p>\n<p>Biblioteka w Roztoczniku zach\u0119ci\u0142a do zrobienia w\u0142asnych kotylion\u00f3w. 7 listopada po\u015br\u00f3d ksi\u0105\u017cek by\u0142o bardzo bia\u0142o-czerwono.<\/p>\n<div id='gallery-4' class='gallery galleryid-2272 gallery-columns-3 gallery-size-thumbnail'><figure class='gallery-item'>\n\t\t\t<div class='gallery-icon portrait'>\n\t\t\t\t<a href='https:\/\/bibliotekamoscisko.pl\/?attachment_id=2288'><img loading=\"lazy\" decoding=\"async\" width=\"150\" height=\"150\" src=\"https:\/\/bibliotekamoscisko.pl\/wp-content\/uploads\/2015\/11\/Roztocznik-150x150.jpg\" class=\"attachment-thumbnail size-thumbnail\" alt=\"\" \/><\/a>\n\t\t\t<\/div><\/figure><figure class='gallery-item'>\n\t\t\t<div class='gallery-icon portrait'>\n\t\t\t\t<a href='https:\/\/bibliotekamoscisko.pl\/?attachment_id=2289'><img loading=\"lazy\" decoding=\"async\" width=\"150\" height=\"150\" src=\"https:\/\/bibliotekamoscisko.pl\/wp-content\/uploads\/2015\/11\/Roztocznik2-150x150.jpg\" class=\"attachment-thumbnail size-thumbnail\" alt=\"\" \/><\/a>\n\t\t\t<\/div><\/figure><figure class='gallery-item'>\n\t\t\t<div class='gallery-icon portrait'>\n\t\t\t\t<a href='https:\/\/bibliotekamoscisko.pl\/?attachment_id=2290'><img loading=\"lazy\" decoding=\"async\" width=\"150\" height=\"150\" src=\"https:\/\/bibliotekamoscisko.pl\/wp-content\/uploads\/2015\/11\/Roztocznik5-150x150.jpg\" class=\"attachment-thumbnail size-thumbnail\" alt=\"\" \/><\/a>\n\t\t\t<\/div><\/figure>\n\t\t<\/div>\n\n<p>12 listopada o godz.18:00 Biblioteka Publiczna w Owie\u015bnie zaprosi\u0142a mieszka\u0144c\u00f3w na\u00a0<strong>Wieczornic\u0119 &#8211; pt.\u201d11 Listopad, Pami\u0119tajmy&#8221;. <\/strong>Odzyskiwanie przez Polsk\u0119 niepodleg\u0142o\u015bci by\u0142o procesem stopniowym. Wyb\u00f3r 11 listopada uzasadni\u0107 mo\u017cna zbiegiem wydarze\u0144 w Polsce z zako\u0144czeniem I wojny \u015bwiatowej dzi\u0119ki zawarciu rozejmu w Compi\u00e8gne 11 listopada 1918, piecz\u0119tuj\u0105cego ostateczn\u0105 kl\u0119sk\u0119 Niemiec. Dzie\u0144 wcze\u015bniej przyby\u0142 do Warszawy J\u00f3zef Pi\u0142sudski. W tych dw\u00f3ch dniach, 10 i 11 listopada 1918, nar\u00f3d polski u\u015bwiadomi\u0142 sobie w pe\u0142ni odzyskanie niepodleg\u0142o\u015bci, a nastr\u00f3j g\u0142\u0119bokiego wzruszenia i entuzjazmu ogarn\u0105\u0142 kraj. J\u0119drzej Moraczewski opisa\u0142 to s\u0142owami:<\/p>\n<p><strong>\u201eNiepodobna odda\u0107 tego upojenia, tego sza\u0142u rado\u015bci, jaki ludno\u015b\u0107 polsk\u0105 w tym momencie ogarn\u0105\u0142. Po 120 latach prys\u0142y kordony. Nie ma \u201eich\u201d. Wolno\u015b\u0107! Niepodleg\u0142o\u015b\u0107! Zjednoczenie! W\u0142asne pa\u0144stwo! Na zawsze! Chaos? To nic. B\u0119dzie dobrze. Wszystko b\u0119dzie, bo jeste\u015bmy wolni od pijawek, z\u0142odziei, rabusi\u00f3w, od czapki z b\u0105czkiem, b\u0119dziemy sami sob\u0105 rz\u0105dzili. (\u2026) Cztery pokolenia nadaremno na t\u0119 chwil\u0119 czeka\u0142y, pi\u0105te doczeka\u0142o.(&#8230;)\u00a0<\/strong><\/p>\n<div id='gallery-5' class='gallery galleryid-2272 gallery-columns-3 gallery-size-thumbnail'><figure class='gallery-item'>\n\t\t\t<div class='gallery-icon landscape'>\n\t\t\t\t<a href='https:\/\/bibliotekamoscisko.pl\/?attachment_id=2314'><img loading=\"lazy\" decoding=\"async\" width=\"150\" height=\"150\" src=\"https:\/\/bibliotekamoscisko.pl\/wp-content\/uploads\/2015\/11\/Owiesno-150x150.jpg\" class=\"attachment-thumbnail size-thumbnail\" alt=\"\" \/><\/a>\n\t\t\t<\/div><\/figure><figure class='gallery-item'>\n\t\t\t<div class='gallery-icon landscape'>\n\t\t\t\t<a href='https:\/\/bibliotekamoscisko.pl\/?attachment_id=2315'><img loading=\"lazy\" decoding=\"async\" width=\"150\" height=\"150\" src=\"https:\/\/bibliotekamoscisko.pl\/wp-content\/uploads\/2015\/11\/Owiesno2-150x150.jpg\" class=\"attachment-thumbnail size-thumbnail\" alt=\"\" \/><\/a>\n\t\t\t<\/div><\/figure>\n\t\t<\/div>\n\n<p>Na pocz\u0105tku spotkania uczestnicy przypomnieli sobie i nie co przybli\u017cyli d\u0142ug\u0105 i burzliw\u0105 histori\u0119 odzyskania wolno\u015bci przez Polsk\u0119, ogl\u0105daj\u0105c prezentacj\u0119 w postaci kr\u00f3tkiego filmu. G\u0142\u00f3wnym punktem wieczornicy by\u0142o wsp\u00f3lne \u015bpiewanie pie\u015bni historycznych oraz nauka hymnu Gminy Dzier\u017coni\u00f3w.\u00a0 Ca\u0142e spotkanie zako\u0144czy\u0142o si\u0119 s\u0142odkim pocz\u0119stunkiem, kt\u00f3re przygotowali sami uczestnicy.<\/p>\n","protected":false},"excerpt":{"rendered":"<p>11 listopada to bardzo wa\u017cna data w naszych kalendarzach. Po 123 latach zabor\u00f3w Polska znowu wr\u00f3ci\u0142a na mapy Europy. Z tej okazji w bibliotekach Gminy Dzier\u017coni\u00f3w odby\u0142y si\u0119 r\u00f3\u017cnorodne zaj\u0119cia. [&hellip;]<\/p>\n","protected":false},"author":1,"featured_media":2256,"comment_status":"closed","ping_status":"open","sticky":false,"template":"","format":"standard","meta":{"ngg_post_thumbnail":0,"footnotes":""},"categories":[1],"tags":[],"class_list":["post-2272","post","type-post","status-publish","format-standard","has-post-thumbnail","hentry","category-uncategorized"],"_links":{"self":[{"href":"https:\/\/bibliotekamoscisko.pl\/index.php?rest_route=\/wp\/v2\/posts\/2272","targetHints":{"allow":["GET"]}}],"collection":[{"href":"https:\/\/bibliotekamoscisko.pl\/index.php?rest_route=\/wp\/v2\/posts"}],"about":[{"href":"https:\/\/bibliotekamoscisko.pl\/index.php?rest_route=\/wp\/v2\/types\/post"}],"author":[{"embeddable":true,"href":"https:\/\/bibliotekamoscisko.pl\/index.php?rest_route=\/wp\/v2\/users\/1"}],"replies":[{"embeddable":true,"href":"https:\/\/bibliotekamoscisko.pl\/index.php?rest_route=%2Fwp%2Fv2%2Fcomments&post=2272"}],"version-history":[{"count":5,"href":"https:\/\/bibliotekamoscisko.pl\/index.php?rest_route=\/wp\/v2\/posts\/2272\/revisions"}],"predecessor-version":[{"id":2316,"href":"https:\/\/bibliotekamoscisko.pl\/index.php?rest_route=\/wp\/v2\/posts\/2272\/revisions\/2316"}],"wp:featuredmedia":[{"embeddable":true,"href":"https:\/\/bibliotekamoscisko.pl\/index.php?rest_route=\/wp\/v2\/media\/2256"}],"wp:attachment":[{"href":"https:\/\/bibliotekamoscisko.pl\/index.php?rest_route=%2Fwp%2Fv2%2Fmedia&parent=2272"}],"wp:term":[{"taxonomy":"category","embeddable":true,"href":"https:\/\/bibliotekamoscisko.pl\/index.php?rest_route=%2Fwp%2Fv2%2Fcategories&post=2272"},{"taxonomy":"post_tag","embeddable":true,"href":"https:\/\/bibliotekamoscisko.pl\/index.php?rest_route=%2Fwp%2Fv2%2Ftags&post=2272"}],"curies":[{"name":"wp","href":"https:\/\/api.w.org\/{rel}","templated":true}]}}