{"id":2292,"date":"2015-11-13T14:26:44","date_gmt":"2015-11-13T14:26:44","guid":{"rendered":"http:\/\/bibliotekamoscisko.pl\/?p=2292"},"modified":"2015-11-20T08:25:50","modified_gmt":"2015-11-20T08:25:50","slug":"zywa-biblioteka-moscisko-21-listopada","status":"publish","type":"post","link":"https:\/\/bibliotekamoscisko.pl\/?p=2292","title":{"rendered":"\u017bywa Biblioteka Mo\u015bcisko &#8211; 21 Listopada"},"content":{"rendered":"<p><a href=\"http:\/\/bibliotekamoscisko.pl\/wp-content\/uploads\/2015\/11\/\u017bB-plakat.jpg\"><img fetchpriority=\"high\" decoding=\"async\" class=\"aligncenter size-large wp-image-2293\" src=\"http:\/\/bibliotekamoscisko.pl\/wp-content\/uploads\/2015\/11\/\u017bB-plakat-728x1024.jpg\" alt=\"\u017bB plakat\" width=\"728\" height=\"1024\" srcset=\"https:\/\/bibliotekamoscisko.pl\/wp-content\/uploads\/2015\/11\/\u017bB-plakat-728x1024.jpg 728w, https:\/\/bibliotekamoscisko.pl\/wp-content\/uploads\/2015\/11\/\u017bB-plakat-213x300.jpg 213w, https:\/\/bibliotekamoscisko.pl\/wp-content\/uploads\/2015\/11\/\u017bB-plakat.jpg 1200w\" sizes=\"(max-width: 728px) 100vw, 728px\" \/><\/a><\/p>\n<h3><span style=\"color: #993366;\">Biblioteka w Mo\u015bcisku zaprasza serdecznie do wzi\u0119cia udzia\u0142u \u00a0w <strong>\u017bywej Bibliotece<\/strong><\/span><\/h3>\n<p>Ju\u017c <strong>21 listopada od godz. 10.00 do 17.00<\/strong> b\u0119dzie mo\u017cna spotka\u0107 si\u0119 z niezwyk\u0142ymi lud\u017ami.<\/p>\n<p>\u017bywa Biblioteka dzia\u0142a tak, jak zwyk\u0142a biblioteka. Czytelnik mo\u017ce przyj\u015b\u0107, wybra\u0107 interesuj\u0105c\u0105\u0328 go ksi\u0105\u017ck\u0119 z katalogu, a nast\u0119pnie j\u0105 wypo\u017cyczy\u0107. Jednak \u00a0\u00a0\u00a0\u00a0\u00a0w tej bibliotece Ksi\u0105\u017ckami s\u0105\u0328 prawdziwi ludzie, autentyczni reprezentanci mniejszo\u015bci i grup spo\u0142ecznych, kt\u00f3re nie s\u0105\u0328 w spo\u0142ecze\u0144stwie akceptowane, kt\u00f3re stykaj\u0105\u0328 si\u0119 z wykluczeniem i uprzedzeniami. Czytelnik, wypo\u017cyczaj\u0105c taka\u0328 \u017bywa\u0328 Ksi\u0105\u017ck\u0119, wchodzi z ni\u0105\u0328 w dialog. Dzi\u0119ki takiej interakcji obie strony maja\u0328 mo\u017cliwo\u015b\u0107\u0301 skonfrontowania swoich wyobra\u017ce\u0144\u0301 na temat danej grupy z rzeczywisto\u015bci\u0105\u0328, mog\u0105 przekona\u0107\u0301 si\u0119\u0328 osobi\u015bcie, jak jest naprawd\u0119\u0328 \u00a0i w konsekwencji dowiedzie\u0107\u0301 si\u0119\u0328 czego\u015b\u0301 nowego, zmieni\u0107\u0301 swoje postrzeganie i nastawienie.<\/p>\n<p>Jest to wyj\u0105tkowa okazja\u00a0 poznania os\u00f3b, kt\u00f3rych si\u0119\u0328 na co dzie\u0144\u0301 nie spotyka. Taka rozmowa trwa 30 minut. Czytelnik mo\u017ce zada\u0107\u0301 \u017bywej Ksi\u0105\u017cce pytania, kt\u00f3rych nie mia\u0142by mo\u017cliwo\u015bci postawi\u0107\u0301 w normalnych warunkach. Mo\u017ce pozna\u0107\u0301 osobiste do\u015bwiadczenia Ksi\u0105\u017cki oraz problemy, na jakie jest nara\u017cona. Ka\u017cda z zaanga\u017cowanych os\u00f3b mo\u017ce si\u0119\u0328 czego\u015b\u0301 nowego nauczy\u0107\u0301 o drugim cz\u0142owieku, prze\u0142ama\u0107\u0301 swoje uprzedzenia lub krytycznie na nie spojrze\u0107. Po przeczytaniu Ksi\u0105\u017cki czytelnik mo\u017ce wypo\u017cyczy\u0107\u0301 nast\u0119pna\u0328.<\/p>\n<p>Oto kilka prolog\u00f3w \u017bywych Ksi\u0105\u017cek, kt\u00f3re b\u0119dzie mo\u017cna wypo\u017cyczy\u0107 w tym roku:<\/p>\n<div id='gallery-1' class='gallery galleryid-2292 gallery-columns-3 gallery-size-thumbnail'><figure class='gallery-item'>\n\t\t\t<div class='gallery-icon portrait'>\n\t\t\t\t<a href='https:\/\/bibliotekamoscisko.pl\/?attachment_id=2294'><img decoding=\"async\" width=\"150\" height=\"150\" src=\"https:\/\/bibliotekamoscisko.pl\/wp-content\/uploads\/2015\/11\/Prolog-Gej-150x150.jpg\" class=\"attachment-thumbnail size-thumbnail\" alt=\"\" aria-describedby=\"gallery-1-2294\" \/><\/a>\n\t\t\t<\/div>\n\t\t\t\t<figcaption class='wp-caption-text gallery-caption' id='gallery-1-2294'>\n\t\t\t\tNie oceniaj ksi\u0105\u017cki po ok\u0142adce\n\t\t\t\t<\/figcaption><\/figure><figure class='gallery-item'>\n\t\t\t<div class='gallery-icon portrait'>\n\t\t\t\t<a href='https:\/\/bibliotekamoscisko.pl\/?attachment_id=2297'><img decoding=\"async\" width=\"150\" height=\"150\" src=\"https:\/\/bibliotekamoscisko.pl\/wp-content\/uploads\/2015\/11\/Prolog-Weganka-150x150.jpg\" class=\"attachment-thumbnail size-thumbnail\" alt=\"\" aria-describedby=\"gallery-1-2297\" \/><\/a>\n\t\t\t<\/div>\n\t\t\t\t<figcaption class='wp-caption-text gallery-caption' id='gallery-1-2297'>\n\t\t\t\tNie oceniaj ksi\u0105\u017cki po ok\u0142adce\n\t\t\t\t<\/figcaption><\/figure><figure class='gallery-item'>\n\t\t\t<div class='gallery-icon portrait'>\n\t\t\t\t<a href='https:\/\/bibliotekamoscisko.pl\/?attachment_id=2298'><img loading=\"lazy\" decoding=\"async\" width=\"150\" height=\"150\" src=\"https:\/\/bibliotekamoscisko.pl\/wp-content\/uploads\/2015\/11\/Prolog-Zakonnica-150x150.jpg\" class=\"attachment-thumbnail size-thumbnail\" alt=\"\" aria-describedby=\"gallery-1-2298\" \/><\/a>\n\t\t\t<\/div>\n\t\t\t\t<figcaption class='wp-caption-text gallery-caption' id='gallery-1-2298'>\n\t\t\t\tNie oceniaj ksi\u0105\u017cki po ok\u0142adce\n\t\t\t\t<\/figcaption><\/figure><figure class='gallery-item'>\n\t\t\t<div class='gallery-icon portrait'>\n\t\t\t\t<a href='https:\/\/bibliotekamoscisko.pl\/?attachment_id=2303'><img loading=\"lazy\" decoding=\"async\" width=\"150\" height=\"150\" src=\"https:\/\/bibliotekamoscisko.pl\/wp-content\/uploads\/2015\/11\/Prolog-Osoba-niewidzaca-150x150.jpg\" class=\"attachment-thumbnail size-thumbnail\" alt=\"\" \/><\/a>\n\t\t\t<\/div><\/figure><figure class='gallery-item'>\n\t\t\t<div class='gallery-icon portrait'>\n\t\t\t\t<a href='https:\/\/bibliotekamoscisko.pl\/?attachment_id=2304'><img loading=\"lazy\" decoding=\"async\" width=\"150\" height=\"150\" src=\"https:\/\/bibliotekamoscisko.pl\/wp-content\/uploads\/2015\/11\/Prolog-Trzezwiejacy-alkoholik-Janek-150x150.jpg\" class=\"attachment-thumbnail size-thumbnail\" alt=\"\" \/><\/a>\n\t\t\t<\/div><\/figure><figure class='gallery-item'>\n\t\t\t<div class='gallery-icon portrait'>\n\t\t\t\t<a href='https:\/\/bibliotekamoscisko.pl\/?attachment_id=2317'><img loading=\"lazy\" decoding=\"async\" width=\"150\" height=\"150\" src=\"https:\/\/bibliotekamoscisko.pl\/wp-content\/uploads\/2015\/11\/prolog-Obronca-prawa-zwierzat-150x150.jpg\" class=\"attachment-thumbnail size-thumbnail\" alt=\"\" \/><\/a>\n\t\t\t<\/div><\/figure>\n\t\t<\/div>\n\n<p>Wi\u0119cej o <a href=\"http:\/\/zywabibliotekapolska.pl\/\" target=\"_blank\">\u017bywej Bibliotece<\/a><\/p>\n<p>&nbsp;<\/p>\n<p>D.W.<\/p>\n","protected":false},"excerpt":{"rendered":"<p>Biblioteka w Mo\u015bcisku zaprasza serdecznie do wzi\u0119cia udzia\u0142u \u00a0w \u017bywej Bibliotece Ju\u017c 21 listopada od godz. 10.00 do 17.00 b\u0119dzie mo\u017cna spotka\u0107 si\u0119 z niezwyk\u0142ymi lud\u017ami. \u017bywa Biblioteka dzia\u0142a tak, [&hellip;]<\/p>\n","protected":false},"author":1,"featured_media":2302,"comment_status":"closed","ping_status":"open","sticky":false,"template":"","format":"standard","meta":{"ngg_post_thumbnail":0,"footnotes":""},"categories":[1],"tags":[],"class_list":["post-2292","post","type-post","status-publish","format-standard","has-post-thumbnail","hentry","category-uncategorized"],"_links":{"self":[{"href":"https:\/\/bibliotekamoscisko.pl\/index.php?rest_route=\/wp\/v2\/posts\/2292","targetHints":{"allow":["GET"]}}],"collection":[{"href":"https:\/\/bibliotekamoscisko.pl\/index.php?rest_route=\/wp\/v2\/posts"}],"about":[{"href":"https:\/\/bibliotekamoscisko.pl\/index.php?rest_route=\/wp\/v2\/types\/post"}],"author":[{"embeddable":true,"href":"https:\/\/bibliotekamoscisko.pl\/index.php?rest_route=\/wp\/v2\/users\/1"}],"replies":[{"embeddable":true,"href":"https:\/\/bibliotekamoscisko.pl\/index.php?rest_route=%2Fwp%2Fv2%2Fcomments&post=2292"}],"version-history":[{"count":5,"href":"https:\/\/bibliotekamoscisko.pl\/index.php?rest_route=\/wp\/v2\/posts\/2292\/revisions"}],"predecessor-version":[{"id":2318,"href":"https:\/\/bibliotekamoscisko.pl\/index.php?rest_route=\/wp\/v2\/posts\/2292\/revisions\/2318"}],"wp:featuredmedia":[{"embeddable":true,"href":"https:\/\/bibliotekamoscisko.pl\/index.php?rest_route=\/wp\/v2\/media\/2302"}],"wp:attachment":[{"href":"https:\/\/bibliotekamoscisko.pl\/index.php?rest_route=%2Fwp%2Fv2%2Fmedia&parent=2292"}],"wp:term":[{"taxonomy":"category","embeddable":true,"href":"https:\/\/bibliotekamoscisko.pl\/index.php?rest_route=%2Fwp%2Fv2%2Fcategories&post=2292"},{"taxonomy":"post_tag","embeddable":true,"href":"https:\/\/bibliotekamoscisko.pl\/index.php?rest_route=%2Fwp%2Fv2%2Ftags&post=2292"}],"curies":[{"name":"wp","href":"https:\/\/api.w.org\/{rel}","templated":true}]}}