{"id":2347,"date":"2015-11-27T14:34:24","date_gmt":"2015-11-27T14:34:24","guid":{"rendered":"http:\/\/bibliotekamoscisko.pl\/?p=2347"},"modified":"2015-11-27T14:34:24","modified_gmt":"2015-11-27T14:34:24","slug":"swieto-pluszowego-misia-w-pilawie-dolnej","status":"publish","type":"post","link":"https:\/\/bibliotekamoscisko.pl\/?p=2347","title":{"rendered":"\u015awi\u0119to pluszowego misia w Pi\u0142awie Dolnej"},"content":{"rendered":"<p>25.XI \u2013 to \u015awiatowy Dzie\u0144 Pluszowego Misia. W Bibliotece Publiczno-Szkolnej w Pi\u0142awie Dolnej odby\u0142o si\u0119 spotkanie z najm\u0142odszymi czytelnikami, z dzie\u0107mi z pi\u0142awskiego przedszkola.<\/p>\n<p>Dzieci przynios\u0142y ze sob\u0105 swoich ulubie\u0144c\u00f3w, pluszowe misie. Pierwszy mi\u015b-maskotka powsta\u0142 111 lat temu i sta\u0142 si\u0119 najpopularniejsz\u0105 dzieci\u0119c\u0105 zabawk\u0105 na \u015bwiecie.<\/p>\n<p>Nasi milusi\u0144scy przywitali si\u0119 z misiem, podaj\u0105c r\u0119k\u0119. W\u015br\u00f3d kolorowych ksi\u0105\u017cek m\u00f3wi\u0105cych o misiach, czeka\u0142y r\u00f3wnie\u017c maskotki. Dzieci przedszkolne zosta\u0142y przywitane przez uczni\u00f3w klas II ze Szko\u0142y Podstawowej w Pi\u0142awie Dolnej \u2013 Alicj\u0119 Ostrowsk\u0105, Grzesia\u00a0 Pindere, Aleksandra\u00a0 Stroke, kt\u00f3rzy przygotowali i przeczytali fragmenty opowiada\u0144 z ksi\u0105\u017cki \u201eMi\u015b Uszatek\u201d \u2013 Cz. Janczarskiego.<\/p>\n<p>Poznali\u015bmy histori\u0119 tego sympatycznego dla dzieci \u015bwi\u0119ta, jakim jest Mi\u0119dzynarodowy Dzie\u0144 Pluszowego Misia. Poszperajcie w ksi\u0105\u017ckach i internecie, a dowiecie si\u0119 na pami\u0105tk\u0119 jakiego wydarzenia, zosta\u0142o ustanowione to \u015bwi\u0119to. My ju\u017c wiemy !<\/p>\n<p>\u015apiewali\u015bmy i ta\u0144czyli\u015bmy do przeboju przedszkolak\u00f3w \u201eJad\u0105, jad\u0105 misie\u201d.<br \/>\nWsp\u00f3lnie namalowali\u015bmy te\u017c kolorowego, zabawnego misia.\u00a0Dzieci zabra\u0142y ze sob\u0105 do dom\u00f3w kolorowank\u0119 z misiem. Na koniec oczywi\u015bcie by\u0142o \u201ema\u0142e co nieco\u201d. W bibliotece by\u0142o gwarno, weso\u0142o i przyja\u017anie.<\/p>\n<div id='gallery-1' class='gallery galleryid-2347 gallery-columns-3 gallery-size-thumbnail'><figure class='gallery-item'>\n\t\t\t<div class='gallery-icon landscape'>\n\t\t\t\t<a href='https:\/\/bibliotekamoscisko.pl\/?attachment_id=2348'><img decoding=\"async\" width=\"150\" height=\"150\" src=\"https:\/\/bibliotekamoscisko.pl\/wp-content\/uploads\/2015\/11\/IMG_2841-150x150.jpeg\" class=\"attachment-thumbnail size-thumbnail\" alt=\"\" \/><\/a>\n\t\t\t<\/div><\/figure><figure class='gallery-item'>\n\t\t\t<div class='gallery-icon landscape'>\n\t\t\t\t<a href='https:\/\/bibliotekamoscisko.pl\/?attachment_id=2349'><img decoding=\"async\" width=\"150\" height=\"150\" src=\"https:\/\/bibliotekamoscisko.pl\/wp-content\/uploads\/2015\/11\/IMG_2842-150x150.jpeg\" class=\"attachment-thumbnail size-thumbnail\" alt=\"\" \/><\/a>\n\t\t\t<\/div><\/figure><figure class='gallery-item'>\n\t\t\t<div class='gallery-icon portrait'>\n\t\t\t\t<a href='https:\/\/bibliotekamoscisko.pl\/?attachment_id=2350'><img decoding=\"async\" width=\"150\" height=\"150\" src=\"https:\/\/bibliotekamoscisko.pl\/wp-content\/uploads\/2015\/11\/IMG_2847-150x150.jpeg\" class=\"attachment-thumbnail size-thumbnail\" alt=\"\" \/><\/a>\n\t\t\t<\/div><\/figure><figure class='gallery-item'>\n\t\t\t<div class='gallery-icon landscape'>\n\t\t\t\t<a href='https:\/\/bibliotekamoscisko.pl\/?attachment_id=2351'><img loading=\"lazy\" decoding=\"async\" width=\"150\" height=\"150\" src=\"https:\/\/bibliotekamoscisko.pl\/wp-content\/uploads\/2015\/11\/IMG_2852-150x150.jpeg\" class=\"attachment-thumbnail size-thumbnail\" alt=\"\" \/><\/a>\n\t\t\t<\/div><\/figure><figure class='gallery-item'>\n\t\t\t<div class='gallery-icon landscape'>\n\t\t\t\t<a href='https:\/\/bibliotekamoscisko.pl\/?attachment_id=2352'><img loading=\"lazy\" decoding=\"async\" width=\"150\" height=\"150\" src=\"https:\/\/bibliotekamoscisko.pl\/wp-content\/uploads\/2015\/11\/IMG_2858-150x150.jpeg\" class=\"attachment-thumbnail size-thumbnail\" alt=\"\" \/><\/a>\n\t\t\t<\/div><\/figure><figure class='gallery-item'>\n\t\t\t<div class='gallery-icon landscape'>\n\t\t\t\t<a href='https:\/\/bibliotekamoscisko.pl\/?attachment_id=2353'><img loading=\"lazy\" decoding=\"async\" width=\"150\" height=\"150\" src=\"https:\/\/bibliotekamoscisko.pl\/wp-content\/uploads\/2015\/11\/IMG_2861-150x150.jpeg\" class=\"attachment-thumbnail size-thumbnail\" alt=\"\" \/><\/a>\n\t\t\t<\/div><\/figure><figure class='gallery-item'>\n\t\t\t<div class='gallery-icon landscape'>\n\t\t\t\t<a href='https:\/\/bibliotekamoscisko.pl\/?attachment_id=2354'><img loading=\"lazy\" decoding=\"async\" width=\"150\" height=\"150\" src=\"https:\/\/bibliotekamoscisko.pl\/wp-content\/uploads\/2015\/11\/IMG_2863-150x150.jpeg\" class=\"attachment-thumbnail size-thumbnail\" alt=\"\" \/><\/a>\n\t\t\t<\/div><\/figure><figure class='gallery-item'>\n\t\t\t<div class='gallery-icon landscape'>\n\t\t\t\t<a href='https:\/\/bibliotekamoscisko.pl\/?attachment_id=2355'><img loading=\"lazy\" decoding=\"async\" width=\"150\" height=\"150\" src=\"https:\/\/bibliotekamoscisko.pl\/wp-content\/uploads\/2015\/11\/IMG_2869-150x150.jpeg\" class=\"attachment-thumbnail size-thumbnail\" alt=\"\" \/><\/a>\n\t\t\t<\/div><\/figure><figure class='gallery-item'>\n\t\t\t<div class='gallery-icon landscape'>\n\t\t\t\t<a href='https:\/\/bibliotekamoscisko.pl\/?attachment_id=2356'><img loading=\"lazy\" decoding=\"async\" width=\"150\" height=\"150\" src=\"https:\/\/bibliotekamoscisko.pl\/wp-content\/uploads\/2015\/11\/IMG_2873-150x150.jpeg\" class=\"attachment-thumbnail size-thumbnail\" alt=\"\" \/><\/a>\n\t\t\t<\/div><\/figure><figure class='gallery-item'>\n\t\t\t<div class='gallery-icon landscape'>\n\t\t\t\t<a href='https:\/\/bibliotekamoscisko.pl\/?attachment_id=2357'><img loading=\"lazy\" decoding=\"async\" width=\"150\" height=\"150\" src=\"https:\/\/bibliotekamoscisko.pl\/wp-content\/uploads\/2015\/11\/IMG_2878-150x150.jpeg\" class=\"attachment-thumbnail size-thumbnail\" alt=\"\" \/><\/a>\n\t\t\t<\/div><\/figure>\n\t\t<\/div>\n\n<p>Nasze wsp\u00f3lne spotkania ciesz\u0105 si\u0119 du\u017cym zainteresowaniem w\u015br\u00f3d dzieci, kt\u00f3re wyrazi\u0142y ch\u0119\u0107 kolejnego spotkania w bibliotece.<\/p>\n<p>&nbsp;<\/p>\n<p>Dzi\u0119kuj\u0119 za spotkania.<\/p>\n<p>Wanda Kun<\/p>\n","protected":false},"excerpt":{"rendered":"<p>25.XI \u2013 to \u015awiatowy Dzie\u0144 Pluszowego Misia. W Bibliotece Publiczno-Szkolnej w Pi\u0142awie Dolnej odby\u0142o si\u0119 spotkanie z najm\u0142odszymi czytelnikami, z dzie\u0107mi z pi\u0142awskiego przedszkola. Dzieci przynios\u0142y ze sob\u0105 swoich ulubie\u0144c\u00f3w, [&hellip;]<\/p>\n","protected":false},"author":1,"featured_media":2358,"comment_status":"closed","ping_status":"open","sticky":false,"template":"","format":"standard","meta":{"ngg_post_thumbnail":0,"footnotes":""},"categories":[1],"tags":[],"class_list":["post-2347","post","type-post","status-publish","format-standard","has-post-thumbnail","hentry","category-uncategorized"],"_links":{"self":[{"href":"https:\/\/bibliotekamoscisko.pl\/index.php?rest_route=\/wp\/v2\/posts\/2347","targetHints":{"allow":["GET"]}}],"collection":[{"href":"https:\/\/bibliotekamoscisko.pl\/index.php?rest_route=\/wp\/v2\/posts"}],"about":[{"href":"https:\/\/bibliotekamoscisko.pl\/index.php?rest_route=\/wp\/v2\/types\/post"}],"author":[{"embeddable":true,"href":"https:\/\/bibliotekamoscisko.pl\/index.php?rest_route=\/wp\/v2\/users\/1"}],"replies":[{"embeddable":true,"href":"https:\/\/bibliotekamoscisko.pl\/index.php?rest_route=%2Fwp%2Fv2%2Fcomments&post=2347"}],"version-history":[{"count":1,"href":"https:\/\/bibliotekamoscisko.pl\/index.php?rest_route=\/wp\/v2\/posts\/2347\/revisions"}],"predecessor-version":[{"id":2359,"href":"https:\/\/bibliotekamoscisko.pl\/index.php?rest_route=\/wp\/v2\/posts\/2347\/revisions\/2359"}],"wp:featuredmedia":[{"embeddable":true,"href":"https:\/\/bibliotekamoscisko.pl\/index.php?rest_route=\/wp\/v2\/media\/2358"}],"wp:attachment":[{"href":"https:\/\/bibliotekamoscisko.pl\/index.php?rest_route=%2Fwp%2Fv2%2Fmedia&parent=2347"}],"wp:term":[{"taxonomy":"category","embeddable":true,"href":"https:\/\/bibliotekamoscisko.pl\/index.php?rest_route=%2Fwp%2Fv2%2Fcategories&post=2347"},{"taxonomy":"post_tag","embeddable":true,"href":"https:\/\/bibliotekamoscisko.pl\/index.php?rest_route=%2Fwp%2Fv2%2Ftags&post=2347"}],"curies":[{"name":"wp","href":"https:\/\/api.w.org\/{rel}","templated":true}]}}