{"id":236,"date":"2014-04-10T08:04:12","date_gmt":"2014-04-10T08:04:12","guid":{"rendered":"http:\/\/bibliotekamoscisko.pl\/?p=236"},"modified":"2014-04-16T11:40:09","modified_gmt":"2014-04-16T11:40:09","slug":"opowiem-wam-o-janie-pawle-ii","status":"publish","type":"post","link":"https:\/\/bibliotekamoscisko.pl\/?p=236","title":{"rendered":"Opowiem wam o Janie Pawle II"},"content":{"rendered":"<p>&nbsp;<\/p>\n<p><a href=\"http:\/\/bibliotekamoscisko.pl\/wp-content\/uploads\/2014\/04\/Karol1.jpg\"><img fetchpriority=\"high\" decoding=\"async\" class=\"aligncenter size-medium wp-image-237\" alt=\"Karol1\" src=\"http:\/\/bibliotekamoscisko.pl\/wp-content\/uploads\/2014\/04\/Karol1-300x168.jpg\" width=\"300\" height=\"168\" \/><\/a><\/p>\n<p>8.04.2014\u00a0 spotkali\u015bmy si\u0119 w bibliotece z klasa II i IV ze Szko\u0142y Podstawowej w Pi\u0142awie Dolnej, aby porozmawia\u0107 o Wielkim Polaku Karolu Wojtyle, kt\u00f3ry zosta\u0142 Papie\u017cem. Spotkanie oparte by\u0142o na prelekcji, wraz z projekcj\u0105 ciekawych zdj\u0119\u0107 z \u017cycia Papie\u017ca. Opowie\u015b\u0107 w ciekawy spos\u00f3b prowadzi\u0142a pani Iwona Szewczak, nauczyciel religii. Dzieci z klasy II, opowiada\u0142y o spotkaniu z Papie\u017cem \u2013 swoich bliskich, o t\u0142umach ludzi, kt\u00f3rzy pokonywali wiele kilometr\u00f3w aby spotka\u0107 si\u0119 z Janem Paw\u0142em II, Papie\u017cem Polakiem, kt\u00f3rego pokocha\u0142 ca\u0142y \u015bwiat.<\/p>\n<p style=\"text-align: center;\"><a href=\"http:\/\/bibliotekamoscisko.pl\/wp-content\/uploads\/2014\/04\/Karol2.jpg\"><img decoding=\"async\" class=\" wp-image-238 aligncenter\" alt=\"Karol2\" src=\"http:\/\/bibliotekamoscisko.pl\/wp-content\/uploads\/2014\/04\/Karol2-168x300.jpg\" width=\"168\" height=\"300\" \/><\/a><\/p>\n<p align=\"right\">Wanda Kun<\/p>\n","protected":false},"excerpt":{"rendered":"<p>&nbsp; 8.04.2014\u00a0 spotkali\u015bmy si\u0119 w bibliotece z klasa II i IV ze Szko\u0142y Podstawowej w Pi\u0142awie Dolnej, aby porozmawia\u0107 o Wielkim Polaku Karolu Wojtyle, kt\u00f3ry zosta\u0142 Papie\u017cem. Spotkanie oparte by\u0142o [&hellip;]<\/p>\n","protected":false},"author":1,"featured_media":0,"comment_status":"open","ping_status":"open","sticky":false,"template":"","format":"standard","meta":{"ngg_post_thumbnail":0,"footnotes":""},"categories":[1],"tags":[],"class_list":["post-236","post","type-post","status-publish","format-standard","hentry","category-uncategorized"],"_links":{"self":[{"href":"https:\/\/bibliotekamoscisko.pl\/index.php?rest_route=\/wp\/v2\/posts\/236","targetHints":{"allow":["GET"]}}],"collection":[{"href":"https:\/\/bibliotekamoscisko.pl\/index.php?rest_route=\/wp\/v2\/posts"}],"about":[{"href":"https:\/\/bibliotekamoscisko.pl\/index.php?rest_route=\/wp\/v2\/types\/post"}],"author":[{"embeddable":true,"href":"https:\/\/bibliotekamoscisko.pl\/index.php?rest_route=\/wp\/v2\/users\/1"}],"replies":[{"embeddable":true,"href":"https:\/\/bibliotekamoscisko.pl\/index.php?rest_route=%2Fwp%2Fv2%2Fcomments&post=236"}],"version-history":[{"count":3,"href":"https:\/\/bibliotekamoscisko.pl\/index.php?rest_route=\/wp\/v2\/posts\/236\/revisions"}],"predecessor-version":[{"id":309,"href":"https:\/\/bibliotekamoscisko.pl\/index.php?rest_route=\/wp\/v2\/posts\/236\/revisions\/309"}],"wp:attachment":[{"href":"https:\/\/bibliotekamoscisko.pl\/index.php?rest_route=%2Fwp%2Fv2%2Fmedia&parent=236"}],"wp:term":[{"taxonomy":"category","embeddable":true,"href":"https:\/\/bibliotekamoscisko.pl\/index.php?rest_route=%2Fwp%2Fv2%2Fcategories&post=236"},{"taxonomy":"post_tag","embeddable":true,"href":"https:\/\/bibliotekamoscisko.pl\/index.php?rest_route=%2Fwp%2Fv2%2Ftags&post=236"}],"curies":[{"name":"wp","href":"https:\/\/api.w.org\/{rel}","templated":true}]}}