{"id":242,"date":"2014-04-10T08:23:25","date_gmt":"2014-04-10T08:23:25","guid":{"rendered":"http:\/\/bibliotekamoscisko.pl\/?p=242"},"modified":"2014-04-16T11:23:58","modified_gmt":"2014-04-16T11:23:58","slug":"projekt-kreatywna-biblioteka-i-kreatywni-wolontariusze-w-ostroszowicach","status":"publish","type":"post","link":"https:\/\/bibliotekamoscisko.pl\/?p=242","title":{"rendered":"Projekt Kreatywna Biblioteka i Kreatywni  wolontariusze w Ostroszowicach"},"content":{"rendered":"<p><b>\u00a0<\/b><\/p>\n<p style=\"text-align: center;\"><span style=\"font-size: 14px; line-height: 1.5em;\">\u00a0 \u00a0 \u00a0 \u00a0Bez wsp\u00f3\u0142pracy ani rusz. Obecnie w Ostroszowicach realizowany jest projekt Kreatywna Biblioteka\u00a0 przy wsp\u00f3\u0142udziale Ko\u0142a Gospody\u0144 Wiejskich dzia\u0142aj\u0105cego przy Stowarzyszeniu G\u00f3r Sowich, nauczycielek Alicji Najwer z ZSP oraz Gra\u017cyny Pano\u0144ko z \u00a0Przedszkola Gminnego.<\/span><\/p>\n<p style=\"text-align: center;\"><a href=\"http:\/\/bibliotekamoscisko.pl\/wp-content\/uploads\/2014\/04\/IMG_3163.jpg\"><img fetchpriority=\"high\" decoding=\"async\" class=\"aligncenter  wp-image-243\" alt=\"IMG_3163\" src=\"http:\/\/bibliotekamoscisko.pl\/wp-content\/uploads\/2014\/04\/IMG_3163-300x225.jpg\" width=\"500\" height=\"425\" \/><\/a><\/p>\n<p>\u00a0 \u00a0 \u00a0Sw\u00f3j udzia\u0142 w przygotowaniu i prowadzeniu warsztat\u00f3w maj\u0105 r\u00f3wnie\u017c cz\u0142onkowie Dyskusyjnego Klubu Ksi\u0105\u017cki\u00a0z Biblioteki Publiczno-Szkolnej w Ostroszowicach. Bardzo smaczna wiosenna zupa Krasnoludk\u00f3w powsta\u0142a dzi\u0119ki wszystkim zaanga\u017cowanym osobom. Obowi\u0105zki szefa kuchni pe\u0142ni\u0142a pani Ania Miarka. Dzieci samodzielnie\u00a0 z zachowaniem zasad bezpiecze\u0144stwa\u00a0kroi\u0142y marchewk\u0119, pietruszk\u0119, seler i inne sk\u0142adniki\u00a0niezb\u0119dne do ugotowania zupy.<\/p>\n<p><a href=\"http:\/\/bibliotekamoscisko.pl\/wp-content\/uploads\/2014\/04\/pychotki.jpg\"><img decoding=\"async\" class=\"alignleft size-medium wp-image-303\" alt=\"pychotki\" src=\"http:\/\/bibliotekamoscisko.pl\/wp-content\/uploads\/2014\/04\/pychotki-300x224.jpg\" width=\"300\" height=\"224\" srcset=\"https:\/\/bibliotekamoscisko.pl\/wp-content\/uploads\/2014\/04\/pychotki-300x224.jpg 300w, https:\/\/bibliotekamoscisko.pl\/wp-content\/uploads\/2014\/04\/pychotki.jpg 467w\" sizes=\"(max-width: 300px) 100vw, 300px\" \/><\/a>\u00a0 \u00a0 \u00a0 \u00a0 \u00a0 \u00a0 \u00a0 \u00a0 \u00a0 \u00a0 \u00a0 \u00a0 \u00a0 \u00a0 \u00a0 \u00a0 \u00a0 \u00a0 \u00a0 \u00a0 \u00a0 \u00a0 \u00a0 \u00a0 \u00a0 \u00a0 \u00a0 \u00a0 \u00a0 \u00a0 \u00a0 \u00a0 \u00a0 \u00a0 \u00a0 \u00a0 \u00a0 \u00a0 \u00a0 \u00a0 \u00a0 \u00a0 \u00a0 \u00a0 \u00a0 \u00a0 \u00a0 \u00a0 \u00a0 \u00a0 \u00a0 \u00a0 \u00a0 \u00a0 \u00a0 \u00a0 \u00a0 \u00a0 \u00a0 \u00a0 \u00a0 \u00a0 \u00a0 \u00a0 \u00a0 \u00a0 \u00a0 \u00a0 \u00a0 \u00a0 \u00a0 \u00a0 \u00a0 \u00a0 \u00a0 \u00a0 \u00a0 \u00a0 \u00a0 \u00a0 \u00a0 \u00a0 \u00a0 \u00a0 \u00a0 \u00a0 \u00a0 \u00a0 \u00a0 \u00a0Korzystaj\u0105c z Ksi\u0105\u017cki Kucharskiej Cecylki Knedelek pilnowa\u0142y, aby kolejno\u015b\u0107 czynno\u015bci kucharskich by\u0142a zgodna z receptur\u0105. Bardzo dok\u0142adnie swoje obowi\u0105zki wykonywa\u0142a Nikola, wi\u0119c \u00a0otrzyma\u0142a tytu\u0142 \u00a0Mini Top Chef.\u00a0Podczas gotowania zupy Pani Alicja Najwer prowadzi\u0142a zabawy animacyjne przy muzyce. \u00a0Sama degustacja zupy nast\u0105pi\u0142a w bibliotece. W\u015br\u00f3d ksi\u0105\u017cek powsta\u0142a gustowna sto\u0142\u00f3wka. Zupa smakowa\u0142a znakomicie. Wyg\u0142odzeni mali kucharze prosili\u00a0o dok\u0142adk\u0119. Adrian i Oskar zjedli po trzy porcje.<\/p>\n<p>Dzie\u0144 3 kwietnia opr\u00f3cz tego, \u017ce by\u0142 przepi\u0119kny wpisa\u0142 si\u0119 w nasze warsztaty kulinarne: \u015al\u0119\u017ca\u0144ske mniam&#8230;mniam\u00a0jako kolejne wspania\u0142e do\u015bwiadczenie&#8230;<\/p>\n<p>Maria Kirkiewicz<\/p>\n","protected":false},"excerpt":{"rendered":"<p>\u00a0 \u00a0 \u00a0 \u00a0 \u00a0Bez wsp\u00f3\u0142pracy ani rusz. Obecnie w Ostroszowicach realizowany jest projekt Kreatywna Biblioteka\u00a0 przy wsp\u00f3\u0142udziale Ko\u0142a Gospody\u0144 Wiejskich dzia\u0142aj\u0105cego przy Stowarzyszeniu G\u00f3r Sowich, nauczycielek Alicji Najwer z [&hellip;]<\/p>\n","protected":false},"author":1,"featured_media":0,"comment_status":"open","ping_status":"open","sticky":false,"template":"","format":"standard","meta":{"ngg_post_thumbnail":0,"footnotes":""},"categories":[1],"tags":[],"class_list":["post-242","post","type-post","status-publish","format-standard","hentry","category-uncategorized"],"_links":{"self":[{"href":"https:\/\/bibliotekamoscisko.pl\/index.php?rest_route=\/wp\/v2\/posts\/242","targetHints":{"allow":["GET"]}}],"collection":[{"href":"https:\/\/bibliotekamoscisko.pl\/index.php?rest_route=\/wp\/v2\/posts"}],"about":[{"href":"https:\/\/bibliotekamoscisko.pl\/index.php?rest_route=\/wp\/v2\/types\/post"}],"author":[{"embeddable":true,"href":"https:\/\/bibliotekamoscisko.pl\/index.php?rest_route=\/wp\/v2\/users\/1"}],"replies":[{"embeddable":true,"href":"https:\/\/bibliotekamoscisko.pl\/index.php?rest_route=%2Fwp%2Fv2%2Fcomments&post=242"}],"version-history":[{"count":4,"href":"https:\/\/bibliotekamoscisko.pl\/index.php?rest_route=\/wp\/v2\/posts\/242\/revisions"}],"predecessor-version":[{"id":304,"href":"https:\/\/bibliotekamoscisko.pl\/index.php?rest_route=\/wp\/v2\/posts\/242\/revisions\/304"}],"wp:attachment":[{"href":"https:\/\/bibliotekamoscisko.pl\/index.php?rest_route=%2Fwp%2Fv2%2Fmedia&parent=242"}],"wp:term":[{"taxonomy":"category","embeddable":true,"href":"https:\/\/bibliotekamoscisko.pl\/index.php?rest_route=%2Fwp%2Fv2%2Fcategories&post=242"},{"taxonomy":"post_tag","embeddable":true,"href":"https:\/\/bibliotekamoscisko.pl\/index.php?rest_route=%2Fwp%2Fv2%2Ftags&post=242"}],"curies":[{"name":"wp","href":"https:\/\/api.w.org\/{rel}","templated":true}]}}