{"id":2441,"date":"2015-12-15T12:49:42","date_gmt":"2015-12-15T12:49:42","guid":{"rendered":"http:\/\/bibliotekamoscisko.pl\/?p=2441"},"modified":"2015-12-15T12:49:42","modified_gmt":"2015-12-15T12:49:42","slug":"czytelnik-roku-2015-w-pilawie-dolnej","status":"publish","type":"post","link":"https:\/\/bibliotekamoscisko.pl\/?p=2441","title":{"rendered":"Czytelnik Roku 2015 w Pi\u0142awie Dolnej"},"content":{"rendered":"<p>15 grudnia w Bibliotece Publiczno-Szkolnej w Pi\u0142awie Dolnej, nast\u0105pi\u0142o rozstrzygni\u0119cie Konkursu\u00a0Czytelniczego \u00a0&#8211; &#8222;Czytelnik Roku 2015&#8221; . Tytu\u0142 ten za pasj\u0119 czytelnicz\u0105 i mi\u0142o\u015b\u0107 do ksi\u0105\u017cek\u00a0otrzyma\u0142a<\/p>\n<p><span style=\"color: #ff6600;\"> \u00a0Pani SYLWIA \u00a0POLKOWSKA.<\/span><\/p>\n<p>&nbsp;<\/p>\n<p>Gratulujemy i \u017cyczymy dalszych ciekawych spotka\u0144 z ksi\u0105\u017ck\u0105!<\/p>\n<p><a href=\"http:\/\/bibliotekamoscisko.pl\/wp-content\/uploads\/2015\/12\/czytelnik-roku-2.jpg\"><img fetchpriority=\"high\" decoding=\"async\" class=\"aligncenter size-full wp-image-2442\" src=\"http:\/\/bibliotekamoscisko.pl\/wp-content\/uploads\/2015\/12\/czytelnik-roku-2.jpg\" alt=\"czytelnik roku 2\" width=\"800\" height=\"600\" srcset=\"https:\/\/bibliotekamoscisko.pl\/wp-content\/uploads\/2015\/12\/czytelnik-roku-2.jpg 800w, https:\/\/bibliotekamoscisko.pl\/wp-content\/uploads\/2015\/12\/czytelnik-roku-2-300x225.jpg 300w\" sizes=\"(max-width: 800px) 100vw, 800px\" \/><\/a> <a href=\"http:\/\/bibliotekamoscisko.pl\/wp-content\/uploads\/2015\/12\/czytelnik-roku.jpg\"><img decoding=\"async\" class=\"aligncenter size-large wp-image-2443\" src=\"http:\/\/bibliotekamoscisko.pl\/wp-content\/uploads\/2015\/12\/czytelnik-roku.jpg\" alt=\"czytelnik roku\" width=\"800\" height=\"600\" srcset=\"https:\/\/bibliotekamoscisko.pl\/wp-content\/uploads\/2015\/12\/czytelnik-roku.jpg 800w, https:\/\/bibliotekamoscisko.pl\/wp-content\/uploads\/2015\/12\/czytelnik-roku-300x225.jpg 300w\" sizes=\"(max-width: 800px) 100vw, 800px\" \/><\/a><\/p>\n<p>&#8222;Ksi\u0105\u017cka to m\u0119drzec \u0142agodny i pe\u0142en s\u0142odyczy, kt\u00f3ry puste \u017cycie nape\u0142nia \u015bwiat\u0142em,\u00a0a puste serce \u00a0wzruszeniem&#8221; \u00a0 \u00a0 \u00a0 \u00a0 \u00a0 \u00a0 \u00a0 \u00a0 \u00a0&#8211; K.Makuszy\u0144ski.<\/p>\n<p>W.Kun<\/p>\n<p>Wszystkim Czytelnikom dzi\u0119kujemy za aktywny udzia\u0142 w Konkursie.<\/p>\n<p>W.Kun.<\/p>\n<p>&nbsp;<\/p>\n","protected":false},"excerpt":{"rendered":"<p>15 grudnia w Bibliotece Publiczno-Szkolnej w Pi\u0142awie Dolnej, nast\u0105pi\u0142o rozstrzygni\u0119cie Konkursu\u00a0Czytelniczego \u00a0&#8211; &#8222;Czytelnik Roku 2015&#8221; . Tytu\u0142 ten za pasj\u0119 czytelnicz\u0105 i mi\u0142o\u015b\u0107 do ksi\u0105\u017cek\u00a0otrzyma\u0142a \u00a0Pani SYLWIA \u00a0POLKOWSKA. &nbsp; Gratulujemy [&hellip;]<\/p>\n","protected":false},"author":1,"featured_media":2325,"comment_status":"closed","ping_status":"open","sticky":false,"template":"","format":"standard","meta":{"ngg_post_thumbnail":0,"footnotes":""},"categories":[1],"tags":[],"class_list":["post-2441","post","type-post","status-publish","format-standard","has-post-thumbnail","hentry","category-uncategorized"],"_links":{"self":[{"href":"https:\/\/bibliotekamoscisko.pl\/index.php?rest_route=\/wp\/v2\/posts\/2441","targetHints":{"allow":["GET"]}}],"collection":[{"href":"https:\/\/bibliotekamoscisko.pl\/index.php?rest_route=\/wp\/v2\/posts"}],"about":[{"href":"https:\/\/bibliotekamoscisko.pl\/index.php?rest_route=\/wp\/v2\/types\/post"}],"author":[{"embeddable":true,"href":"https:\/\/bibliotekamoscisko.pl\/index.php?rest_route=\/wp\/v2\/users\/1"}],"replies":[{"embeddable":true,"href":"https:\/\/bibliotekamoscisko.pl\/index.php?rest_route=%2Fwp%2Fv2%2Fcomments&post=2441"}],"version-history":[{"count":1,"href":"https:\/\/bibliotekamoscisko.pl\/index.php?rest_route=\/wp\/v2\/posts\/2441\/revisions"}],"predecessor-version":[{"id":2444,"href":"https:\/\/bibliotekamoscisko.pl\/index.php?rest_route=\/wp\/v2\/posts\/2441\/revisions\/2444"}],"wp:featuredmedia":[{"embeddable":true,"href":"https:\/\/bibliotekamoscisko.pl\/index.php?rest_route=\/wp\/v2\/media\/2325"}],"wp:attachment":[{"href":"https:\/\/bibliotekamoscisko.pl\/index.php?rest_route=%2Fwp%2Fv2%2Fmedia&parent=2441"}],"wp:term":[{"taxonomy":"category","embeddable":true,"href":"https:\/\/bibliotekamoscisko.pl\/index.php?rest_route=%2Fwp%2Fv2%2Fcategories&post=2441"},{"taxonomy":"post_tag","embeddable":true,"href":"https:\/\/bibliotekamoscisko.pl\/index.php?rest_route=%2Fwp%2Fv2%2Ftags&post=2441"}],"curies":[{"name":"wp","href":"https:\/\/api.w.org\/{rel}","templated":true}]}}