{"id":2449,"date":"2015-12-16T11:22:21","date_gmt":"2015-12-16T11:22:21","guid":{"rendered":"http:\/\/bibliotekamoscisko.pl\/?p=2449"},"modified":"2015-12-16T11:22:21","modified_gmt":"2015-12-16T11:22:21","slug":"mali-giganci-ekologii-w-swiatecznym-nastroju-koleduja-przy-choince","status":"publish","type":"post","link":"https:\/\/bibliotekamoscisko.pl\/?p=2449","title":{"rendered":"Mali giganci ekologii w \u015bwi\u0105tecznym nastroju kol\u0119duj\u0105 przy choince"},"content":{"rendered":"<p>Dwa projekty po\u0142\u0105czone zosta\u0142y w jedno dzia\u0142anie i powsta\u0142 oryginalny pomys\u0142 na tworzenie ozd\u00f3b \u015bwi\u0105tecznych.<\/p>\n<p>Biblioteka Gminy Dzier\u017coni\u00f3w w Mo\u015bcisku kolejny raz organizuje \u015awi\u0105teczne Impresje Biblioteczne, podczas kt\u00f3rych uczestnicy tworz\u0105 niestereotypowe ozdoby, spotykaj\u0105 si\u0119 w bibliotekach, wsp\u00f3lnie \u015bpiewaj\u0105 kol\u0119dy i tworz\u0105 \u015bwi\u0105teczne klimaty.<\/p>\n<p>Ponadto Biblioteka w Ostroszowicach uczestniczy w projekcie &#8222;EkoPaka Interseroh zamykamy obieg surowc\u00f3w&#8221;, w kt\u00f3rym dzieci ucz\u0105 si\u0119 pozytywnych zachowa\u0144 ekologicznych. \u00a015 grudnia odby\u0142y si\u0119 w Ostroszowicach warsztaty kreatywne, podczas kt\u00f3rych dzieci wykona\u0142y ozdoby z tworzyw sztucznych.\u00a0Wykorzystano do tego kolorow\u0105 piank\u0119, z kt\u00f3rej dzieci wyczarowa\u0142y kolorowe bombki i \u015bwieczki.<\/p>\n<p>Rozmowa z dzie\u0107mi na temat recyklingu plastiku pokaza\u0142a wymierne korzy\u015bci z wykorzystania tego tworzywa. Opakowania, bluzy polarowe, czy sprz\u0119t gospodarstwa domowego to w wi\u0119kszo\u015bci rzeczy wykonane z granulatu.<\/p>\n<p>Nasze wyj\u0105tkowe spotkanie, podczas kt\u00f3rego dzieci pozna\u0142y nowe tworzywo pozwoli\u0142o oceni\u0107 jego walory, takie jak lekko\u015b\u0107, kolorystyka, zapach. Dzieci do\u015bwiadczy\u0142y tak\u017ce przyjemno\u015bci pracy w grupie oraz u\u015bwiadomi\u0142y sobie jak wa\u017cne jest nasze naturalne \u015brodowisko dla egzystencji. Istotne\u00a0przes\u0142anie &#8211; warto sprawia\u0107 bli\u017anim rado\u015b\u0107.<\/p>\n<p>Choinka z ozdobami wykonanymi w\u0142asnor\u0119cznie z ogromn\u0105 fantazj\u0105 i zaanga\u017cowaniem z materia\u0142\u00f3w recyklingowych jest zachwycaj\u0105ca\u2026<\/p>\n<div id='gallery-1' class='gallery galleryid-2449 gallery-columns-3 gallery-size-thumbnail'><figure class='gallery-item'>\n\t\t\t<div class='gallery-icon landscape'>\n\t\t\t\t<a href='https:\/\/bibliotekamoscisko.pl\/?attachment_id=2453'><img decoding=\"async\" width=\"150\" height=\"150\" src=\"https:\/\/bibliotekamoscisko.pl\/wp-content\/uploads\/2015\/12\/IMG_1010-150x150.jpg\" class=\"attachment-thumbnail size-thumbnail\" alt=\"\" \/><\/a>\n\t\t\t<\/div><\/figure><figure class='gallery-item'>\n\t\t\t<div class='gallery-icon landscape'>\n\t\t\t\t<a href='https:\/\/bibliotekamoscisko.pl\/?attachment_id=2450'><img decoding=\"async\" width=\"150\" height=\"150\" src=\"https:\/\/bibliotekamoscisko.pl\/wp-content\/uploads\/2015\/12\/IMG_0984-150x150.jpg\" class=\"attachment-thumbnail size-thumbnail\" alt=\"\" \/><\/a>\n\t\t\t<\/div><\/figure><figure class='gallery-item'>\n\t\t\t<div class='gallery-icon landscape'>\n\t\t\t\t<a href='https:\/\/bibliotekamoscisko.pl\/?attachment_id=2451'><img decoding=\"async\" width=\"150\" height=\"150\" src=\"https:\/\/bibliotekamoscisko.pl\/wp-content\/uploads\/2015\/12\/IMG_0988-150x150.jpg\" class=\"attachment-thumbnail size-thumbnail\" alt=\"\" \/><\/a>\n\t\t\t<\/div><\/figure><figure class='gallery-item'>\n\t\t\t<div class='gallery-icon landscape'>\n\t\t\t\t<a href='https:\/\/bibliotekamoscisko.pl\/?attachment_id=2452'><img loading=\"lazy\" decoding=\"async\" width=\"150\" height=\"150\" src=\"https:\/\/bibliotekamoscisko.pl\/wp-content\/uploads\/2015\/12\/IMG_0998-150x150.jpg\" class=\"attachment-thumbnail size-thumbnail\" alt=\"\" \/><\/a>\n\t\t\t<\/div><\/figure>\n\t\t<\/div>\n\n<p>W oczekiwaniu na \u015bwi\u0119ta dzieci z drugiej klasy z wychowawczyni\u0105 Elzbiet\u0105 Juziuk-Janick\u0105 kol\u0119duj\u0105 przy swojej ekologicznej choince:<\/p>\n<p>,,B\u00f3g si\u0119 rodzi, moc truchleje&#8230;&#8221;<\/p>\n<p>&nbsp;<\/p>\n<p>M.K.<\/p>\n","protected":false},"excerpt":{"rendered":"<p>Dwa projekty po\u0142\u0105czone zosta\u0142y w jedno dzia\u0142anie i powsta\u0142 oryginalny pomys\u0142 na tworzenie ozd\u00f3b \u015bwi\u0105tecznych. Biblioteka Gminy Dzier\u017coni\u00f3w w Mo\u015bcisku kolejny raz organizuje \u015awi\u0105teczne Impresje Biblioteczne, podczas kt\u00f3rych uczestnicy tworz\u0105 [&hellip;]<\/p>\n","protected":false},"author":1,"featured_media":2378,"comment_status":"closed","ping_status":"open","sticky":false,"template":"","format":"standard","meta":{"ngg_post_thumbnail":0,"footnotes":""},"categories":[1],"tags":[],"class_list":["post-2449","post","type-post","status-publish","format-standard","has-post-thumbnail","hentry","category-uncategorized"],"_links":{"self":[{"href":"https:\/\/bibliotekamoscisko.pl\/index.php?rest_route=\/wp\/v2\/posts\/2449","targetHints":{"allow":["GET"]}}],"collection":[{"href":"https:\/\/bibliotekamoscisko.pl\/index.php?rest_route=\/wp\/v2\/posts"}],"about":[{"href":"https:\/\/bibliotekamoscisko.pl\/index.php?rest_route=\/wp\/v2\/types\/post"}],"author":[{"embeddable":true,"href":"https:\/\/bibliotekamoscisko.pl\/index.php?rest_route=\/wp\/v2\/users\/1"}],"replies":[{"embeddable":true,"href":"https:\/\/bibliotekamoscisko.pl\/index.php?rest_route=%2Fwp%2Fv2%2Fcomments&post=2449"}],"version-history":[{"count":1,"href":"https:\/\/bibliotekamoscisko.pl\/index.php?rest_route=\/wp\/v2\/posts\/2449\/revisions"}],"predecessor-version":[{"id":2454,"href":"https:\/\/bibliotekamoscisko.pl\/index.php?rest_route=\/wp\/v2\/posts\/2449\/revisions\/2454"}],"wp:featuredmedia":[{"embeddable":true,"href":"https:\/\/bibliotekamoscisko.pl\/index.php?rest_route=\/wp\/v2\/media\/2378"}],"wp:attachment":[{"href":"https:\/\/bibliotekamoscisko.pl\/index.php?rest_route=%2Fwp%2Fv2%2Fmedia&parent=2449"}],"wp:term":[{"taxonomy":"category","embeddable":true,"href":"https:\/\/bibliotekamoscisko.pl\/index.php?rest_route=%2Fwp%2Fv2%2Fcategories&post=2449"},{"taxonomy":"post_tag","embeddable":true,"href":"https:\/\/bibliotekamoscisko.pl\/index.php?rest_route=%2Fwp%2Fv2%2Ftags&post=2449"}],"curies":[{"name":"wp","href":"https:\/\/api.w.org\/{rel}","templated":true}]}}