{"id":245,"date":"2014-04-11T13:23:14","date_gmt":"2014-04-11T13:23:14","guid":{"rendered":"http:\/\/bibliotekamoscisko.pl\/?p=245"},"modified":"2014-04-15T10:30:45","modified_gmt":"2014-04-15T10:30:45","slug":"wolnosc-to-prawo-do-roznicy-e-cioran","status":"publish","type":"post","link":"https:\/\/bibliotekamoscisko.pl\/?p=245","title":{"rendered":"\u201eWolno\u015b\u0107 to prawo do r\u00f3\u017cnicy\u201d E. Cioran"},"content":{"rendered":"<p>&nbsp;<\/p>\n<p>W tym roku mija 25. rocznica wybor\u00f3w z 4 czerwca 1989r., kt\u00f3re zako\u0144czy\u0142y si\u0119 zwyci\u0119stwem Solidarno\u015bci. Czy demokracja i zwi\u0105zane z ni\u0105 obywatelskie swobody mog\u0105 zosta\u0107 zagro\u017cone? Jak pojmuj\u0105 wolno\u015b\u0107 m\u0142odzi ludzie w 2014 roku? Nad tymi pytaniami zastanawiali\u015bmy si\u0119 podczas spotkania zorganizowanego 09 kwietnia w Bibliotece Publicznej Gminy Dzier\u017coni\u00f3w w Mo\u015bcisku w ramach akcji \u201eWolno\u015b\u0107 czujesz to?\u201d. Biblioteka znalaz\u0142a si\u0119 na li\u015bcie 50 plac\u00f3wek, kt\u00f3re otrzyma\u0142y ksi\u0105\u017ck\u0119 Leszka Balcerowicza \u201eOdkrywaj\u0105c wolno\u015b\u0107.\u00a0Przeciw zniewoleniu umys\u0142\u00f3w\u201d. Ta licz\u0105ca sobie blisko 1027 stron pozycja wzbudzi\u0142a spore zainteresowanie w\u015br\u00f3d zaproszonej na spotkanie i debat\u0119 oxfordzk\u0105 m\u0142odzie\u017cy z Zespo\u0142u Szk\u00f3\u0142 nr 3 im. Kombatant\u00f3w Rzeczpospolitej Polskiej w Dzier\u017coniowie, mimo tego, \u017ce nie jest to lektura \u0142atwa. Przytaczane podczas spotkania fragmenty pomog\u0142y szerzej spojrze\u0107 na temat i na naszej tablicy pojawi\u0142o si\u0119 sporo wpis\u00f3w dotycz\u0105cych wolno\u015bci.\u00a0\u00a0\u00a0\u00a0\u00a0\u00a0\u00a0\u00a0\u00a0\u00a0\u00a0\u00a0\u00a0 \u00a0\u00a0\u00a0\u00a0\u00a0\u00a0\u00a0\u00a0\u00a0\u00a0\u00a0\u00a0\u00a0\u00a0\u00a0\u00a0\u00a0\u00a0 \u00a0\u00a0\u00a0\u00a0\u00a0\u00a0\u00a0\u00a0\u00a0\u00a0\u00a0\u00a0\u00a0\u00a0\u00a0\u00a0\u00a0\u00a0\u00a0\u00a0\u00a0\u00a0\u00a0\u00a0\u00a0\u00a0\u00a0\u00a0\u00a0\u00a0\u00a0\u00a0\u00a0\u00a0\u00a0\u00a0\u00a0\u00a0\u00a0\u00a0\u00a0\u00a0\u00a0\u00a0\u00a0\u00a0\u00a0\u00a0\u00a0\u00a0\u00a0\u00a0\u00a0\u00a0\u00a0\u00a0\u00a0\u00a0\u00a0\u00a0\u00a0\u00a0\u00a0\u00a0\u00a0 Kolejnym etapem naszego spotkania by\u0142o przeprowadzenie debaty oksfordzkiej. Tematem nad kt\u00f3rym postanowiono dyskutowa\u0107 sta\u0142a si\u0119 legalizacja marihuany. Uczestnicy wylosowali role, w jakich przysz\u0142o im wyst\u0119powa\u0107 podczas debaty a tak\u017ce stanowisko, kt\u00f3rego mieli broni\u0107. Ksi\u0105dz, mieszkaniec, w\u0142a\u015bcicielka sklepu spo\u017cywczego, rowerzysta, nauczyciel, stra\u017cak \u2013 to tylko kilka z wylosowanych kartek. Forma debaty oksfordzkiej obliguje uczestnik\u00f3w do przestrzegania okre\u015blonych zasad. Nie nale\u017cy przerywa\u0107 oponentom, obra\u017ca\u0107 ich ani wy\u015bmiewa\u0107 a wypowiedzi musz\u0105 \u00a0si\u0119 zmie\u015bci\u0107 w wyznaczonym czasie. Sztuka argumentacji i s\u0142uchania przeciwnika nie jest \u0142atwym zadaniem. M\u0142odzi ludzie postarali si\u0119 spojrze\u0107 na problem oczami innych, poszuka\u0107 s\u0142\u00f3w i motyw\u00f3w z kt\u00f3rymi nie zawsze si\u0119 zgadzali. Dzi\u0119ki temu mogli zrozumie\u0107, \u017ce wolno\u015b\u0107 to nie tylko s\u0142owo ale i \u015bwiadomo\u015b\u0107 jej warto\u015bci dla ka\u017cdego istnienia.\u00a0\u201eWolno\u015b\u0107 to prawo do r\u00f3\u017cnicy\u201d \u2013 jak twierdzi\u0142 E. Cioran. Te r\u00f3\u017cnice za\u015b to nasza rzeczywisto\u015b\u0107, w kt\u00f3rej \u017cyjemy. \u00a0\u00a0\u00a0\u00a0\u00a0\u00a0\u00a0\u00a0\u00a0\u00a0\u00a0 \u00a0\u00a0\u00a0\u00a0\u00a0\u00a0\u00a0\u00a0 Ukoronowaniem debaty sta\u0142o si\u0119 g\u0142osowanie. W Oxford Union uczestnicy \u00a0g\u0142osuj\u0105c wychodz\u0105 poprzez podw\u00f3jne drzwi na \u201etak\u201d i na \u201enie\u201d. Naszymi drzwiami na \u201etak\u201d sta\u0142y si\u0119 drzwi prowadz\u0105ce do dzia\u0142u z literatur\u0105 dzieci\u0119c\u0105.<\/p>\n\n<p>Zorganizowanie debaty to tak\u017ce szansa na\u00a0 wizyt\u0119 prof. Leszka Balcerowicza. Je\u017celi postanowi nas odwiedzi\u0107 zadamy mu jedno z pyta\u0144, kt\u00f3re zosta\u0142o wymy\u015blone na naszym spotkaniu i uzyska\u0142o poparcie uczestnik\u00f3w: \u201eNa ile jest Pan wolnym cz\u0142owiekiem &#8211; jak wygl\u0105da Pana wolno\u015b\u0107?\u201d<\/p>\n<audio class=\"wp-audio-shortcode\" id=\"audio-245-1\" preload=\"none\" style=\"width: 100%;\" controls=\"controls\"><source type=\"audio\/mpeg\" src=\"http:\/\/bibliotekamoscisko.pl\/wp-content\/uploads\/2014\/04\/wolno\u015b\u0107-BPGD-Mo\u015bcisko.mp3?_=1\" \/><a href=\"http:\/\/bibliotekamoscisko.pl\/wp-content\/uploads\/2014\/04\/wolno\u015b\u0107-BPGD-Mo\u015bcisko.mp3\">http:\/\/bibliotekamoscisko.pl\/wp-content\/uploads\/2014\/04\/wolno\u015b\u0107-BPGD-Mo\u015bcisko.mp3<\/a><\/audio>\n<p>Danuta Wi\u015bniewska<\/p>\n","protected":false},"excerpt":{"rendered":"<p>&nbsp; W tym roku mija 25. rocznica wybor\u00f3w z 4 czerwca 1989r., kt\u00f3re zako\u0144czy\u0142y si\u0119 zwyci\u0119stwem Solidarno\u015bci. Czy demokracja i zwi\u0105zane z ni\u0105 obywatelskie swobody mog\u0105 zosta\u0107 zagro\u017cone? Jak pojmuj\u0105 [&hellip;]<\/p>\n","protected":false},"author":1,"featured_media":246,"comment_status":"open","ping_status":"open","sticky":false,"template":"","format":"standard","meta":{"ngg_post_thumbnail":0,"footnotes":""},"categories":[1],"tags":[],"class_list":["post-245","post","type-post","status-publish","format-standard","has-post-thumbnail","hentry","category-uncategorized"],"_links":{"self":[{"href":"https:\/\/bibliotekamoscisko.pl\/index.php?rest_route=\/wp\/v2\/posts\/245","targetHints":{"allow":["GET"]}}],"collection":[{"href":"https:\/\/bibliotekamoscisko.pl\/index.php?rest_route=\/wp\/v2\/posts"}],"about":[{"href":"https:\/\/bibliotekamoscisko.pl\/index.php?rest_route=\/wp\/v2\/types\/post"}],"author":[{"embeddable":true,"href":"https:\/\/bibliotekamoscisko.pl\/index.php?rest_route=\/wp\/v2\/users\/1"}],"replies":[{"embeddable":true,"href":"https:\/\/bibliotekamoscisko.pl\/index.php?rest_route=%2Fwp%2Fv2%2Fcomments&post=245"}],"version-history":[{"count":4,"href":"https:\/\/bibliotekamoscisko.pl\/index.php?rest_route=\/wp\/v2\/posts\/245\/revisions"}],"predecessor-version":[{"id":281,"href":"https:\/\/bibliotekamoscisko.pl\/index.php?rest_route=\/wp\/v2\/posts\/245\/revisions\/281"}],"wp:featuredmedia":[{"embeddable":true,"href":"https:\/\/bibliotekamoscisko.pl\/index.php?rest_route=\/wp\/v2\/media\/246"}],"wp:attachment":[{"href":"https:\/\/bibliotekamoscisko.pl\/index.php?rest_route=%2Fwp%2Fv2%2Fmedia&parent=245"}],"wp:term":[{"taxonomy":"category","embeddable":true,"href":"https:\/\/bibliotekamoscisko.pl\/index.php?rest_route=%2Fwp%2Fv2%2Fcategories&post=245"},{"taxonomy":"post_tag","embeddable":true,"href":"https:\/\/bibliotekamoscisko.pl\/index.php?rest_route=%2Fwp%2Fv2%2Ftags&post=245"}],"curies":[{"name":"wp","href":"https:\/\/api.w.org\/{rel}","templated":true}]}}