{"id":2530,"date":"2016-01-07T13:35:22","date_gmt":"2016-01-07T13:35:22","guid":{"rendered":"http:\/\/bibliotekamoscisko.pl\/?p=2530"},"modified":"2016-01-09T10:14:21","modified_gmt":"2016-01-09T10:14:21","slug":"spotkania-autorskie-z-miloszem-wrzesinskim","status":"publish","type":"post","link":"https:\/\/bibliotekamoscisko.pl\/?p=2530","title":{"rendered":"Spotkanie autorskie z Mi\u0142oszem Wrzesi\u0144skim"},"content":{"rendered":"<p>Wszystkich mi\u0142o\u015bnik\u00f3w poetyckiego s\u0142owa zapraszamy serdecznie 22 stycznia do Biblioteki w Mo\u015bcisku na spotkanie z Mi\u0142oszem Wrzesi\u0144skim i jego wierszami. Czekaj\u0105 nas rozwa\u017cania o warsztacie poetyckim, rozmowy o sposobach interpretacji przedstawianych strof a przede wszystkim bezpo\u015bredni kontakt z Poezj\u0105.<\/p>\n<p>Wydane tomiki: \u00a0\u201eUwaga mi\u0142e panie\u201d- 1998; \u201eTereny intymne\u201d- 2004; oraz w 2013 &#8211; \u201e\u0141atwizna\u201d.\u00a0Ostatni z\u00a0 nich dosta\u0142 si\u0119 do p\u00f3\u0142fina\u0142u VI Og\u00f3lnopolskiego Konkurs na Autorsk\u0105 Ksi\u0105\u017ck\u0119 Literack\u0105 \u2013 \u015awidnica 2013.<\/p>\n<p><a href=\"http:\/\/bibliotekamoscisko.pl\/wp-content\/uploads\/2016\/01\/Wrzesinski-spotkanie-autorskie.jpg\"><img fetchpriority=\"high\" decoding=\"async\" class=\"aligncenter size-large wp-image-2535\" src=\"http:\/\/bibliotekamoscisko.pl\/wp-content\/uploads\/2016\/01\/Wrzesinski-spotkanie-autorskie-1024x576.jpg\" alt=\"Wrzesinski spotkanie autorskie\" width=\"1024\" height=\"576\" srcset=\"https:\/\/bibliotekamoscisko.pl\/wp-content\/uploads\/2016\/01\/Wrzesinski-spotkanie-autorskie-1024x576.jpg 1024w, https:\/\/bibliotekamoscisko.pl\/wp-content\/uploads\/2016\/01\/Wrzesinski-spotkanie-autorskie-300x169.jpg 300w, https:\/\/bibliotekamoscisko.pl\/wp-content\/uploads\/2016\/01\/Wrzesinski-spotkanie-autorskie.jpg 1600w\" sizes=\"(max-width: 1024px) 100vw, 1024px\" \/><\/a><\/p>\n<p>&nbsp;<\/p>\n","protected":false},"excerpt":{"rendered":"<p>Wszystkich mi\u0142o\u015bnik\u00f3w poetyckiego s\u0142owa zapraszamy serdecznie 22 stycznia do Biblioteki w Mo\u015bcisku na spotkanie z Mi\u0142oszem Wrzesi\u0144skim i jego wierszami. Czekaj\u0105 nas rozwa\u017cania o warsztacie poetyckim, rozmowy o sposobach interpretacji [&hellip;]<\/p>\n","protected":false},"author":1,"featured_media":2532,"comment_status":"closed","ping_status":"open","sticky":false,"template":"","format":"standard","meta":{"ngg_post_thumbnail":0,"footnotes":""},"categories":[1],"tags":[],"class_list":["post-2530","post","type-post","status-publish","format-standard","has-post-thumbnail","hentry","category-uncategorized"],"_links":{"self":[{"href":"https:\/\/bibliotekamoscisko.pl\/index.php?rest_route=\/wp\/v2\/posts\/2530","targetHints":{"allow":["GET"]}}],"collection":[{"href":"https:\/\/bibliotekamoscisko.pl\/index.php?rest_route=\/wp\/v2\/posts"}],"about":[{"href":"https:\/\/bibliotekamoscisko.pl\/index.php?rest_route=\/wp\/v2\/types\/post"}],"author":[{"embeddable":true,"href":"https:\/\/bibliotekamoscisko.pl\/index.php?rest_route=\/wp\/v2\/users\/1"}],"replies":[{"embeddable":true,"href":"https:\/\/bibliotekamoscisko.pl\/index.php?rest_route=%2Fwp%2Fv2%2Fcomments&post=2530"}],"version-history":[{"count":4,"href":"https:\/\/bibliotekamoscisko.pl\/index.php?rest_route=\/wp\/v2\/posts\/2530\/revisions"}],"predecessor-version":[{"id":2537,"href":"https:\/\/bibliotekamoscisko.pl\/index.php?rest_route=\/wp\/v2\/posts\/2530\/revisions\/2537"}],"wp:featuredmedia":[{"embeddable":true,"href":"https:\/\/bibliotekamoscisko.pl\/index.php?rest_route=\/wp\/v2\/media\/2532"}],"wp:attachment":[{"href":"https:\/\/bibliotekamoscisko.pl\/index.php?rest_route=%2Fwp%2Fv2%2Fmedia&parent=2530"}],"wp:term":[{"taxonomy":"category","embeddable":true,"href":"https:\/\/bibliotekamoscisko.pl\/index.php?rest_route=%2Fwp%2Fv2%2Fcategories&post=2530"},{"taxonomy":"post_tag","embeddable":true,"href":"https:\/\/bibliotekamoscisko.pl\/index.php?rest_route=%2Fwp%2Fv2%2Ftags&post=2530"}],"curies":[{"name":"wp","href":"https:\/\/api.w.org\/{rel}","templated":true}]}}