{"id":2559,"date":"2016-01-23T13:44:26","date_gmt":"2016-01-23T13:44:26","guid":{"rendered":"http:\/\/bibliotekamoscisko.pl\/?p=2559"},"modified":"2016-01-23T13:44:26","modified_gmt":"2016-01-23T13:44:26","slug":"milosz-wrzesinski-w-bibliotece-w-moscisku","status":"publish","type":"post","link":"https:\/\/bibliotekamoscisko.pl\/?p=2559","title":{"rendered":"Mi\u0142osz Wrzesi\u0144ski w Bibliotece w Mo\u015bcisku"},"content":{"rendered":"<p>\u201eKoniec lutego daje satysfakcj\u0119\u201d\u00a0\u2666<\/p>\n<div id='gallery-1' class='gallery galleryid-2559 gallery-columns-3 gallery-size-thumbnail'><figure class='gallery-item'>\n\t\t\t<div class='gallery-icon landscape'>\n\t\t\t\t<a href='https:\/\/bibliotekamoscisko.pl\/?attachment_id=2569'><img decoding=\"async\" width=\"150\" height=\"150\" src=\"https:\/\/bibliotekamoscisko.pl\/wp-content\/uploads\/2016\/01\/IMG_1057-150x150.jpg\" class=\"attachment-thumbnail size-thumbnail\" alt=\"\" \/><\/a>\n\t\t\t<\/div><\/figure><figure class='gallery-item'>\n\t\t\t<div class='gallery-icon landscape'>\n\t\t\t\t<a href='https:\/\/bibliotekamoscisko.pl\/?attachment_id=2560'><img decoding=\"async\" width=\"150\" height=\"150\" src=\"https:\/\/bibliotekamoscisko.pl\/wp-content\/uploads\/2016\/01\/DSCF4385-150x150.jpeg\" class=\"attachment-thumbnail size-thumbnail\" alt=\"\" \/><\/a>\n\t\t\t<\/div><\/figure><figure class='gallery-item'>\n\t\t\t<div class='gallery-icon landscape'>\n\t\t\t\t<a href='https:\/\/bibliotekamoscisko.pl\/?attachment_id=2561'><img decoding=\"async\" width=\"150\" height=\"150\" src=\"https:\/\/bibliotekamoscisko.pl\/wp-content\/uploads\/2016\/01\/DSCF4387-150x150.jpeg\" class=\"attachment-thumbnail size-thumbnail\" alt=\"\" \/><\/a>\n\t\t\t<\/div><\/figure><figure class='gallery-item'>\n\t\t\t<div class='gallery-icon landscape'>\n\t\t\t\t<a href='https:\/\/bibliotekamoscisko.pl\/?attachment_id=2562'><img loading=\"lazy\" decoding=\"async\" width=\"150\" height=\"150\" src=\"https:\/\/bibliotekamoscisko.pl\/wp-content\/uploads\/2016\/01\/DSCF4389-150x150.jpeg\" class=\"attachment-thumbnail size-thumbnail\" alt=\"\" \/><\/a>\n\t\t\t<\/div><\/figure><figure class='gallery-item'>\n\t\t\t<div class='gallery-icon landscape'>\n\t\t\t\t<a href='https:\/\/bibliotekamoscisko.pl\/?attachment_id=2563'><img loading=\"lazy\" decoding=\"async\" width=\"150\" height=\"150\" src=\"https:\/\/bibliotekamoscisko.pl\/wp-content\/uploads\/2016\/01\/DSCF4402-150x150.jpeg\" class=\"attachment-thumbnail size-thumbnail\" alt=\"\" \/><\/a>\n\t\t\t<\/div><\/figure><figure class='gallery-item'>\n\t\t\t<div class='gallery-icon landscape'>\n\t\t\t\t<a href='https:\/\/bibliotekamoscisko.pl\/?attachment_id=2564'><img loading=\"lazy\" decoding=\"async\" width=\"150\" height=\"150\" src=\"https:\/\/bibliotekamoscisko.pl\/wp-content\/uploads\/2016\/01\/DSCF4405-150x150.jpeg\" class=\"attachment-thumbnail size-thumbnail\" alt=\"\" \/><\/a>\n\t\t\t<\/div><\/figure><figure class='gallery-item'>\n\t\t\t<div class='gallery-icon landscape'>\n\t\t\t\t<a href='https:\/\/bibliotekamoscisko.pl\/?attachment_id=2565'><img loading=\"lazy\" decoding=\"async\" width=\"150\" height=\"150\" src=\"https:\/\/bibliotekamoscisko.pl\/wp-content\/uploads\/2016\/01\/DSCF4416-150x150.jpeg\" class=\"attachment-thumbnail size-thumbnail\" alt=\"\" \/><\/a>\n\t\t\t<\/div><\/figure><figure class='gallery-item'>\n\t\t\t<div class='gallery-icon landscape'>\n\t\t\t\t<a href='https:\/\/bibliotekamoscisko.pl\/?attachment_id=2566'><img loading=\"lazy\" decoding=\"async\" width=\"150\" height=\"150\" src=\"https:\/\/bibliotekamoscisko.pl\/wp-content\/uploads\/2016\/01\/DSCF4420-150x150.jpeg\" class=\"attachment-thumbnail size-thumbnail\" alt=\"\" \/><\/a>\n\t\t\t<\/div><\/figure><figure class='gallery-item'>\n\t\t\t<div class='gallery-icon landscape'>\n\t\t\t\t<a href='https:\/\/bibliotekamoscisko.pl\/?attachment_id=2567'><img loading=\"lazy\" decoding=\"async\" width=\"150\" height=\"150\" src=\"https:\/\/bibliotekamoscisko.pl\/wp-content\/uploads\/2016\/01\/DSCF4421-150x150.jpeg\" class=\"attachment-thumbnail size-thumbnail\" alt=\"\" \/><\/a>\n\t\t\t<\/div><\/figure><figure class='gallery-item'>\n\t\t\t<div class='gallery-icon landscape'>\n\t\t\t\t<a href='https:\/\/bibliotekamoscisko.pl\/?attachment_id=2568'><img loading=\"lazy\" decoding=\"async\" width=\"150\" height=\"150\" src=\"https:\/\/bibliotekamoscisko.pl\/wp-content\/uploads\/2016\/01\/DSCF4463-150x150.jpeg\" class=\"attachment-thumbnail size-thumbnail\" alt=\"\" \/><\/a>\n\t\t\t<\/div><\/figure><figure class='gallery-item'>\n\t\t\t<div class='gallery-icon landscape'>\n\t\t\t\t<a href='https:\/\/bibliotekamoscisko.pl\/?attachment_id=2570'><img loading=\"lazy\" decoding=\"async\" width=\"150\" height=\"150\" src=\"https:\/\/bibliotekamoscisko.pl\/wp-content\/uploads\/2016\/01\/IMG_1058-1-150x150.jpg\" class=\"attachment-thumbnail size-thumbnail\" alt=\"\" \/><\/a>\n\t\t\t<\/div><\/figure><figure class='gallery-item'>\n\t\t\t<div class='gallery-icon landscape'>\n\t\t\t\t<a href='https:\/\/bibliotekamoscisko.pl\/?attachment_id=2571'><img loading=\"lazy\" decoding=\"async\" width=\"150\" height=\"150\" src=\"https:\/\/bibliotekamoscisko.pl\/wp-content\/uploads\/2016\/01\/DSCF4449-150x150.jpeg\" class=\"attachment-thumbnail size-thumbnail\" alt=\"\" \/><\/a>\n\t\t\t<\/div><\/figure>\n\t\t<\/div>\n\n<p>Mro\u017ane popo\u0142udnie i niesprzyjaj\u0105ca aura nie przeszkodzi\u0142a naszym czytelnikom w dotarciu na spotkanie autorskie z poet\u0105 Mi\u0142oszem Wrzesi\u0144skim. \u00a0Jego pierwszy tomik \u201eUwaga mi\u0142e panie\u201d \u00a0zosta\u0142 wydany w 1998 roku. Na \u201eTreny intymne\u201d trzeba by\u0142o poczeka\u0107 6 lat. W 2013 roku pojawi\u0142 si\u0119 tomik \u201e\u0141atwizna\u201d, kt\u00f3ry \u00a0dosta\u0142 si\u0119 do p\u00f3\u0142fina\u0142u VI Og\u00f3lnopolskiego Konkurs na Autorsk\u0105 Ksi\u0105\u017ck\u0119 Literack\u0105 \u2013 \u015awidnica 2013.<\/p>\n<p>Rozwa\u017cania o warsztacie poetyckim, rozmowy o sposobach interpretacji przedstawianych strof a przede wszystkim bezpo\u015bredni kontakt z Poezj\u0105 rozgrza\u0142 dusze i serca uczestnik\u00f3w spotkania du\u017co lepiej ni\u017c gor\u0105ca herbata, kawa i ciasteczka czekaj\u0105ce tu\u017c obok na stoliku.<br \/>\n<strong>\u0142atwizna<\/strong><\/p>\n<p>z budynk\u00f3w poddanych zawilgoceniu<br \/>\ni denaturacji od wewn\u0105trz odwaga znik\u0142a jak sk\u0142adki w zusie<br \/>\nmilczenie ma form\u0119 ci\u0105g\u0142\u0105<br \/>\ni potrzebuje czu\u0142o\u015bci<br \/>\nnajczulsze s\u0105 fraktale z anten<br \/>\ns\u0105 maszty s\u0105 wi\u0119c i \u017cagle<br \/>\npowoduj\u0105ce \u017ce ca\u0142o\u015b\u0107 dryfuje<br \/>\ncodziennie dwa milimetry w stron\u0119 afryki<br \/>\nafryka ju\u017c czeka na nowych pionier\u00f3w<\/p>\n<p>Tw\u00f3rczo\u015b\u0107 Mi\u0142osza Wrzesi\u0144skiego fascynuje bogactwem i pi\u0119knem j\u0119zyka. Wiersze z ostatniego tomiku oraz te najnowsze, jeszcze nie przeniesione z kopert i przypadkowych skrawk\u00f3w papieru na no\u015bniki nieco trudniejsze do zagubienia, ucz\u0105 dyscypliny j\u0119zyka, otwieraj\u0105c czytelnik\u00f3w na klarowno\u015b\u0107 i czysto\u015b\u0107 wypowiedzi. Poezja Mi\u0142osza Wrzesi\u0144skiego to skupienie na najdrobniejszych elementach rzeczywisto\u015bci. To z nich przecie\u017c zbudowany jest wszech\u015bwiat i to one pobudzaj\u0105 wyobra\u017ani\u0119 i nie pozwalaj\u0105 spokojnie przej\u015b\u0107 obok por\u0119czy, szronu na hu\u015btawce, rozsypanych tabletek, starego misia \u2013 rozb\u0142ysk\u00f3w \u015bwiadomo\u015bci, budz\u0105cych do \u017cycia nowy wiersz.<\/p>\n<p>(\u2026) Czas jest przecie\u017c obracaj\u0105cym si\u0119<\/p>\n<p>Punktem wodnym<\/p>\n<p>Wodnym oczkiem \u017arenic\u0105<\/p>\n<p>\u0179renic\u0105 dziecka<\/p>\n<p>Gdy jeste\u015bmy po tej samej stronie zabawy<\/p>\n<p>\u0141atwo\u015b\u0107 z jak\u0105 autor nawi\u0105za\u0142 kontakt z czytelnikami na pewno zaskarbi\u0142a mu przychylno\u015b\u0107 nowych odbiorc\u00f3w poezji. Mo\u017ce w\u015br\u00f3d najm\u0142odszych uczestnik\u00f3w spotkania ro\u015bnie kolejny poeta, artysta dnia i nocy, wolny duch, \u201eniebieski wycieruch\u201d, \u201e\u0142owca s\u0142\u00f3w\/czujny i zas\u0142uchany\u201d.<\/p>\n<p>Danuta Wi\u015bniewska<\/p>\n<p>\u2666 tytu\u0142 wiersza z tomiku \u0141atwizna&#8221;<\/p>\n","protected":false},"excerpt":{"rendered":"<p>\u201eKoniec lutego daje satysfakcj\u0119\u201d\u00a0\u2666 Mro\u017ane popo\u0142udnie i niesprzyjaj\u0105ca aura nie przeszkodzi\u0142a naszym czytelnikom w dotarciu na spotkanie autorskie z poet\u0105 Mi\u0142oszem Wrzesi\u0144skim. \u00a0Jego pierwszy tomik \u201eUwaga mi\u0142e panie\u201d \u00a0zosta\u0142 wydany [&hellip;]<\/p>\n","protected":false},"author":1,"featured_media":2569,"comment_status":"closed","ping_status":"open","sticky":false,"template":"","format":"standard","meta":{"ngg_post_thumbnail":0,"footnotes":""},"categories":[1],"tags":[],"class_list":["post-2559","post","type-post","status-publish","format-standard","has-post-thumbnail","hentry","category-uncategorized"],"_links":{"self":[{"href":"https:\/\/bibliotekamoscisko.pl\/index.php?rest_route=\/wp\/v2\/posts\/2559","targetHints":{"allow":["GET"]}}],"collection":[{"href":"https:\/\/bibliotekamoscisko.pl\/index.php?rest_route=\/wp\/v2\/posts"}],"about":[{"href":"https:\/\/bibliotekamoscisko.pl\/index.php?rest_route=\/wp\/v2\/types\/post"}],"author":[{"embeddable":true,"href":"https:\/\/bibliotekamoscisko.pl\/index.php?rest_route=\/wp\/v2\/users\/1"}],"replies":[{"embeddable":true,"href":"https:\/\/bibliotekamoscisko.pl\/index.php?rest_route=%2Fwp%2Fv2%2Fcomments&post=2559"}],"version-history":[{"count":1,"href":"https:\/\/bibliotekamoscisko.pl\/index.php?rest_route=\/wp\/v2\/posts\/2559\/revisions"}],"predecessor-version":[{"id":2572,"href":"https:\/\/bibliotekamoscisko.pl\/index.php?rest_route=\/wp\/v2\/posts\/2559\/revisions\/2572"}],"wp:featuredmedia":[{"embeddable":true,"href":"https:\/\/bibliotekamoscisko.pl\/index.php?rest_route=\/wp\/v2\/media\/2569"}],"wp:attachment":[{"href":"https:\/\/bibliotekamoscisko.pl\/index.php?rest_route=%2Fwp%2Fv2%2Fmedia&parent=2559"}],"wp:term":[{"taxonomy":"category","embeddable":true,"href":"https:\/\/bibliotekamoscisko.pl\/index.php?rest_route=%2Fwp%2Fv2%2Fcategories&post=2559"},{"taxonomy":"post_tag","embeddable":true,"href":"https:\/\/bibliotekamoscisko.pl\/index.php?rest_route=%2Fwp%2Fv2%2Ftags&post=2559"}],"curies":[{"name":"wp","href":"https:\/\/api.w.org\/{rel}","templated":true}]}}