{"id":2611,"date":"2016-01-28T09:17:44","date_gmt":"2016-01-28T09:17:44","guid":{"rendered":"http:\/\/bibliotekamoscisko.pl\/?p=2611"},"modified":"2016-01-28T09:23:27","modified_gmt":"2016-01-28T09:23:27","slug":"2611-2","status":"publish","type":"post","link":"https:\/\/bibliotekamoscisko.pl\/?p=2611","title":{"rendered":"Wycieczka pe\u0142na artystycznych wra\u017ce\u0144"},"content":{"rendered":"<p>26 stycznia obfitowa\u0142 w bogate prze\u017cycia artystyczne. Dzi\u0119ki wsp\u00f3\u0142pracy Biblioteki Publiczno-Szkolnej \u00a0ze Szko\u0142\u0105 Podstawow\u0105 w Pi\u0142awie\u00a0 Dolnej, wybrali\u015bmy si\u0119 z dzie\u0107mi klas I-III, pod opiek\u0105 wychowawc\u00f3w: Ewy Soko\u0142owskiej i El\u017cbiety Biernackiej, na spektakl pt.:&#8221;Tuwim Julek &#8211; Para buch frazy w ruch&#8221; w wykonaniu W\u0119drownego Teatru Ma\u0142e Mi, wystawionego w dzier\u017coniowskim kinie\u00a0 \u201eZbyszek&#8221;. Spektakl by\u0142 bardzo ciekawie przygotowany dla dzieci a informacje o tw\u00f3rcy\u00a0wiersza &#8222;Lokomotywa&#8221; przekazane by\u0142 w formie zabawowej. Przedstawienie by\u0142o pe\u0142ne ekspresji, kolor\u00f3w, ruchu. Dzieci reagowa\u0142y \u015bmiechem i rado\u015bci\u0105.<\/p>\n<p>Po spektaklu odwiedzili\u015bmy Dzier\u017coniowski O\u015brodek Kultury &#8211; &#8222;Galeri\u0119 na Pi\u0119trze&#8221;\u00a0&#8211; a w niej przepi\u0119kn\u0105 wystaw\u0119 pt.:\u00a0 \u201eVIII Dolno\u015bl\u0105ski Przegl\u0105d Tw\u00f3rczo\u015bci Ludowej\u00a0i Artystycznej. R\u0119kodzie\u0142o 2015.&#8221; O wystawie opowiada\u0142a na pani kustosz Teresa\u00a0Walczak. Ekspozycja jest przebogata a arty\u015bci wystawiaj\u0105cy swoje prace s\u0105 godni podziwu.<\/p>\n<div id='gallery-1' class='gallery galleryid-2611 gallery-columns-3 gallery-size-thumbnail'><figure class='gallery-item'>\n\t\t\t<div class='gallery-icon landscape'>\n\t\t\t\t<a href='https:\/\/bibliotekamoscisko.pl\/?attachment_id=2618'><img decoding=\"async\" width=\"150\" height=\"150\" src=\"https:\/\/bibliotekamoscisko.pl\/wp-content\/uploads\/2016\/01\/styczen-150x150.jpg\" class=\"attachment-thumbnail size-thumbnail\" alt=\"\" \/><\/a>\n\t\t\t<\/div><\/figure><figure class='gallery-item'>\n\t\t\t<div class='gallery-icon landscape'>\n\t\t\t\t<a href='https:\/\/bibliotekamoscisko.pl\/?attachment_id=2619'><img decoding=\"async\" width=\"150\" height=\"150\" src=\"https:\/\/bibliotekamoscisko.pl\/wp-content\/uploads\/2016\/01\/styczen1-150x150.jpg\" class=\"attachment-thumbnail size-thumbnail\" alt=\"\" \/><\/a>\n\t\t\t<\/div><\/figure><figure class='gallery-item'>\n\t\t\t<div class='gallery-icon landscape'>\n\t\t\t\t<a href='https:\/\/bibliotekamoscisko.pl\/?attachment_id=2620'><img decoding=\"async\" width=\"150\" height=\"150\" src=\"https:\/\/bibliotekamoscisko.pl\/wp-content\/uploads\/2016\/01\/styczen3-150x150.jpg\" class=\"attachment-thumbnail size-thumbnail\" alt=\"\" \/><\/a>\n\t\t\t<\/div><\/figure>\n\t\t<\/div>\n\n<p>&nbsp;<\/p>\n<p>Polecamy Wszystkim obejrzenie tej wyj\u0105tkowej wystawy. Warto!<\/p>\n<p>Wanda Kun<\/p>\n","protected":false},"excerpt":{"rendered":"<p>26 stycznia obfitowa\u0142 w bogate prze\u017cycia artystyczne. Dzi\u0119ki wsp\u00f3\u0142pracy Biblioteki Publiczno-Szkolnej \u00a0ze Szko\u0142\u0105 Podstawow\u0105 w Pi\u0142awie\u00a0 Dolnej, wybrali\u015bmy si\u0119 z dzie\u0107mi klas I-III, pod opiek\u0105 wychowawc\u00f3w: Ewy Soko\u0142owskiej i El\u017cbiety [&hellip;]<\/p>\n","protected":false},"author":1,"featured_media":2618,"comment_status":"closed","ping_status":"open","sticky":false,"template":"","format":"standard","meta":{"ngg_post_thumbnail":0,"footnotes":""},"categories":[1],"tags":[],"class_list":["post-2611","post","type-post","status-publish","format-standard","has-post-thumbnail","hentry","category-uncategorized"],"_links":{"self":[{"href":"https:\/\/bibliotekamoscisko.pl\/index.php?rest_route=\/wp\/v2\/posts\/2611","targetHints":{"allow":["GET"]}}],"collection":[{"href":"https:\/\/bibliotekamoscisko.pl\/index.php?rest_route=\/wp\/v2\/posts"}],"about":[{"href":"https:\/\/bibliotekamoscisko.pl\/index.php?rest_route=\/wp\/v2\/types\/post"}],"author":[{"embeddable":true,"href":"https:\/\/bibliotekamoscisko.pl\/index.php?rest_route=\/wp\/v2\/users\/1"}],"replies":[{"embeddable":true,"href":"https:\/\/bibliotekamoscisko.pl\/index.php?rest_route=%2Fwp%2Fv2%2Fcomments&post=2611"}],"version-history":[{"count":4,"href":"https:\/\/bibliotekamoscisko.pl\/index.php?rest_route=\/wp\/v2\/posts\/2611\/revisions"}],"predecessor-version":[{"id":2621,"href":"https:\/\/bibliotekamoscisko.pl\/index.php?rest_route=\/wp\/v2\/posts\/2611\/revisions\/2621"}],"wp:featuredmedia":[{"embeddable":true,"href":"https:\/\/bibliotekamoscisko.pl\/index.php?rest_route=\/wp\/v2\/media\/2618"}],"wp:attachment":[{"href":"https:\/\/bibliotekamoscisko.pl\/index.php?rest_route=%2Fwp%2Fv2%2Fmedia&parent=2611"}],"wp:term":[{"taxonomy":"category","embeddable":true,"href":"https:\/\/bibliotekamoscisko.pl\/index.php?rest_route=%2Fwp%2Fv2%2Fcategories&post=2611"},{"taxonomy":"post_tag","embeddable":true,"href":"https:\/\/bibliotekamoscisko.pl\/index.php?rest_route=%2Fwp%2Fv2%2Ftags&post=2611"}],"curies":[{"name":"wp","href":"https:\/\/api.w.org\/{rel}","templated":true}]}}