{"id":2657,"date":"2016-02-04T10:31:40","date_gmt":"2016-02-04T10:31:40","guid":{"rendered":"http:\/\/bibliotekamoscisko.pl\/?p=2657"},"modified":"2016-02-04T10:31:40","modified_gmt":"2016-02-04T10:31:40","slug":"na-karnawal-w-masce-z-uciechowa","status":"publish","type":"post","link":"https:\/\/bibliotekamoscisko.pl\/?p=2657","title":{"rendered":"Na karnawa\u0142 w masce z Uciechowa!"},"content":{"rendered":"<p>Karnawa\u0142 oraz brzmi\u0105ce bardziej swojsko zapusty to czas hucznych bali, zabaw, barwnych korowod\u00f3w. Wszystko\u00a0to w przebraniach oraz maskach karnawa\u0142owych.<\/p>\n<div id='gallery-1' class='gallery galleryid-2657 gallery-columns-3 gallery-size-thumbnail'><figure class='gallery-item'>\n\t\t\t<div class='gallery-icon landscape'>\n\t\t\t\t<a href='https:\/\/bibliotekamoscisko.pl\/?attachment_id=2658'><img decoding=\"async\" width=\"150\" height=\"150\" src=\"https:\/\/bibliotekamoscisko.pl\/wp-content\/uploads\/2016\/02\/mask1-150x150.jpeg\" class=\"attachment-thumbnail size-thumbnail\" alt=\"\" \/><\/a>\n\t\t\t<\/div><\/figure><figure class='gallery-item'>\n\t\t\t<div class='gallery-icon landscape'>\n\t\t\t\t<a href='https:\/\/bibliotekamoscisko.pl\/?attachment_id=2659'><img decoding=\"async\" width=\"150\" height=\"150\" src=\"https:\/\/bibliotekamoscisko.pl\/wp-content\/uploads\/2016\/02\/mask2-150x150.jpeg\" class=\"attachment-thumbnail size-thumbnail\" alt=\"\" \/><\/a>\n\t\t\t<\/div><\/figure><figure class='gallery-item'>\n\t\t\t<div class='gallery-icon landscape'>\n\t\t\t\t<a href='https:\/\/bibliotekamoscisko.pl\/?attachment_id=2660'><img decoding=\"async\" width=\"150\" height=\"150\" src=\"https:\/\/bibliotekamoscisko.pl\/wp-content\/uploads\/2016\/02\/mask3-150x150.jpeg\" class=\"attachment-thumbnail size-thumbnail\" alt=\"\" \/><\/a>\n\t\t\t<\/div><\/figure><figure class='gallery-item'>\n\t\t\t<div class='gallery-icon portrait'>\n\t\t\t\t<a href='https:\/\/bibliotekamoscisko.pl\/?attachment_id=2661'><img loading=\"lazy\" decoding=\"async\" width=\"150\" height=\"150\" src=\"https:\/\/bibliotekamoscisko.pl\/wp-content\/uploads\/2016\/02\/mask4-150x150.jpeg\" class=\"attachment-thumbnail size-thumbnail\" alt=\"\" \/><\/a>\n\t\t\t<\/div><\/figure>\n\t\t<\/div>\n\n<p>Dzieci odwiedzaj\u0105ce bibliotek\u0119 w Uciechowie, zainspirowane weneckimi maskami, postanowi\u0142y same wykona\u0107 podobne. Pomys\u0142owo\u015b\u0107 i zaanga\u017cowanie da\u0142o wy\u015bmienite efekty.<\/p>\n<p>S.G<\/p>\n","protected":false},"excerpt":{"rendered":"<p>Karnawa\u0142 oraz brzmi\u0105ce bardziej swojsko zapusty to czas hucznych bali, zabaw, barwnych korowod\u00f3w. Wszystko\u00a0to w przebraniach oraz maskach karnawa\u0142owych. Dzieci odwiedzaj\u0105ce bibliotek\u0119 w Uciechowie, zainspirowane weneckimi maskami, postanowi\u0142y same wykona\u0107 [&hellip;]<\/p>\n","protected":false},"author":1,"featured_media":2658,"comment_status":"closed","ping_status":"open","sticky":false,"template":"","format":"standard","meta":{"ngg_post_thumbnail":0,"footnotes":""},"categories":[1],"tags":[],"class_list":["post-2657","post","type-post","status-publish","format-standard","has-post-thumbnail","hentry","category-uncategorized"],"_links":{"self":[{"href":"https:\/\/bibliotekamoscisko.pl\/index.php?rest_route=\/wp\/v2\/posts\/2657","targetHints":{"allow":["GET"]}}],"collection":[{"href":"https:\/\/bibliotekamoscisko.pl\/index.php?rest_route=\/wp\/v2\/posts"}],"about":[{"href":"https:\/\/bibliotekamoscisko.pl\/index.php?rest_route=\/wp\/v2\/types\/post"}],"author":[{"embeddable":true,"href":"https:\/\/bibliotekamoscisko.pl\/index.php?rest_route=\/wp\/v2\/users\/1"}],"replies":[{"embeddable":true,"href":"https:\/\/bibliotekamoscisko.pl\/index.php?rest_route=%2Fwp%2Fv2%2Fcomments&post=2657"}],"version-history":[{"count":1,"href":"https:\/\/bibliotekamoscisko.pl\/index.php?rest_route=\/wp\/v2\/posts\/2657\/revisions"}],"predecessor-version":[{"id":2662,"href":"https:\/\/bibliotekamoscisko.pl\/index.php?rest_route=\/wp\/v2\/posts\/2657\/revisions\/2662"}],"wp:featuredmedia":[{"embeddable":true,"href":"https:\/\/bibliotekamoscisko.pl\/index.php?rest_route=\/wp\/v2\/media\/2658"}],"wp:attachment":[{"href":"https:\/\/bibliotekamoscisko.pl\/index.php?rest_route=%2Fwp%2Fv2%2Fmedia&parent=2657"}],"wp:term":[{"taxonomy":"category","embeddable":true,"href":"https:\/\/bibliotekamoscisko.pl\/index.php?rest_route=%2Fwp%2Fv2%2Fcategories&post=2657"},{"taxonomy":"post_tag","embeddable":true,"href":"https:\/\/bibliotekamoscisko.pl\/index.php?rest_route=%2Fwp%2Fv2%2Ftags&post=2657"}],"curies":[{"name":"wp","href":"https:\/\/api.w.org\/{rel}","templated":true}]}}