{"id":2682,"date":"2016-02-05T12:37:30","date_gmt":"2016-02-05T12:37:30","guid":{"rendered":"http:\/\/bibliotekamoscisko.pl\/?p=2682"},"modified":"2016-02-05T12:37:30","modified_gmt":"2016-02-05T12:37:30","slug":"rusza-walentynkowa-poczta-2","status":"publish","type":"post","link":"https:\/\/bibliotekamoscisko.pl\/?p=2682","title":{"rendered":"Rusza Walentynkowa Poczta!"},"content":{"rendered":"<p>W Bibliotece w Mo\u015bcisku rusza Walentynkowa Poczta. Kartki walentynkowe mo\u017cna wrzuca\u0107 do specjalnie przygotowanej skrzynki, kt\u00f3ra znajduje si\u0119 w czytelni. W ramach zaj\u0119\u0107 &#8222;Ferie z filcem&#8221; mo\u017cna te\u017c, korzystaj\u0105c z dost\u0119pnych materia\u0142\u00f3w, stworzy\u0107 w\u0142asn\u0105 kartk\u0119.<\/p>\n<p>Rozdanie mi\u0142ych niespodzianek prosto od serca ju\u017c w sobot\u0119 13 lutego o godz. 14.00.<\/p>\n<p>Zapraszamy do zabawy!<\/p>\n<p><a href=\"http:\/\/bibliotekamoscisko.pl\/wp-content\/uploads\/2016\/02\/poczta-plakat.jpg\"><img fetchpriority=\"high\" decoding=\"async\" class=\"aligncenter wp-image-2684 size-full\" src=\"http:\/\/bibliotekamoscisko.pl\/wp-content\/uploads\/2016\/02\/poczta-plakat.jpg\" alt=\"poczta plakat\" width=\"640\" height=\"421\" srcset=\"https:\/\/bibliotekamoscisko.pl\/wp-content\/uploads\/2016\/02\/poczta-plakat.jpg 640w, https:\/\/bibliotekamoscisko.pl\/wp-content\/uploads\/2016\/02\/poczta-plakat-300x197.jpg 300w\" sizes=\"(max-width: 640px) 100vw, 640px\" \/><\/a><\/p>\n<p>&nbsp;<\/p>\n","protected":false},"excerpt":{"rendered":"<p>W Bibliotece w Mo\u015bcisku rusza Walentynkowa Poczta. Kartki walentynkowe mo\u017cna wrzuca\u0107 do specjalnie przygotowanej skrzynki, kt\u00f3ra znajduje si\u0119 w czytelni. W ramach zaj\u0119\u0107 &#8222;Ferie z filcem&#8221; mo\u017cna te\u017c, korzystaj\u0105c z [&hellip;]<\/p>\n","protected":false},"author":1,"featured_media":2683,"comment_status":"closed","ping_status":"open","sticky":false,"template":"","format":"standard","meta":{"ngg_post_thumbnail":0,"footnotes":""},"categories":[1],"tags":[],"class_list":["post-2682","post","type-post","status-publish","format-standard","has-post-thumbnail","hentry","category-uncategorized"],"_links":{"self":[{"href":"https:\/\/bibliotekamoscisko.pl\/index.php?rest_route=\/wp\/v2\/posts\/2682","targetHints":{"allow":["GET"]}}],"collection":[{"href":"https:\/\/bibliotekamoscisko.pl\/index.php?rest_route=\/wp\/v2\/posts"}],"about":[{"href":"https:\/\/bibliotekamoscisko.pl\/index.php?rest_route=\/wp\/v2\/types\/post"}],"author":[{"embeddable":true,"href":"https:\/\/bibliotekamoscisko.pl\/index.php?rest_route=\/wp\/v2\/users\/1"}],"replies":[{"embeddable":true,"href":"https:\/\/bibliotekamoscisko.pl\/index.php?rest_route=%2Fwp%2Fv2%2Fcomments&post=2682"}],"version-history":[{"count":1,"href":"https:\/\/bibliotekamoscisko.pl\/index.php?rest_route=\/wp\/v2\/posts\/2682\/revisions"}],"predecessor-version":[{"id":2685,"href":"https:\/\/bibliotekamoscisko.pl\/index.php?rest_route=\/wp\/v2\/posts\/2682\/revisions\/2685"}],"wp:featuredmedia":[{"embeddable":true,"href":"https:\/\/bibliotekamoscisko.pl\/index.php?rest_route=\/wp\/v2\/media\/2683"}],"wp:attachment":[{"href":"https:\/\/bibliotekamoscisko.pl\/index.php?rest_route=%2Fwp%2Fv2%2Fmedia&parent=2682"}],"wp:term":[{"taxonomy":"category","embeddable":true,"href":"https:\/\/bibliotekamoscisko.pl\/index.php?rest_route=%2Fwp%2Fv2%2Fcategories&post=2682"},{"taxonomy":"post_tag","embeddable":true,"href":"https:\/\/bibliotekamoscisko.pl\/index.php?rest_route=%2Fwp%2Fv2%2Ftags&post=2682"}],"curies":[{"name":"wp","href":"https:\/\/api.w.org\/{rel}","templated":true}]}}