{"id":282,"date":"2014-04-15T11:17:10","date_gmt":"2014-04-15T11:17:10","guid":{"rendered":"http:\/\/bibliotekamoscisko.pl\/?p=282"},"modified":"2014-04-15T11:17:10","modified_gmt":"2014-04-15T11:17:10","slug":"zaczarowac-slowem","status":"publish","type":"post","link":"https:\/\/bibliotekamoscisko.pl\/?p=282","title":{"rendered":"Zaczarowa\u0107 s\u0142owem"},"content":{"rendered":"<p><b>Zaczarowa\u0107 s\u0142owem<\/b><\/p>\n<p>&nbsp;<\/p>\n<p>Wystarczy zej\u015b\u0107 z parkowej alejki, zanurzy\u0107 si\u0119 mi\u0119dzy li\u015bcie \u0142opianu i g\u0119ste krzewy jarz\u0119bin, aby spotka\u0107 Mi\u0142ka, Kaladyna i Tupetk\u0119 \u2013 bohater\u00f3w ksi\u0105\u017cki <b>Romka Pawlaka<\/b> \u201eMi\u0142ek z Czarnego Lasu\u201d. Autor pojawi\u0142 si\u0119 11 kwietnia w czytelni dzieci\u0119cej <b>Biblioteki Publicznej Gminy Dzier\u017coni\u00f3w w Mo\u015bcisku<\/b> aby spotka\u0107 si\u0119 ze swoimi najm\u0142odszymi czytelnikami. Posypa\u0142y si\u0119 pytania z ka\u017cdej niemal dziedziny. \u201eJak wymy\u015bla si\u0119 bohater\u00f3w i tytu\u0142?\u201d, \u201eKto ilustruje ksi\u0105\u017cki?\u201d, \u201eCzy pisanie to trudne zaj\u0119cie?\u201d \u2013 pisarz musia\u0142 si\u0119 r\u00f3wnie\u017c przyzna\u0107 do wieku, \u017cony oraz dok\u0142adnie opisa\u0107 swoje domowe zwierz\u0119ta.<\/p>\n<p><a href=\"http:\/\/bibliotekamoscisko.pl\/wp-content\/uploads\/2014\/04\/Pawlak.jpg\"><img fetchpriority=\"high\" decoding=\"async\" class=\"alignleft size-medium wp-image-284\" alt=\"Romek Pawlak z m\u0142odymi czytelnikami\" src=\"http:\/\/bibliotekamoscisko.pl\/wp-content\/uploads\/2014\/04\/Pawlak-300x247.jpg\" width=\"300\" height=\"247\" srcset=\"https:\/\/bibliotekamoscisko.pl\/wp-content\/uploads\/2014\/04\/Pawlak-300x247.jpg 300w, https:\/\/bibliotekamoscisko.pl\/wp-content\/uploads\/2014\/04\/Pawlak.jpg 425w\" sizes=\"(max-width: 300px) 100vw, 300px\" \/><\/a>\u00a0 \u00a0 \u00a0 \u00a0 Wszystkie osoby, kt\u00f3re ucz\u0119szczaj\u0105 na zaj\u0119cia literackie Projekt Ksi\u0105\u017cka III, realizowane\u00a0 w \u00a0 \u00a0ramach warsztat\u00f3w Kreatywnej Biblioteki, otrzyma\u0142y niespodziank\u0119. Do ich r\u0105k trafi\u0142y \u00a0egzemplarze \u201eMi\u0142ka z Czarnego Lasu\u201d z wyj\u0105tkowymi dedykacjami. Ta pi\u0119kna i ciep\u0142a opowie\u015b\u0107 \u00a0o nie\u015bmia\u0142o\u015bci i wra\u017cliwo\u015bci, o narodzinach przyja\u017ani i poszukiwaniu w\u0142asnego miejsca w \u017cyciu<strong>\u00a0<\/strong>\u00a0otrzyma\u0142a tytu\u0142 \u201eKsi\u0105\u017cki Roku 2008\u201d, przyznany przez Polsk\u0105 Sekcj\u0119 IBBY. \u00a0\u00a0\u00a0\u00a0\u00a0\u00a0\u00a0\u00a0 Pozostali uczestnicy spotkania autorskiego tak\u017ce mieli szans\u0119 na zdobycie ksi\u0105\u017cki bior\u0105c udzia\u0142 w losowaniu. Szcz\u0119\u015bcie u\u015bmiechn\u0119\u0142o si\u0119 do Nikoli S\u0142owikowskiej \u2013 mo\u017ce r\u00f3wnie\u017c nabierze ochoty i odwagi do pisania w\u0142asnych tekst\u00f3w? Dzieci postanowi\u0142y si\u0119 odwdzi\u0119czy\u0107 w\u0142asn\u0105 ksi\u0105\u017ck\u0105 i przes\u0142a\u0107 autorowi pisan\u0105 przez siebie histori\u0119 zaraz po zako\u0144czeniu zaj\u0119\u0107.<strong><\/strong><\/p>\n<p><strong>\u00a0\u00a0\u00a0\u00a0\u00a0\u00a0\u00a0\u00a0 <\/strong><\/p>\n<p>&nbsp;<\/p>\n<p><strong><\/strong>Pi\u0105tkowe spotkanie by\u0142o te\u017c okazj\u0105 do zaprezentowania najnowszej ksi\u0105\u017cki Romka Pawlaka \u201eCzaru\u015b, pies z charakterem\u201d. Opisana historia, oparta na prawdziwych wydarzeniach, podkre\u015bla wag\u0119 przyja\u017ani, dzi\u0119ki kt\u00f3rej mo\u017cna przetrwa\u0107 najtrudniejsze chwile z dala od domu i najbli\u017cszych.<\/p>\n<p>Zajrzyjcie do najbli\u017cszego lasu, mo\u017ce znajdziecie tam Mi\u0142ka? A mo\u017ce poznacie przyjaciela, kt\u00f3ry r\u00f3wnie\u017c szuka fantastycznych przyg\u00f3d?<strong> <\/strong><br \/>\nDanuta Wi\u015bniewska<\/p>\n<p>&nbsp;<\/p>\n","protected":false},"excerpt":{"rendered":"<p>Zaczarowa\u0107 s\u0142owem &nbsp; Wystarczy zej\u015b\u0107 z parkowej alejki, zanurzy\u0107 si\u0119 mi\u0119dzy li\u015bcie \u0142opianu i g\u0119ste krzewy jarz\u0119bin, aby spotka\u0107 Mi\u0142ka, Kaladyna i Tupetk\u0119 \u2013 bohater\u00f3w ksi\u0105\u017cki Romka Pawlaka \u201eMi\u0142ek z [&hellip;]<\/p>\n","protected":false},"author":1,"featured_media":283,"comment_status":"open","ping_status":"open","sticky":false,"template":"","format":"standard","meta":{"ngg_post_thumbnail":0,"footnotes":""},"categories":[1],"tags":[],"class_list":["post-282","post","type-post","status-publish","format-standard","has-post-thumbnail","hentry","category-uncategorized"],"_links":{"self":[{"href":"https:\/\/bibliotekamoscisko.pl\/index.php?rest_route=\/wp\/v2\/posts\/282","targetHints":{"allow":["GET"]}}],"collection":[{"href":"https:\/\/bibliotekamoscisko.pl\/index.php?rest_route=\/wp\/v2\/posts"}],"about":[{"href":"https:\/\/bibliotekamoscisko.pl\/index.php?rest_route=\/wp\/v2\/types\/post"}],"author":[{"embeddable":true,"href":"https:\/\/bibliotekamoscisko.pl\/index.php?rest_route=\/wp\/v2\/users\/1"}],"replies":[{"embeddable":true,"href":"https:\/\/bibliotekamoscisko.pl\/index.php?rest_route=%2Fwp%2Fv2%2Fcomments&post=282"}],"version-history":[{"count":2,"href":"https:\/\/bibliotekamoscisko.pl\/index.php?rest_route=\/wp\/v2\/posts\/282\/revisions"}],"predecessor-version":[{"id":286,"href":"https:\/\/bibliotekamoscisko.pl\/index.php?rest_route=\/wp\/v2\/posts\/282\/revisions\/286"}],"wp:featuredmedia":[{"embeddable":true,"href":"https:\/\/bibliotekamoscisko.pl\/index.php?rest_route=\/wp\/v2\/media\/283"}],"wp:attachment":[{"href":"https:\/\/bibliotekamoscisko.pl\/index.php?rest_route=%2Fwp%2Fv2%2Fmedia&parent=282"}],"wp:term":[{"taxonomy":"category","embeddable":true,"href":"https:\/\/bibliotekamoscisko.pl\/index.php?rest_route=%2Fwp%2Fv2%2Fcategories&post=282"},{"taxonomy":"post_tag","embeddable":true,"href":"https:\/\/bibliotekamoscisko.pl\/index.php?rest_route=%2Fwp%2Fv2%2Ftags&post=282"}],"curies":[{"name":"wp","href":"https:\/\/api.w.org\/{rel}","templated":true}]}}