{"id":2862,"date":"2016-02-24T08:42:24","date_gmt":"2016-02-24T08:42:24","guid":{"rendered":"http:\/\/bibliotekamoscisko.pl\/?p=2862"},"modified":"2016-02-24T08:42:24","modified_gmt":"2016-02-24T08:42:24","slug":"opowiesci-ze-stumilowego-lasu","status":"publish","type":"post","link":"https:\/\/bibliotekamoscisko.pl\/?p=2862","title":{"rendered":"Opowie\u015bci ze Stumilowego Lasu"},"content":{"rendered":"<p>22 lutego Bibliotek\u0119 Publiczno-Szkoln\u0105 w Pi\u0142awie Dolnej odwiedzi\u0142y dzieci z Przedszkola\u00a0w Dobrocinie, oczywi\u015bcie wraz z wychowawczyniami. \u00a0Dzieci obejrza\u0142y zbiory biblioteczne i wys\u0142ucha\u0142y opowie\u015bci ze Stumilowego Lasu, \u00a0gdzie mieszka Kubu\u015b Puchatek z przyjaci\u00f3\u0142mi. Fragmenty ksi\u0105\u017cki A. A. Milne, czytali\u00a0uczniowie klasy IV &#8211; Kamila Pawlaczek, Karolina Turowska i Marcel Szmigiel.<\/p>\n<p>Przedszkolaki zabra\u0142y si\u0119 wsp\u00f3lnie do pracy, aby wymalowa\u0107 barwny\u00a0portret Kubusia Puchatka. By\u0142y gry zabawy dydaktyczne i ruchowe. Dzieci rozwijaj\u0105 swoj\u0105 kreatywno\u015b\u0107, a przez wsp\u00f3ln\u0105 zabaw\u0119 ucz\u0105 si\u0119. \u0141\u0105cz\u0105 je rado\u015bci, emocje, a biblioteka ma dobry klimat na edukacj\u0119, ale r\u00f3wnie\u017c na animacj\u0119\u00a0kulturaln\u0105. Biblioteka to miejsce przyjazne dla ka\u017cdego.<\/p>\n<div id='gallery-1' class='gallery galleryid-2862 gallery-columns-3 gallery-size-thumbnail'><figure class='gallery-item'>\n\t\t\t<div class='gallery-icon landscape'>\n\t\t\t\t<a href='https:\/\/bibliotekamoscisko.pl\/?attachment_id=2863'><img decoding=\"async\" width=\"150\" height=\"150\" src=\"https:\/\/bibliotekamoscisko.pl\/wp-content\/uploads\/2016\/02\/luty-150x150.jpg\" class=\"attachment-thumbnail size-thumbnail\" alt=\"\" srcset=\"https:\/\/bibliotekamoscisko.pl\/wp-content\/uploads\/2016\/02\/luty-150x150.jpg 150w, https:\/\/bibliotekamoscisko.pl\/wp-content\/uploads\/2016\/02\/luty-1x1.jpg 1w\" sizes=\"(max-width: 150px) 100vw, 150px\" \/><\/a>\n\t\t\t<\/div><\/figure><figure class='gallery-item'>\n\t\t\t<div class='gallery-icon landscape'>\n\t\t\t\t<a href='https:\/\/bibliotekamoscisko.pl\/?attachment_id=2864'><img decoding=\"async\" width=\"150\" height=\"150\" src=\"https:\/\/bibliotekamoscisko.pl\/wp-content\/uploads\/2016\/02\/luty2-150x150.jpg\" class=\"attachment-thumbnail size-thumbnail\" alt=\"\" srcset=\"https:\/\/bibliotekamoscisko.pl\/wp-content\/uploads\/2016\/02\/luty2-150x150.jpg 150w, https:\/\/bibliotekamoscisko.pl\/wp-content\/uploads\/2016\/02\/luty2-1x1.jpg 1w\" sizes=\"(max-width: 150px) 100vw, 150px\" \/><\/a>\n\t\t\t<\/div><\/figure><figure class='gallery-item'>\n\t\t\t<div class='gallery-icon portrait'>\n\t\t\t\t<a href='https:\/\/bibliotekamoscisko.pl\/?attachment_id=2865'><img decoding=\"async\" width=\"150\" height=\"150\" src=\"https:\/\/bibliotekamoscisko.pl\/wp-content\/uploads\/2016\/02\/luty3-150x150.jpg\" class=\"attachment-thumbnail size-thumbnail\" alt=\"\" srcset=\"https:\/\/bibliotekamoscisko.pl\/wp-content\/uploads\/2016\/02\/luty3-150x150.jpg 150w, https:\/\/bibliotekamoscisko.pl\/wp-content\/uploads\/2016\/02\/luty3-1x1.jpg 1w\" sizes=\"(max-width: 150px) 100vw, 150px\" \/><\/a>\n\t\t\t<\/div><\/figure><figure class='gallery-item'>\n\t\t\t<div class='gallery-icon landscape'>\n\t\t\t\t<a href='https:\/\/bibliotekamoscisko.pl\/?attachment_id=2866'><img loading=\"lazy\" decoding=\"async\" width=\"150\" height=\"150\" src=\"https:\/\/bibliotekamoscisko.pl\/wp-content\/uploads\/2016\/02\/luty4-150x150.jpg\" class=\"attachment-thumbnail size-thumbnail\" alt=\"\" srcset=\"https:\/\/bibliotekamoscisko.pl\/wp-content\/uploads\/2016\/02\/luty4-150x150.jpg 150w, https:\/\/bibliotekamoscisko.pl\/wp-content\/uploads\/2016\/02\/luty4-1x1.jpg 1w\" sizes=\"(max-width: 150px) 100vw, 150px\" \/><\/a>\n\t\t\t<\/div><\/figure><figure class='gallery-item'>\n\t\t\t<div class='gallery-icon landscape'>\n\t\t\t\t<a href='https:\/\/bibliotekamoscisko.pl\/?attachment_id=2867'><img loading=\"lazy\" decoding=\"async\" width=\"150\" height=\"150\" src=\"https:\/\/bibliotekamoscisko.pl\/wp-content\/uploads\/2016\/02\/luty5-150x150.jpg\" class=\"attachment-thumbnail size-thumbnail\" alt=\"\" srcset=\"https:\/\/bibliotekamoscisko.pl\/wp-content\/uploads\/2016\/02\/luty5-150x150.jpg 150w, https:\/\/bibliotekamoscisko.pl\/wp-content\/uploads\/2016\/02\/luty5-1x1.jpg 1w\" sizes=\"(max-width: 150px) 100vw, 150px\" \/><\/a>\n\t\t\t<\/div><\/figure><figure class='gallery-item'>\n\t\t\t<div class='gallery-icon portrait'>\n\t\t\t\t<a href='https:\/\/bibliotekamoscisko.pl\/?attachment_id=2868'><img loading=\"lazy\" decoding=\"async\" width=\"150\" height=\"150\" src=\"https:\/\/bibliotekamoscisko.pl\/wp-content\/uploads\/2016\/02\/luty6-150x150.jpg\" class=\"attachment-thumbnail size-thumbnail\" alt=\"\" srcset=\"https:\/\/bibliotekamoscisko.pl\/wp-content\/uploads\/2016\/02\/luty6-150x150.jpg 150w, https:\/\/bibliotekamoscisko.pl\/wp-content\/uploads\/2016\/02\/luty6-1x1.jpg 1w\" sizes=\"(max-width: 150px) 100vw, 150px\" \/><\/a>\n\t\t\t<\/div><\/figure>\n\t\t<\/div>\n\n<p>Dzi\u0119kuje za odwiedziny. Zapraszam ponownie do naszej biblioteki.<\/p>\n<p>Kun.<\/p>\n<p>&nbsp;<\/p>\n<p>&nbsp;<\/p>\n","protected":false},"excerpt":{"rendered":"<p>22 lutego Bibliotek\u0119 Publiczno-Szkoln\u0105 w Pi\u0142awie Dolnej odwiedzi\u0142y dzieci z Przedszkola\u00a0w Dobrocinie, oczywi\u015bcie wraz z wychowawczyniami. \u00a0Dzieci obejrza\u0142y zbiory biblioteczne i wys\u0142ucha\u0142y opowie\u015bci ze Stumilowego Lasu, \u00a0gdzie mieszka Kubu\u015b Puchatek [&hellip;]<\/p>\n","protected":false},"author":1,"featured_media":2866,"comment_status":"closed","ping_status":"open","sticky":false,"template":"","format":"standard","meta":{"ngg_post_thumbnail":0,"footnotes":""},"categories":[1],"tags":[],"class_list":["post-2862","post","type-post","status-publish","format-standard","has-post-thumbnail","hentry","category-uncategorized"],"_links":{"self":[{"href":"https:\/\/bibliotekamoscisko.pl\/index.php?rest_route=\/wp\/v2\/posts\/2862","targetHints":{"allow":["GET"]}}],"collection":[{"href":"https:\/\/bibliotekamoscisko.pl\/index.php?rest_route=\/wp\/v2\/posts"}],"about":[{"href":"https:\/\/bibliotekamoscisko.pl\/index.php?rest_route=\/wp\/v2\/types\/post"}],"author":[{"embeddable":true,"href":"https:\/\/bibliotekamoscisko.pl\/index.php?rest_route=\/wp\/v2\/users\/1"}],"replies":[{"embeddable":true,"href":"https:\/\/bibliotekamoscisko.pl\/index.php?rest_route=%2Fwp%2Fv2%2Fcomments&post=2862"}],"version-history":[{"count":1,"href":"https:\/\/bibliotekamoscisko.pl\/index.php?rest_route=\/wp\/v2\/posts\/2862\/revisions"}],"predecessor-version":[{"id":2869,"href":"https:\/\/bibliotekamoscisko.pl\/index.php?rest_route=\/wp\/v2\/posts\/2862\/revisions\/2869"}],"wp:featuredmedia":[{"embeddable":true,"href":"https:\/\/bibliotekamoscisko.pl\/index.php?rest_route=\/wp\/v2\/media\/2866"}],"wp:attachment":[{"href":"https:\/\/bibliotekamoscisko.pl\/index.php?rest_route=%2Fwp%2Fv2%2Fmedia&parent=2862"}],"wp:term":[{"taxonomy":"category","embeddable":true,"href":"https:\/\/bibliotekamoscisko.pl\/index.php?rest_route=%2Fwp%2Fv2%2Fcategories&post=2862"},{"taxonomy":"post_tag","embeddable":true,"href":"https:\/\/bibliotekamoscisko.pl\/index.php?rest_route=%2Fwp%2Fv2%2Ftags&post=2862"}],"curies":[{"name":"wp","href":"https:\/\/api.w.org\/{rel}","templated":true}]}}