{"id":288,"date":"2014-04-16T08:09:05","date_gmt":"2014-04-16T08:09:05","guid":{"rendered":"http:\/\/bibliotekamoscisko.pl\/?p=288"},"modified":"2014-04-16T08:09:05","modified_gmt":"2014-04-16T08:09:05","slug":"o-prowincji-sledzikach-babuni-lokalnych-pasjonatach-i-planach-pisarskich","status":"publish","type":"post","link":"https:\/\/bibliotekamoscisko.pl\/?p=288","title":{"rendered":"O prowincji, \u015bledzikach babuni, lokalnych pasjonatach i planach pisarskich&#8230;"},"content":{"rendered":"<p>&nbsp;<\/p>\n<p>Katarzyna Enerlich autorka serii ksi\u0105\u017cek o prowincji \u00a0w dniu 15 kwietnia\u00a0\u00a0by\u0142a go\u015bciem Dyskusyjnego Klubu Ksi\u0105\u017cki w Ostroszowicach.<\/p>\n<p>&nbsp;<\/p>\n<p><i>\u00a0,,Ludzie na prowincji s\u0105 spojeni ze sob\u0105&#8221;,\u00a0<\/i>napisa\u0142a Katarzyna Enerlich w jednej ze swoich ksi\u0105\u017cek.<\/p>\n<p>Podczas dyskusji z pisark\u0105 czytelnicy stwierdzili, i\u017c jej sukces polega na \u00a0tym, \u017ce pisze\u00a0o\u00a0<i>\u017cyciu \u00a0na prowincji w prostocie i zachwycie nad \u015bwiatem<\/i>,<i> <\/i>ponadto porusza<i>\u00a0<\/i>tematy bliskie wszystkim ludziom.\u00a0 \u00a0 \u00a0 \u00a0 \u00a0 \u00a0 \u00a0 \u00a0 \u00a0 \u00a0 \u00a0 \u00a0 \u00a0 \u00a0 \u00a0 \u00a0 \u00a0 \u00a0 \u00a0 \u00a0 \u00a0 \u00a0 \u00a0 \u00a0 \u00a0 \u00a0 \u00a0 \u00a0 \u00a0 \u00a0 \u00a0 \u00a0 \u00a0 \u00a0 \u00a0 \u00a0 \u00a0 \u00a0 \u00a0 \u00a0 \u00a0 \u00a0 \u00a0 \u00a0 \u00a0 \u00a0 \u00a0 \u00a0 \u00a0 \u00a0 \u00a0 \u00a0 \u00a0 \u00a0 \u00a0 \u00a0 \u00a0 \u00a0 \u00a0 \u00a0 \u00a0 \u00a0 \u00a0 \u00a0 \u00a0 \u00a0 \u00a0 \u00a0 \u00a0 \u00a0 \u00a0 \u00a0 \u00a0 \u00a0 \u00a0 \u00a0Pisz\u0105c swoje ksi\u0105\u017cki \u00a0mocno trzyma si\u0119 \u017cycia. \u00a0Dlatego te\u017c czyta si\u0119 je z przyjemno\u015bci\u0105.<\/p>\n<p>Spotkanie z autork\u0105 pisz\u0105c\u0105 o <i>swojej\u00a0mazurskiej prowincji, odruchem serca wybranej przez rodzic\u00f3w na miejsce \u017cycia <\/i>pokaza\u0142o,\u00a0\u017ce Katarzyna Enerlich jest osob\u0105 niezwykle pozytywn\u0105,\u00a0prawdziw\u0105 pasjonatk\u0105 \u00a0pisania,\u00a0kt\u00f3ra podczas weny tw\u00f3rczej bez reszty oddaje si\u0119 swoim \u00a0bohaterom.<\/p>\n<p><i>\u00a0 \u00a0 \u00a0 \u00a0 Gdy pisz\u0119 popadam w rodzaj transu\u00a0&#8211; <\/i>m\u00f3wi\u0142a pisarka.<i><\/i><\/p>\n<p>Talent pisarski Katarzyny Enerlich objawi\u0142 si\u0119 dzi\u0119ki marzeniom z dzieci\u0144stwa. Pisanie ksi\u0105\u017cek \u00a0nie jest\u00a0 \u0142atwym zaj\u0119ciem \u00a0wi\u0119c zanim powsta\u0142 sukces autorka musia\u0142a pokona\u0107 wiele trudno\u015bci.<\/p>\n<p>Wszystko uda\u0142o si\u0119 znakomicie i mo\u017cemy czyta\u0107 jej wspania\u0142e ksi\u0105\u017cki.<\/p>\n<p><b><i>\u00a0 \u00a0 \u00a0\u00a0\u00a0Bo czasem zamykaj\u0105 si\u0119 drzwi,<\/i><\/b><\/p>\n<p><b><i>\u00a0 \u00a0 \u00a0 \u00a0by mog\u0142y otworzy\u0107 si\u0119 wrota.<\/i><\/b><\/p>\n<p><i>\u00a0 \u00a0 \u00a0 \u00a0<\/i><\/p>\n<p><i>\u00a0 \u00a0 \u00a0 \u00a0napisa\u0142a Katarzyna Enerlich w ksi\u0105\u017cce: \u201eProwincja pe\u0142na gwiazd\u201d.<\/i><\/p>\n<p><i>\u00a0 \u00a0 \u00a0 \u00a0 \u00a0 \u00a0 \u00a0 \u00a0 \u00a0 \u00a0 \u00a0 \u00a0 \u00a0 \u00a0 \u00a0 \u00a0 \u00a0 \u00a0 \u00a0 \u00a0 \u00a0 \u00a0 \u00a0 \u00a0 \u00a0 \u00a0 \u00a0 \u00a0 \u00a0 \u00a0 \u00a0 \u00a0 \u00a0 \u00a0 \u00a0 \u00a0\u017byczymy Pani Kasi dalszych sukces\u00f3w pisarskich.<\/i><\/p>\n<p><i><div id='gallery-1' class='gallery galleryid-288 gallery-columns-3 gallery-size-thumbnail'><figure class='gallery-item'>\n\t\t\t<div class='gallery-icon portrait'>\n\t\t\t\t<a href='https:\/\/bibliotekamoscisko.pl\/?attachment_id=291'><img decoding=\"async\" width=\"150\" height=\"150\" src=\"https:\/\/bibliotekamoscisko.pl\/wp-content\/uploads\/2014\/04\/spotkanie5-150x150.jpg\" class=\"attachment-thumbnail size-thumbnail\" alt=\"\" \/><\/a>\n\t\t\t<\/div><\/figure><figure class='gallery-item'>\n\t\t\t<div class='gallery-icon portrait'>\n\t\t\t\t<a href='https:\/\/bibliotekamoscisko.pl\/?attachment_id=293'><img decoding=\"async\" width=\"150\" height=\"150\" src=\"https:\/\/bibliotekamoscisko.pl\/wp-content\/uploads\/2014\/04\/spotkanie3-150x150.jpg\" class=\"attachment-thumbnail size-thumbnail\" alt=\"\" \/><\/a>\n\t\t\t<\/div><\/figure>\n\t\t<\/div>\n<\/p>\n<p><\/i><\/p>\n<p>Maria Kirkieiwcz<\/p>\n<p>moderator Dyskusyjnego \u00a0Klubu Ksi\u0105zki\u00a0 w Ostroszowicach<\/p>\n<p>&nbsp;<\/p>\n<p>&nbsp;<\/p>\n","protected":false},"excerpt":{"rendered":"<p>&nbsp; Katarzyna Enerlich autorka serii ksi\u0105\u017cek o prowincji \u00a0w dniu 15 kwietnia\u00a0\u00a0by\u0142a go\u015bciem Dyskusyjnego Klubu Ksi\u0105\u017cki w Ostroszowicach. &nbsp; \u00a0,,Ludzie na prowincji s\u0105 spojeni ze sob\u0105&#8221;,\u00a0napisa\u0142a Katarzyna Enerlich w jednej [&hellip;]<\/p>\n","protected":false},"author":1,"featured_media":0,"comment_status":"open","ping_status":"open","sticky":false,"template":"","format":"standard","meta":{"ngg_post_thumbnail":0,"footnotes":""},"categories":[1],"tags":[],"class_list":["post-288","post","type-post","status-publish","format-standard","hentry","category-uncategorized"],"_links":{"self":[{"href":"https:\/\/bibliotekamoscisko.pl\/index.php?rest_route=\/wp\/v2\/posts\/288","targetHints":{"allow":["GET"]}}],"collection":[{"href":"https:\/\/bibliotekamoscisko.pl\/index.php?rest_route=\/wp\/v2\/posts"}],"about":[{"href":"https:\/\/bibliotekamoscisko.pl\/index.php?rest_route=\/wp\/v2\/types\/post"}],"author":[{"embeddable":true,"href":"https:\/\/bibliotekamoscisko.pl\/index.php?rest_route=\/wp\/v2\/users\/1"}],"replies":[{"embeddable":true,"href":"https:\/\/bibliotekamoscisko.pl\/index.php?rest_route=%2Fwp%2Fv2%2Fcomments&post=288"}],"version-history":[{"count":1,"href":"https:\/\/bibliotekamoscisko.pl\/index.php?rest_route=\/wp\/v2\/posts\/288\/revisions"}],"predecessor-version":[{"id":296,"href":"https:\/\/bibliotekamoscisko.pl\/index.php?rest_route=\/wp\/v2\/posts\/288\/revisions\/296"}],"wp:attachment":[{"href":"https:\/\/bibliotekamoscisko.pl\/index.php?rest_route=%2Fwp%2Fv2%2Fmedia&parent=288"}],"wp:term":[{"taxonomy":"category","embeddable":true,"href":"https:\/\/bibliotekamoscisko.pl\/index.php?rest_route=%2Fwp%2Fv2%2Fcategories&post=288"},{"taxonomy":"post_tag","embeddable":true,"href":"https:\/\/bibliotekamoscisko.pl\/index.php?rest_route=%2Fwp%2Fv2%2Ftags&post=288"}],"curies":[{"name":"wp","href":"https:\/\/api.w.org\/{rel}","templated":true}]}}