{"id":2931,"date":"2016-03-02T09:48:34","date_gmt":"2016-03-02T09:48:34","guid":{"rendered":"http:\/\/bibliotekamoscisko.pl\/?p=2931"},"modified":"2016-03-02T09:49:04","modified_gmt":"2016-03-02T09:49:04","slug":"szukamy-opiekuna-sali-integracji-spolecznej-we-wlokach","status":"publish","type":"post","link":"https:\/\/bibliotekamoscisko.pl\/?p=2931","title":{"rendered":"Szukamy opiekuna sali integracji spo\u0142ecznej we W\u0142\u00f3kach"},"content":{"rendered":"<p><a href=\"http:\/\/bibliotekamoscisko.pl\/wp-content\/uploads\/2016\/03\/OPIEKUN-SALI.png\" rel=\"attachment wp-att-2932\"><img fetchpriority=\"high\" decoding=\"async\" class=\"aligncenter wp-image-2932 size-full\" src=\"http:\/\/bibliotekamoscisko.pl\/wp-content\/uploads\/2016\/03\/OPIEKUN-SALI.png\" alt=\"OPIEKUN SALI\" width=\"558\" height=\"800\" srcset=\"https:\/\/bibliotekamoscisko.pl\/wp-content\/uploads\/2016\/03\/OPIEKUN-SALI.png 558w, https:\/\/bibliotekamoscisko.pl\/wp-content\/uploads\/2016\/03\/OPIEKUN-SALI-209x300.png 209w, https:\/\/bibliotekamoscisko.pl\/wp-content\/uploads\/2016\/03\/OPIEKUN-SALI-1x1.png 1w\" sizes=\"(max-width: 558px) 100vw, 558px\" \/><\/a><\/p>\n","protected":false},"excerpt":{"rendered":"","protected":false},"author":1,"featured_media":0,"comment_status":"closed","ping_status":"open","sticky":false,"template":"","format":"standard","meta":{"ngg_post_thumbnail":0,"footnotes":""},"categories":[1],"tags":[],"class_list":["post-2931","post","type-post","status-publish","format-standard","hentry","category-uncategorized"],"_links":{"self":[{"href":"https:\/\/bibliotekamoscisko.pl\/index.php?rest_route=\/wp\/v2\/posts\/2931","targetHints":{"allow":["GET"]}}],"collection":[{"href":"https:\/\/bibliotekamoscisko.pl\/index.php?rest_route=\/wp\/v2\/posts"}],"about":[{"href":"https:\/\/bibliotekamoscisko.pl\/index.php?rest_route=\/wp\/v2\/types\/post"}],"author":[{"embeddable":true,"href":"https:\/\/bibliotekamoscisko.pl\/index.php?rest_route=\/wp\/v2\/users\/1"}],"replies":[{"embeddable":true,"href":"https:\/\/bibliotekamoscisko.pl\/index.php?rest_route=%2Fwp%2Fv2%2Fcomments&post=2931"}],"version-history":[{"count":2,"href":"https:\/\/bibliotekamoscisko.pl\/index.php?rest_route=\/wp\/v2\/posts\/2931\/revisions"}],"predecessor-version":[{"id":2934,"href":"https:\/\/bibliotekamoscisko.pl\/index.php?rest_route=\/wp\/v2\/posts\/2931\/revisions\/2934"}],"wp:attachment":[{"href":"https:\/\/bibliotekamoscisko.pl\/index.php?rest_route=%2Fwp%2Fv2%2Fmedia&parent=2931"}],"wp:term":[{"taxonomy":"category","embeddable":true,"href":"https:\/\/bibliotekamoscisko.pl\/index.php?rest_route=%2Fwp%2Fv2%2Fcategories&post=2931"},{"taxonomy":"post_tag","embeddable":true,"href":"https:\/\/bibliotekamoscisko.pl\/index.php?rest_route=%2Fwp%2Fv2%2Ftags&post=2931"}],"curies":[{"name":"wp","href":"https:\/\/api.w.org\/{rel}","templated":true}]}}