{"id":2983,"date":"2016-03-18T11:43:50","date_gmt":"2016-03-18T11:43:50","guid":{"rendered":"http:\/\/bibliotekamoscisko.pl\/?p=2983"},"modified":"2016-03-18T11:43:50","modified_gmt":"2016-03-18T11:43:50","slug":"na-nadmiar-energii-polecamy-szydelkowanie-w-bibliotece","status":"publish","type":"post","link":"https:\/\/bibliotekamoscisko.pl\/?p=2983","title":{"rendered":"Na nadmiar energii polecamy szyde\u0142kowanie w bibliotece"},"content":{"rendered":"<div>17 marca w bibliotece w Ostroszowicach panie Anna Sztaba oraz Izabela Gawe\u0142ek uczy\u0142y dzieci szyde\u0142kowania.<a href=\"http:\/\/bibliotekamoscisko.pl\/wp-content\/uploads\/2016\/03\/szydelko1.jpg\" rel=\"attachment wp-att-2984\"><img decoding=\"async\" class=\"alignright size-thumbnail wp-image-2984\" src=\"http:\/\/bibliotekamoscisko.pl\/wp-content\/uploads\/2016\/03\/szydelko1-150x150.jpg\" alt=\"szydelko1\" width=\"150\" height=\"150\" srcset=\"https:\/\/bibliotekamoscisko.pl\/wp-content\/uploads\/2016\/03\/szydelko1-150x150.jpg 150w, https:\/\/bibliotekamoscisko.pl\/wp-content\/uploads\/2016\/03\/szydelko1-1x1.jpg 1w\" sizes=\"(max-width: 150px) 100vw, 150px\" \/><\/a><\/div>\n<div>Dzieci z przedszkola \u015bwietnie poradzi\u0142y sobie z t\u0105 trudn\u0105 sztuk\u0105. Motywacj\u0105 do szyde\u0142kowania by\u0142o przymierzanie pelerynek, szalik\u00f3w, chusteczek oraz wdzianek wykonanych przez panie oraz niespo\u017cyta energia dzieci i ch\u0119\u0107 do poznawania nowych umiej\u0119tno\u015bci.<\/div>\n<div>Ka\u017cde dziecko chcia\u0142o wykona\u0107 dla siebie jak\u0105\u015b rzecz. Ale wszystko po kolei. Teraz dzieci \u0107wicz\u0105 \u0142a\u0144cuszek.<\/div>\n<div>Pani Anna podczas spotkania wykona\u0142a gustowne podstawki pod fili\u017canki. Przydadz\u0105 si\u0119 na spotkania w DKK.<\/div>\n<div>Serdecznie dzi\u0119kujemy za wspania\u0142e spotkanie.<\/div>\n<div><\/div>\n<div>\n<div id='gallery-1' class='gallery galleryid-2983 gallery-columns-3 gallery-size-thumbnail'><figure class='gallery-item'>\n\t\t\t<div class='gallery-icon landscape'>\n\t\t\t\t<a href='https:\/\/bibliotekamoscisko.pl\/?attachment_id=2986'><img decoding=\"async\" width=\"150\" height=\"150\" src=\"https:\/\/bibliotekamoscisko.pl\/wp-content\/uploads\/2016\/03\/szydelko3-150x150.jpg\" class=\"attachment-thumbnail size-thumbnail\" alt=\"\" srcset=\"https:\/\/bibliotekamoscisko.pl\/wp-content\/uploads\/2016\/03\/szydelko3-150x150.jpg 150w, https:\/\/bibliotekamoscisko.pl\/wp-content\/uploads\/2016\/03\/szydelko3-1x1.jpg 1w\" sizes=\"(max-width: 150px) 100vw, 150px\" \/><\/a>\n\t\t\t<\/div><\/figure><figure class='gallery-item'>\n\t\t\t<div class='gallery-icon landscape'>\n\t\t\t\t<a href='https:\/\/bibliotekamoscisko.pl\/?attachment_id=2987'><img decoding=\"async\" width=\"150\" height=\"150\" src=\"https:\/\/bibliotekamoscisko.pl\/wp-content\/uploads\/2016\/03\/szydelko4-150x150.jpg\" class=\"attachment-thumbnail size-thumbnail\" alt=\"\" srcset=\"https:\/\/bibliotekamoscisko.pl\/wp-content\/uploads\/2016\/03\/szydelko4-150x150.jpg 150w, https:\/\/bibliotekamoscisko.pl\/wp-content\/uploads\/2016\/03\/szydelko4-1x1.jpg 1w\" sizes=\"(max-width: 150px) 100vw, 150px\" \/><\/a>\n\t\t\t<\/div><\/figure><figure class='gallery-item'>\n\t\t\t<div class='gallery-icon landscape'>\n\t\t\t\t<a href='https:\/\/bibliotekamoscisko.pl\/?attachment_id=2985'><img loading=\"lazy\" decoding=\"async\" width=\"150\" height=\"150\" src=\"https:\/\/bibliotekamoscisko.pl\/wp-content\/uploads\/2016\/03\/szydelko2-150x150.jpg\" class=\"attachment-thumbnail size-thumbnail\" alt=\"\" srcset=\"https:\/\/bibliotekamoscisko.pl\/wp-content\/uploads\/2016\/03\/szydelko2-150x150.jpg 150w, https:\/\/bibliotekamoscisko.pl\/wp-content\/uploads\/2016\/03\/szydelko2-1x1.jpg 1w\" sizes=\"(max-width: 150px) 100vw, 150px\" \/><\/a>\n\t\t\t<\/div><\/figure>\n\t\t<\/div>\n\n<\/div>\n<div>mk<\/div>\n","protected":false},"excerpt":{"rendered":"<p>17 marca w bibliotece w Ostroszowicach panie Anna Sztaba oraz Izabela Gawe\u0142ek uczy\u0142y dzieci szyde\u0142kowania. Dzieci z przedszkola \u015bwietnie poradzi\u0142y sobie z t\u0105 trudn\u0105 sztuk\u0105. Motywacj\u0105 do szyde\u0142kowania by\u0142o przymierzanie [&hellip;]<\/p>\n","protected":false},"author":1,"featured_media":0,"comment_status":"closed","ping_status":"open","sticky":false,"template":"","format":"standard","meta":{"ngg_post_thumbnail":0,"footnotes":""},"categories":[1],"tags":[],"class_list":["post-2983","post","type-post","status-publish","format-standard","hentry","category-uncategorized"],"_links":{"self":[{"href":"https:\/\/bibliotekamoscisko.pl\/index.php?rest_route=\/wp\/v2\/posts\/2983","targetHints":{"allow":["GET"]}}],"collection":[{"href":"https:\/\/bibliotekamoscisko.pl\/index.php?rest_route=\/wp\/v2\/posts"}],"about":[{"href":"https:\/\/bibliotekamoscisko.pl\/index.php?rest_route=\/wp\/v2\/types\/post"}],"author":[{"embeddable":true,"href":"https:\/\/bibliotekamoscisko.pl\/index.php?rest_route=\/wp\/v2\/users\/1"}],"replies":[{"embeddable":true,"href":"https:\/\/bibliotekamoscisko.pl\/index.php?rest_route=%2Fwp%2Fv2%2Fcomments&post=2983"}],"version-history":[{"count":1,"href":"https:\/\/bibliotekamoscisko.pl\/index.php?rest_route=\/wp\/v2\/posts\/2983\/revisions"}],"predecessor-version":[{"id":2988,"href":"https:\/\/bibliotekamoscisko.pl\/index.php?rest_route=\/wp\/v2\/posts\/2983\/revisions\/2988"}],"wp:attachment":[{"href":"https:\/\/bibliotekamoscisko.pl\/index.php?rest_route=%2Fwp%2Fv2%2Fmedia&parent=2983"}],"wp:term":[{"taxonomy":"category","embeddable":true,"href":"https:\/\/bibliotekamoscisko.pl\/index.php?rest_route=%2Fwp%2Fv2%2Fcategories&post=2983"},{"taxonomy":"post_tag","embeddable":true,"href":"https:\/\/bibliotekamoscisko.pl\/index.php?rest_route=%2Fwp%2Fv2%2Ftags&post=2983"}],"curies":[{"name":"wp","href":"https:\/\/api.w.org\/{rel}","templated":true}]}}