{"id":3040,"date":"2016-03-22T13:48:19","date_gmt":"2016-03-22T13:48:19","guid":{"rendered":"http:\/\/bibliotekamoscisko.pl\/?p=3040"},"modified":"2016-03-22T13:48:19","modified_gmt":"2016-03-22T13:48:19","slug":"jak-zrobic-palme-wielkanocna","status":"publish","type":"post","link":"https:\/\/bibliotekamoscisko.pl\/?p=3040","title":{"rendered":"Jak zrobi\u0107 Palm\u0119 Wielkanocn\u0105?"},"content":{"rendered":"<p>Palmy wielkanocne s\u0105 tradycyjnym symbolem Niedzieli Palmowej w Ko\u015bciele katolickim. W Polsce zwyczaj ten obchodzony jest<a href=\"http:\/\/bibliotekamoscisko.pl\/wp-content\/uploads\/2016\/03\/WP_20160320_11_37_03_Pro.jpeg\" rel=\"attachment wp-att-3041\"><img decoding=\"async\" class=\"alignright size-thumbnail wp-image-3041\" src=\"http:\/\/bibliotekamoscisko.pl\/wp-content\/uploads\/2016\/03\/WP_20160320_11_37_03_Pro-150x150.jpeg\" alt=\"WP_20160320_11_37_03_Pro\" width=\"150\" height=\"150\" srcset=\"https:\/\/bibliotekamoscisko.pl\/wp-content\/uploads\/2016\/03\/WP_20160320_11_37_03_Pro-150x150.jpeg 150w, https:\/\/bibliotekamoscisko.pl\/wp-content\/uploads\/2016\/03\/WP_20160320_11_37_03_Pro-1x1.jpeg 1w\" sizes=\"(max-width: 150px) 100vw, 150px\" \/><\/a> od \u015bredniowiecza.\u00a0Tradycyjne palmy wielkanocne przygotowuje si\u0119 z ga\u0142\u0105zek wierzby, kt\u00f3re symbolizuj\u0105 nie\u015bmiertelno\u015b\u0107 duszy.\u00a0W Polsce tradycja robienia palm wielkanocnych najbardziej zachowa\u0142a si\u0119 na Kurpiach, w miejscowo\u015bciach Lipniki i \u0141yse oraz w Ma\u0142opolsce w tym w Lipnicy Murowanej. Co roku odbywaj\u0105 si\u0119 tam konkursy na najpi\u0119kniejsz\u0105 i najwi\u0119ksz\u0105 palm\u0119. Niekt\u00f3re z nich osi\u0105gaj\u0105 wysoko\u015b\u0107 nawet kilkudziesi\u0119ciu metr\u00f3w (najwy\u017csza mia\u0142a ponad 35 m). Dekoracje do palm nierzadko przygotowuje si\u0119 ju\u017c od pocz\u0105tku Wielkiego Postu.<\/p>\n<p>My r\u00f3wnie\u017c chcieli\u015bmy spr\u00f3bowa\u0107 swoich si\u0142 i w odpowiedzi na og\u0142oszony przez ksi\u0119dza na pocz\u0105tku Wielkiego Postu konkurs na najpi\u0119kniejsz\u0105 Palm\u0119 Wielkanocn\u0105 w naszej parafii, \u00a0w marcu w okresie przed\u015bwi\u0105tecznym wzi\u0119li\u015bmy si\u0119 do pracy w bibliotece w Owie\u015bnie. Swoj\u0105 prac\u0119 rozpocz\u0119li\u015bmy od nauki\u00a0 robienia \u00a0wcale nie\u0142atwych do wykonania kwiatk\u00f3w z bibu\u0142y ale po \u00a0kilku spotkaniach i wielu godzi nauki wychodzi\u0142y nam cuda. Powsta\u0142o sporo \u0142adnych i kolorowych kwiat\u00f3w, kt\u00f3re pos\u0142u\u017cy\u0142y nam do przygotowania palmy wielkanocnej. Nast\u0119pnym etapem by\u0142o przyniesie\u00a0 materia\u0142\u00f3w niezb\u0119dnych do wykonania naszej wsp\u00f3lnej palmy oraz jej finalne wykonanie. Nasza palma osi\u0105gn\u0119\u0142a wysoko\u015b\u0107 5 m i wysz\u0142a przepi\u0119kna. Zreszt\u0105 oce\u0144cie j\u0105 sami ogl\u0105daj\u0105c zdj\u0119cia. Konkurs mia\u0142 miejsce w niedziel\u0119 w ko\u015bciele parafialnym p.w. \u015bw. Jadwigi w\u00a0 Przedborowej. Og\u0142oszenie wynik\u00f3w odb\u0119dzie si\u0119 w Wielki Czwartek. Ale dla nas niewa\u017cne s\u0105 wyniki lecz to, \u017ce mogli\u015bmy si\u0119 spotka\u0107 po raz kolejny w bibliotece, zrobi\u0107 co\u015b wsp\u00f3lnie oraz nauczy\u0107 si\u0119 czego\u015b nowego.<\/p>\n<div id='gallery-1' class='gallery galleryid-3040 gallery-columns-3 gallery-size-thumbnail'><figure class='gallery-item'>\n\t\t\t<div class='gallery-icon landscape'>\n\t\t\t\t<a href='https:\/\/bibliotekamoscisko.pl\/?attachment_id=3042'><img decoding=\"async\" width=\"150\" height=\"150\" src=\"https:\/\/bibliotekamoscisko.pl\/wp-content\/uploads\/2016\/03\/WP_20160311_10_59_59_Pro-150x150.jpeg\" class=\"attachment-thumbnail size-thumbnail\" alt=\"\" srcset=\"https:\/\/bibliotekamoscisko.pl\/wp-content\/uploads\/2016\/03\/WP_20160311_10_59_59_Pro-150x150.jpeg 150w, https:\/\/bibliotekamoscisko.pl\/wp-content\/uploads\/2016\/03\/WP_20160311_10_59_59_Pro-2x1.jpeg 2w\" sizes=\"(max-width: 150px) 100vw, 150px\" \/><\/a>\n\t\t\t<\/div><\/figure><figure class='gallery-item'>\n\t\t\t<div class='gallery-icon landscape'>\n\t\t\t\t<a href='https:\/\/bibliotekamoscisko.pl\/?attachment_id=3043'><img decoding=\"async\" width=\"150\" height=\"150\" src=\"https:\/\/bibliotekamoscisko.pl\/wp-content\/uploads\/2016\/03\/WP_20160318_10_15_09_Pro-150x150.jpeg\" class=\"attachment-thumbnail size-thumbnail\" alt=\"\" srcset=\"https:\/\/bibliotekamoscisko.pl\/wp-content\/uploads\/2016\/03\/WP_20160318_10_15_09_Pro-150x150.jpeg 150w, https:\/\/bibliotekamoscisko.pl\/wp-content\/uploads\/2016\/03\/WP_20160318_10_15_09_Pro-2x1.jpeg 2w\" sizes=\"(max-width: 150px) 100vw, 150px\" \/><\/a>\n\t\t\t<\/div><\/figure><figure class='gallery-item'>\n\t\t\t<div class='gallery-icon landscape'>\n\t\t\t\t<a href='https:\/\/bibliotekamoscisko.pl\/?attachment_id=3044'><img loading=\"lazy\" decoding=\"async\" width=\"150\" height=\"150\" src=\"https:\/\/bibliotekamoscisko.pl\/wp-content\/uploads\/2016\/03\/WP_20160318_10_16_41_Pro-150x150.jpeg\" class=\"attachment-thumbnail size-thumbnail\" alt=\"\" srcset=\"https:\/\/bibliotekamoscisko.pl\/wp-content\/uploads\/2016\/03\/WP_20160318_10_16_41_Pro-150x150.jpeg 150w, https:\/\/bibliotekamoscisko.pl\/wp-content\/uploads\/2016\/03\/WP_20160318_10_16_41_Pro-2x1.jpeg 2w\" sizes=\"(max-width: 150px) 100vw, 150px\" \/><\/a>\n\t\t\t<\/div><\/figure><figure class='gallery-item'>\n\t\t\t<div class='gallery-icon portrait'>\n\t\t\t\t<a href='https:\/\/bibliotekamoscisko.pl\/?attachment_id=3045'><img loading=\"lazy\" decoding=\"async\" width=\"150\" height=\"150\" src=\"https:\/\/bibliotekamoscisko.pl\/wp-content\/uploads\/2016\/03\/WP_20160318_13_52_52_Pro-150x150.jpeg\" class=\"attachment-thumbnail size-thumbnail\" alt=\"\" srcset=\"https:\/\/bibliotekamoscisko.pl\/wp-content\/uploads\/2016\/03\/WP_20160318_13_52_52_Pro-150x150.jpeg 150w, https:\/\/bibliotekamoscisko.pl\/wp-content\/uploads\/2016\/03\/WP_20160318_13_52_52_Pro-1x1.jpeg 1w\" sizes=\"(max-width: 150px) 100vw, 150px\" \/><\/a>\n\t\t\t<\/div><\/figure><figure class='gallery-item'>\n\t\t\t<div class='gallery-icon portrait'>\n\t\t\t\t<a href='https:\/\/bibliotekamoscisko.pl\/?attachment_id=3046'><img loading=\"lazy\" decoding=\"async\" width=\"150\" height=\"150\" src=\"https:\/\/bibliotekamoscisko.pl\/wp-content\/uploads\/2016\/03\/WP_20160320_11_23_04_Pro-150x150.jpeg\" class=\"attachment-thumbnail size-thumbnail\" alt=\"\" srcset=\"https:\/\/bibliotekamoscisko.pl\/wp-content\/uploads\/2016\/03\/WP_20160320_11_23_04_Pro-150x150.jpeg 150w, https:\/\/bibliotekamoscisko.pl\/wp-content\/uploads\/2016\/03\/WP_20160320_11_23_04_Pro-1x1.jpeg 1w\" sizes=\"(max-width: 150px) 100vw, 150px\" \/><\/a>\n\t\t\t<\/div><\/figure><figure class='gallery-item'>\n\t\t\t<div class='gallery-icon portrait'>\n\t\t\t\t<a href='https:\/\/bibliotekamoscisko.pl\/?attachment_id=3047'><img loading=\"lazy\" decoding=\"async\" width=\"150\" height=\"150\" src=\"https:\/\/bibliotekamoscisko.pl\/wp-content\/uploads\/2016\/03\/WP_20160320_12_51_26_Pro-150x150.jpeg\" class=\"attachment-thumbnail size-thumbnail\" alt=\"\" srcset=\"https:\/\/bibliotekamoscisko.pl\/wp-content\/uploads\/2016\/03\/WP_20160320_12_51_26_Pro-150x150.jpeg 150w, https:\/\/bibliotekamoscisko.pl\/wp-content\/uploads\/2016\/03\/WP_20160320_12_51_26_Pro-1x1.jpeg 1w\" sizes=\"(max-width: 150px) 100vw, 150px\" \/><\/a>\n\t\t\t<\/div><\/figure>\n\t\t<\/div>\n\n<p>J.P.<\/p>\n<p>&nbsp;<\/p>\n","protected":false},"excerpt":{"rendered":"<p>Palmy wielkanocne s\u0105 tradycyjnym symbolem Niedzieli Palmowej w Ko\u015bciele katolickim. W Polsce zwyczaj ten obchodzony jest od \u015bredniowiecza.\u00a0Tradycyjne palmy wielkanocne przygotowuje si\u0119 z ga\u0142\u0105zek wierzby, kt\u00f3re symbolizuj\u0105 nie\u015bmiertelno\u015b\u0107 duszy.\u00a0W Polsce [&hellip;]<\/p>\n","protected":false},"author":1,"featured_media":0,"comment_status":"closed","ping_status":"open","sticky":false,"template":"","format":"standard","meta":{"ngg_post_thumbnail":0,"footnotes":""},"categories":[1],"tags":[],"class_list":["post-3040","post","type-post","status-publish","format-standard","hentry","category-uncategorized"],"_links":{"self":[{"href":"https:\/\/bibliotekamoscisko.pl\/index.php?rest_route=\/wp\/v2\/posts\/3040","targetHints":{"allow":["GET"]}}],"collection":[{"href":"https:\/\/bibliotekamoscisko.pl\/index.php?rest_route=\/wp\/v2\/posts"}],"about":[{"href":"https:\/\/bibliotekamoscisko.pl\/index.php?rest_route=\/wp\/v2\/types\/post"}],"author":[{"embeddable":true,"href":"https:\/\/bibliotekamoscisko.pl\/index.php?rest_route=\/wp\/v2\/users\/1"}],"replies":[{"embeddable":true,"href":"https:\/\/bibliotekamoscisko.pl\/index.php?rest_route=%2Fwp%2Fv2%2Fcomments&post=3040"}],"version-history":[{"count":1,"href":"https:\/\/bibliotekamoscisko.pl\/index.php?rest_route=\/wp\/v2\/posts\/3040\/revisions"}],"predecessor-version":[{"id":3048,"href":"https:\/\/bibliotekamoscisko.pl\/index.php?rest_route=\/wp\/v2\/posts\/3040\/revisions\/3048"}],"wp:attachment":[{"href":"https:\/\/bibliotekamoscisko.pl\/index.php?rest_route=%2Fwp%2Fv2%2Fmedia&parent=3040"}],"wp:term":[{"taxonomy":"category","embeddable":true,"href":"https:\/\/bibliotekamoscisko.pl\/index.php?rest_route=%2Fwp%2Fv2%2Fcategories&post=3040"},{"taxonomy":"post_tag","embeddable":true,"href":"https:\/\/bibliotekamoscisko.pl\/index.php?rest_route=%2Fwp%2Fv2%2Ftags&post=3040"}],"curies":[{"name":"wp","href":"https:\/\/api.w.org\/{rel}","templated":true}]}}