{"id":310,"date":"2014-04-17T08:05:55","date_gmt":"2014-04-17T08:05:55","guid":{"rendered":"http:\/\/bibliotekamoscisko.pl\/?p=310"},"modified":"2014-04-17T08:12:31","modified_gmt":"2014-04-17T08:12:31","slug":"pyszne-babeczki-wielkanocne","status":"publish","type":"post","link":"https:\/\/bibliotekamoscisko.pl\/?p=310","title":{"rendered":"Pyszne babeczki wielkanocne"},"content":{"rendered":"<p>W \u015brod\u0119 16 kwietnia w bibliotece w Mo\u015bcisku odby\u0142o si\u0119 przed\u015bwi\u0105teczne pieczenie babeczek wielkanocnych.\u00a0Ch\u0119tni podzielili si\u0119 \u00a0na dwie grupy aby m\u00f3c si\u0119 zmie\u015bci\u0107 w kuchni. W oczekiwaniu na swoj\u0105 kolej grupa ch\u0142opc\u00f3w zbudowa\u0142a zamek dla dziewcz\u0105t a one odwdzi\u0119czy\u0142y si\u0119 im tym samym. Czas umili\u0142y te\u017c ta\u0144ce i zabawy ruchowe oraz oczywi\u015bcie ksi\u0105\u017cki z dzia\u0142u dzieci\u0119cego.<\/p>\n<p>Ozdabianie babeczek by\u0142o niezwykle kreatywnym zaj\u0119ciem. Powsta\u0142y prawdziwe dzie\u0142a sztuki. Cz\u0119\u015b\u0107 z nich znalaz\u0142o si\u0119 w dzieci\u0119cych buziach a pozosta\u0142e pow\u0119drowa\u0142y do domu i by\u0107 mo\u017ce znajd\u0105 miejsce w koszyczkach ze \u015bwi\u0119conk\u0105 i na \u015bwi\u0105tecznych sto\u0142ach. Dzi\u0119kujemy za pomoc w zorganizowaniu zaj\u0119\u0107 Paniom z Ko\u0142a Gospody\u0144 Domowych.<\/p>\n<p>D.W.<\/p>\n<div id='gallery-1' class='gallery galleryid-310 gallery-columns-3 gallery-size-thumbnail'><figure class='gallery-item'>\n\t\t\t<div class='gallery-icon landscape'>\n\t\t\t\t<a href='https:\/\/bibliotekamoscisko.pl\/?attachment_id=324'><img decoding=\"async\" width=\"150\" height=\"150\" src=\"https:\/\/bibliotekamoscisko.pl\/wp-content\/uploads\/2014\/04\/ciasteczka14-150x150.jpg\" class=\"attachment-thumbnail size-thumbnail\" alt=\"\" aria-describedby=\"gallery-1-324\" \/><\/a>\n\t\t\t<\/div>\n\t\t\t\t<figcaption class='wp-caption-text gallery-caption' id='gallery-1-324'>\n\t\t\t\tnasze dzie\u0142a\n\t\t\t\t<\/figcaption><\/figure>\n\t\t<\/div>\n\n","protected":false},"excerpt":{"rendered":"<p>W \u015brod\u0119 16 kwietnia w bibliotece w Mo\u015bcisku odby\u0142o si\u0119 przed\u015bwi\u0105teczne pieczenie babeczek wielkanocnych.\u00a0Ch\u0119tni podzielili si\u0119 \u00a0na dwie grupy aby m\u00f3c si\u0119 zmie\u015bci\u0107 w kuchni. W oczekiwaniu na swoj\u0105 kolej [&hellip;]<\/p>\n","protected":false},"author":1,"featured_media":0,"comment_status":"open","ping_status":"open","sticky":false,"template":"","format":"standard","meta":{"ngg_post_thumbnail":0,"footnotes":""},"categories":[1],"tags":[],"class_list":["post-310","post","type-post","status-publish","format-standard","hentry","category-uncategorized"],"_links":{"self":[{"href":"https:\/\/bibliotekamoscisko.pl\/index.php?rest_route=\/wp\/v2\/posts\/310","targetHints":{"allow":["GET"]}}],"collection":[{"href":"https:\/\/bibliotekamoscisko.pl\/index.php?rest_route=\/wp\/v2\/posts"}],"about":[{"href":"https:\/\/bibliotekamoscisko.pl\/index.php?rest_route=\/wp\/v2\/types\/post"}],"author":[{"embeddable":true,"href":"https:\/\/bibliotekamoscisko.pl\/index.php?rest_route=\/wp\/v2\/users\/1"}],"replies":[{"embeddable":true,"href":"https:\/\/bibliotekamoscisko.pl\/index.php?rest_route=%2Fwp%2Fv2%2Fcomments&post=310"}],"version-history":[{"count":2,"href":"https:\/\/bibliotekamoscisko.pl\/index.php?rest_route=\/wp\/v2\/posts\/310\/revisions"}],"predecessor-version":[{"id":328,"href":"https:\/\/bibliotekamoscisko.pl\/index.php?rest_route=\/wp\/v2\/posts\/310\/revisions\/328"}],"wp:attachment":[{"href":"https:\/\/bibliotekamoscisko.pl\/index.php?rest_route=%2Fwp%2Fv2%2Fmedia&parent=310"}],"wp:term":[{"taxonomy":"category","embeddable":true,"href":"https:\/\/bibliotekamoscisko.pl\/index.php?rest_route=%2Fwp%2Fv2%2Fcategories&post=310"},{"taxonomy":"post_tag","embeddable":true,"href":"https:\/\/bibliotekamoscisko.pl\/index.php?rest_route=%2Fwp%2Fv2%2Ftags&post=310"}],"curies":[{"name":"wp","href":"https:\/\/api.w.org\/{rel}","templated":true}]}}