{"id":3104,"date":"2016-04-08T09:20:33","date_gmt":"2016-04-08T09:20:33","guid":{"rendered":"http:\/\/bibliotekamoscisko.pl\/?p=3104"},"modified":"2016-04-08T09:20:33","modified_gmt":"2016-04-08T09:20:33","slug":"po-drodze-wystawa-fotografii-joanny-sliwy-cichon","status":"publish","type":"post","link":"https:\/\/bibliotekamoscisko.pl\/?p=3104","title":{"rendered":"Po drodze &#8211; wystawa fotografii Joanny \u015aliwy-Cicho\u0144"},"content":{"rendered":"<p>Zapraszamy na wernisa\u017c prac <a href=\"http:\/\/www.knipsownia.pl\/\" target=\"_blank\"><span style=\"color: #339966;\">Joanny \u015aliwy-Cicho\u0144<\/span>,<\/a> kt\u00f3ry odb\u0119dzie si\u0119 16 kwietnia o godz. 16.00 w galerii biblioteki.<\/p>\n<p><a href=\"http:\/\/bibliotekamoscisko.pl\/wp-content\/uploads\/2016\/04\/pLAKAT-WERSJA2.jpg\" rel=\"attachment wp-att-3105\"><img fetchpriority=\"high\" decoding=\"async\" class=\"aligncenter size-full wp-image-3105\" src=\"http:\/\/bibliotekamoscisko.pl\/wp-content\/uploads\/2016\/04\/pLAKAT-WERSJA2.jpg\" alt=\"pLAKAT WERSJA2\" width=\"944\" height=\"638\" srcset=\"https:\/\/bibliotekamoscisko.pl\/wp-content\/uploads\/2016\/04\/pLAKAT-WERSJA2.jpg 944w, https:\/\/bibliotekamoscisko.pl\/wp-content\/uploads\/2016\/04\/pLAKAT-WERSJA2-300x203.jpg 300w, https:\/\/bibliotekamoscisko.pl\/wp-content\/uploads\/2016\/04\/pLAKAT-WERSJA2-768x519.jpg 768w, https:\/\/bibliotekamoscisko.pl\/wp-content\/uploads\/2016\/04\/pLAKAT-WERSJA2-1x1.jpg 1w\" sizes=\"(max-width: 944px) 100vw, 944px\" \/><\/a><\/p>\n<p>&#8222;Moja przygoda z fotografi\u0105 zacz\u0119\u0142a si\u0119 15 lat temu. Ju\u017c w szkole \u015bredniej rodzina dba\u0142a o m\u00f3j rozw\u00f3j i podsuwa\u0142a mi r\u00f3\u017cne pomys\u0142y. Pewnego dnia moja kole\u017canka Ania &#8222;zaci\u0105gn\u0119\u0142a&#8221; mnie na ko\u0142o fotograficzne, z tej okazji dziadek podarowa\u0142 mi wiekowy aparat rosyjskiej marki FED. Mimo skomplikowanego sprz\u0119tu fotograficznego wschodnich s\u0105siad\u00f3w, nie da\u0142am za wygran\u0105 i nasza mi\u0142o\u015b\u0107 trwa do dzi\u015b. Przygoda z ko\u0142em fotograficznym trwa\u0142a kilka lat, co zmotywowa\u0142o mnie do p\u00f3j\u015bcia dalej w tym kierunku, by rozwija\u0107 swoj\u0105 pasj\u0119 na wszelkie mo\u017cliwe sposoby. Ko\u0144cowym efektem by\u0142a praca dyplomowa &#8222;Fotografia ruchu na przyk\u0142adzie ta\u0144ca nowoczesnego Breakdance&#8221;. Do swoich sukces\u00f3w zaliczam zdobycie Grand Prix w kilku konkursach fotograficznych oraz organizacj\u0119 wielu wernisa\u017cy i wystaw moich prac. Obecnie jestem cz\u0142onkiem Sudeckiego Towarzystwa Fotograficznego.&#8221; Joanna \u015aliwa-Cicho\u0144<\/p>\n<p><span style=\"color: #339966;\"><a style=\"color: #339966;\" href=\"https:\/\/www.facebook.com\/KNIPSOWNIA\/timeline\" target=\"_blank\">FB &#8211; Knipsownia<\/a><\/span><\/p>\n","protected":false},"excerpt":{"rendered":"<p>Zapraszamy na wernisa\u017c prac Joanny \u015aliwy-Cicho\u0144, kt\u00f3ry odb\u0119dzie si\u0119 16 kwietnia o godz. 16.00 w galerii biblioteki. &#8222;Moja przygoda z fotografi\u0105 zacz\u0119\u0142a si\u0119 15 lat temu. Ju\u017c w szkole \u015bredniej [&hellip;]<\/p>\n","protected":false},"author":1,"featured_media":0,"comment_status":"closed","ping_status":"open","sticky":false,"template":"","format":"standard","meta":{"ngg_post_thumbnail":0,"footnotes":""},"categories":[1],"tags":[],"class_list":["post-3104","post","type-post","status-publish","format-standard","hentry","category-uncategorized"],"_links":{"self":[{"href":"https:\/\/bibliotekamoscisko.pl\/index.php?rest_route=\/wp\/v2\/posts\/3104","targetHints":{"allow":["GET"]}}],"collection":[{"href":"https:\/\/bibliotekamoscisko.pl\/index.php?rest_route=\/wp\/v2\/posts"}],"about":[{"href":"https:\/\/bibliotekamoscisko.pl\/index.php?rest_route=\/wp\/v2\/types\/post"}],"author":[{"embeddable":true,"href":"https:\/\/bibliotekamoscisko.pl\/index.php?rest_route=\/wp\/v2\/users\/1"}],"replies":[{"embeddable":true,"href":"https:\/\/bibliotekamoscisko.pl\/index.php?rest_route=%2Fwp%2Fv2%2Fcomments&post=3104"}],"version-history":[{"count":1,"href":"https:\/\/bibliotekamoscisko.pl\/index.php?rest_route=\/wp\/v2\/posts\/3104\/revisions"}],"predecessor-version":[{"id":3106,"href":"https:\/\/bibliotekamoscisko.pl\/index.php?rest_route=\/wp\/v2\/posts\/3104\/revisions\/3106"}],"wp:attachment":[{"href":"https:\/\/bibliotekamoscisko.pl\/index.php?rest_route=%2Fwp%2Fv2%2Fmedia&parent=3104"}],"wp:term":[{"taxonomy":"category","embeddable":true,"href":"https:\/\/bibliotekamoscisko.pl\/index.php?rest_route=%2Fwp%2Fv2%2Fcategories&post=3104"},{"taxonomy":"post_tag","embeddable":true,"href":"https:\/\/bibliotekamoscisko.pl\/index.php?rest_route=%2Fwp%2Fv2%2Ftags&post=3104"}],"curies":[{"name":"wp","href":"https:\/\/api.w.org\/{rel}","templated":true}]}}