{"id":3109,"date":"2016-04-08T10:55:51","date_gmt":"2016-04-08T10:55:51","guid":{"rendered":"http:\/\/bibliotekamoscisko.pl\/?p=3109"},"modified":"2016-04-08T10:56:54","modified_gmt":"2016-04-08T10:56:54","slug":"czytam-w-podrozy-herberta-2","status":"publish","type":"post","link":"https:\/\/bibliotekamoscisko.pl\/?p=3109","title":{"rendered":"Czytam w podr\u00f3\u017cy&#8230; Herberta"},"content":{"rendered":"<p>6 kwietnia 2016 r. odby\u0142a si\u0119 czwarta edycja og\u00f3lnopolskiej akcji promuj\u0105cej czytelnictwo &#8222;Czytam w podr\u00f3\u017cy&#8230; Herberta&#8221;. Akcja<a href=\"http:\/\/bibliotekamoscisko.pl\/wp-content\/uploads\/2016\/04\/naklejki-czytam.jpg\" rel=\"attachment wp-att-3110\"><img decoding=\"async\" class=\"alignright size-thumbnail wp-image-3110\" src=\"http:\/\/bibliotekamoscisko.pl\/wp-content\/uploads\/2016\/04\/naklejki-czytam-150x150.jpg\" alt=\"naklejki czytam\" width=\"150\" height=\"150\" srcset=\"https:\/\/bibliotekamoscisko.pl\/wp-content\/uploads\/2016\/04\/naklejki-czytam-150x150.jpg 150w, https:\/\/bibliotekamoscisko.pl\/wp-content\/uploads\/2016\/04\/naklejki-czytam-300x300.jpg 300w, https:\/\/bibliotekamoscisko.pl\/wp-content\/uploads\/2016\/04\/naklejki-czytam-768x768.jpg 768w, https:\/\/bibliotekamoscisko.pl\/wp-content\/uploads\/2016\/04\/naklejki-czytam-1x1.jpg 1w, https:\/\/bibliotekamoscisko.pl\/wp-content\/uploads\/2016\/04\/naklejki-czytam.jpg 898w\" sizes=\"(max-width: 150px) 100vw, 150px\" \/><\/a> zosta\u0142a zainicjowana przez Fundacj\u0119 im. Zbigniewa Herberta i polega na rozprowadzeniu w\u015br\u00f3d czytelnik\u00f3w zak\u0142adek do ksi\u0105\u017cek, na kt\u00f3rych zosta\u0142y umieszczone cytaty z tw\u00f3rczo\u015bci Herberta. \u00a0 \u00a0 \u00a0 \u00a0 \u00a0 \u00a0 \u00a0 \u00a0 \u00a0 \u00a0 \u00a0 \u00a0 \u00a0 \u00a0 \u00a0 \u00a0 \u00a0 \u00a0 \u00a0 \u00a0 \u00a0 \u00a0 \u00a0 \u00a0 \u00a0 \u00a0 \u00a0 \u00a0 \u00a0 \u00a0 \u00a0 \u00a0 \u00a0 \u00a0 \u00a0 \u00a0 \u00a0 \u00a0 \u00a0&#8222;Naszym celem jest nie tylko upowszechnienie tw\u00f3rczo\u015bci Zbigniewa Herberta, ale tak\u017ce popularyzacja czytelnictwa w og\u00f3le. Przekonujemy, \u017ce podr\u00f3\u017c, nawet kr\u00f3tk\u0105, mo\u017cna sp\u0119dzi\u0107 mi\u0142o i po\u017cytecznie&#8221; &#8211; m\u00f3wi Maria Dzieduszycka, prezes fundacji.<\/p>\n<p>Po\u015br\u00f3d wszystkich bibliotek i szk\u00f3\u0142 zg\u0142oszonych do akcji, znalaz\u0142a si\u0119 r\u00f3wnie\u017c Biblioteka Publiczna Gminy Dzier\u017coni\u00f3w im. W\u0142adys\u0142awa Reymonta. Zak\u0142adki b\u0119d\u0105 rozdawane do wyczerpania zapas\u00f3w.<\/p>\n<p>Akcja spo\u0142eczna \u201eCzytam w podr\u00f3\u017cy&#8230; Herberta\u201d jest wsp\u00f3lnym projektem Fundacji im. Zbigniewa Herberta oraz Klubu Herbertowskich Szk\u00f3\u0142. Partnerami akcji s\u0105 Biblioteka Narodowa, Instytut Ksi\u0105\u017cki oraz Instytut Adama Mickiewicza. Projekt realizowany jest w ramach kampanii \u201ePan Cogito\u201d.<\/p>\n","protected":false},"excerpt":{"rendered":"<p>6 kwietnia 2016 r. odby\u0142a si\u0119 czwarta edycja og\u00f3lnopolskiej akcji promuj\u0105cej czytelnictwo &#8222;Czytam w podr\u00f3\u017cy&#8230; Herberta&#8221;. Akcja zosta\u0142a zainicjowana przez Fundacj\u0119 im. Zbigniewa Herberta i polega na rozprowadzeniu w\u015br\u00f3d czytelnik\u00f3w [&hellip;]<\/p>\n","protected":false},"author":1,"featured_media":0,"comment_status":"closed","ping_status":"open","sticky":false,"template":"","format":"standard","meta":{"ngg_post_thumbnail":0,"footnotes":""},"categories":[1],"tags":[],"class_list":["post-3109","post","type-post","status-publish","format-standard","hentry","category-uncategorized"],"_links":{"self":[{"href":"https:\/\/bibliotekamoscisko.pl\/index.php?rest_route=\/wp\/v2\/posts\/3109","targetHints":{"allow":["GET"]}}],"collection":[{"href":"https:\/\/bibliotekamoscisko.pl\/index.php?rest_route=\/wp\/v2\/posts"}],"about":[{"href":"https:\/\/bibliotekamoscisko.pl\/index.php?rest_route=\/wp\/v2\/types\/post"}],"author":[{"embeddable":true,"href":"https:\/\/bibliotekamoscisko.pl\/index.php?rest_route=\/wp\/v2\/users\/1"}],"replies":[{"embeddable":true,"href":"https:\/\/bibliotekamoscisko.pl\/index.php?rest_route=%2Fwp%2Fv2%2Fcomments&post=3109"}],"version-history":[{"count":2,"href":"https:\/\/bibliotekamoscisko.pl\/index.php?rest_route=\/wp\/v2\/posts\/3109\/revisions"}],"predecessor-version":[{"id":3112,"href":"https:\/\/bibliotekamoscisko.pl\/index.php?rest_route=\/wp\/v2\/posts\/3109\/revisions\/3112"}],"wp:attachment":[{"href":"https:\/\/bibliotekamoscisko.pl\/index.php?rest_route=%2Fwp%2Fv2%2Fmedia&parent=3109"}],"wp:term":[{"taxonomy":"category","embeddable":true,"href":"https:\/\/bibliotekamoscisko.pl\/index.php?rest_route=%2Fwp%2Fv2%2Fcategories&post=3109"},{"taxonomy":"post_tag","embeddable":true,"href":"https:\/\/bibliotekamoscisko.pl\/index.php?rest_route=%2Fwp%2Fv2%2Ftags&post=3109"}],"curies":[{"name":"wp","href":"https:\/\/api.w.org\/{rel}","templated":true}]}}