{"id":3153,"date":"2016-04-16T09:36:02","date_gmt":"2016-04-16T09:36:02","guid":{"rendered":"http:\/\/bibliotekamoscisko.pl\/?p=3153"},"modified":"2016-04-16T09:36:02","modified_gmt":"2016-04-16T09:36:02","slug":"konkurs-recytatorski-dla-przedszkolakow-dzien-w-poezji","status":"publish","type":"post","link":"https:\/\/bibliotekamoscisko.pl\/?p=3153","title":{"rendered":"Konkurs recytatorski dla przedszkolak\u00f3w \u201eDzie\u0144 w poezji\u201d"},"content":{"rendered":"<p>15 kwietnia do Biblioteki Publiczno-Szkolnej w Pi\u0142awie Dolnej przyby\u0142a liczna grupa dzieci z pi\u0142awskiego i dobroci\u0144skiego przedszkola. W dniu tym w Bibliotece odby\u0142 si\u0119 konkurs recytatorski dla przedszkolak\u00f3w pt. \u201eDzieci w poezji\u201d. G\u0142\u00f3wnym celem naszego konkursu by\u0142o dostarczenie przedszkolakom dozna\u0144 emocjonalnych wyp\u0142ywaj\u0105cych z pi\u0119kna utwor\u00f3w literackich, prezentacja umiej\u0119tno\u015bci artystycznych, integracja dzieci.<\/p>\n<p>Wy\u0142oniono w eliminacjach wewn\u0119trznych i zg\u0142oszono do konkursu sze\u015bcioro dzieci .<\/p>\n<p>Milusi\u0144scy pi\u0119knie nam si\u0119 zaprezentowali, ukazuj\u0105c sw\u00f3j zapa\u0142, wra\u017cliwo\u015b\u0107, emocje, kt\u00f3re to wywo\u0142ywa\u0142y u s\u0142uchacza u\u015bmiech \u017cyczliwo\u015bci na twarzy.<\/p>\n<p>Jury w sk\u0142adzie:<\/p>\n<ol>\n<li>Maria Chudek \u2013 nauczyciel nauczania pocz\u0105tkowego<\/li>\n<li>Ma\u0142gorzata Siwiec \u2013 dyrektor ZSP w Pi\u0142awie Dolnej<\/li>\n<li>Justyna Kaczorowska \u2013 dyrektor Biblioteki Publicznej Gminy Dzier\u017coni\u00f3w im. W\u0142adys\u0142awa Reymonta<\/li>\n<\/ol>\n<p>po wys\u0142uchaniu wszystkich recytator\u00f3w postanowi\u0142o przyzna\u0107 nast\u0119puj\u0105ce nagrody:<\/p>\n<ul>\n<li>I miejsce \u2013 Filip Sta\u0144czak.<\/li>\n<li>II miejsce \u2013 Ma\u0142gorzata Trela.<\/li>\n<li>III miejsce \u2013 Magdalena Ostrowska.<\/li>\n<\/ul>\n<p>Wyr\u00f3\u017cnienia otrzymuj\u0105:<\/p>\n<ul>\n<li>Nadia Ciep\u0142uch.<\/li>\n<li>Bartosz D\u0105browski.<\/li>\n<li>Adam G\u0105sior.<\/li>\n<\/ul>\n<p>Wszyscy uczestnicy otrzymali pami\u0105tkowe dyplomy, a laureaci konkursu recytatorskiego nagrody.<\/p>\n<div id='gallery-1' class='gallery galleryid-3153 gallery-columns-3 gallery-size-thumbnail'><figure class='gallery-item'>\n\t\t\t<div class='gallery-icon landscape'>\n\t\t\t\t<a href='https:\/\/bibliotekamoscisko.pl\/?attachment_id=3157'><img decoding=\"async\" width=\"150\" height=\"150\" src=\"https:\/\/bibliotekamoscisko.pl\/wp-content\/uploads\/2016\/04\/IMG_3149-150x150.jpeg\" class=\"attachment-thumbnail size-thumbnail\" alt=\"\" srcset=\"https:\/\/bibliotekamoscisko.pl\/wp-content\/uploads\/2016\/04\/IMG_3149-150x150.jpeg 150w, https:\/\/bibliotekamoscisko.pl\/wp-content\/uploads\/2016\/04\/IMG_3149-1x1.jpeg 1w\" sizes=\"(max-width: 150px) 100vw, 150px\" \/><\/a>\n\t\t\t<\/div><\/figure><figure class='gallery-item'>\n\t\t\t<div class='gallery-icon landscape'>\n\t\t\t\t<a href='https:\/\/bibliotekamoscisko.pl\/?attachment_id=3154'><img decoding=\"async\" width=\"150\" height=\"150\" src=\"https:\/\/bibliotekamoscisko.pl\/wp-content\/uploads\/2016\/04\/IMG_3142-150x150.jpeg\" class=\"attachment-thumbnail size-thumbnail\" alt=\"\" srcset=\"https:\/\/bibliotekamoscisko.pl\/wp-content\/uploads\/2016\/04\/IMG_3142-150x150.jpeg 150w, https:\/\/bibliotekamoscisko.pl\/wp-content\/uploads\/2016\/04\/IMG_3142-1x1.jpeg 1w\" sizes=\"(max-width: 150px) 100vw, 150px\" \/><\/a>\n\t\t\t<\/div><\/figure><figure class='gallery-item'>\n\t\t\t<div class='gallery-icon landscape'>\n\t\t\t\t<a href='https:\/\/bibliotekamoscisko.pl\/?attachment_id=3155'><img decoding=\"async\" width=\"150\" height=\"150\" src=\"https:\/\/bibliotekamoscisko.pl\/wp-content\/uploads\/2016\/04\/IMG_3145-150x150.jpeg\" class=\"attachment-thumbnail size-thumbnail\" alt=\"\" srcset=\"https:\/\/bibliotekamoscisko.pl\/wp-content\/uploads\/2016\/04\/IMG_3145-150x150.jpeg 150w, https:\/\/bibliotekamoscisko.pl\/wp-content\/uploads\/2016\/04\/IMG_3145-1x1.jpeg 1w\" sizes=\"(max-width: 150px) 100vw, 150px\" \/><\/a>\n\t\t\t<\/div><\/figure><figure class='gallery-item'>\n\t\t\t<div class='gallery-icon portrait'>\n\t\t\t\t<a href='https:\/\/bibliotekamoscisko.pl\/?attachment_id=3156'><img loading=\"lazy\" decoding=\"async\" width=\"150\" height=\"150\" src=\"https:\/\/bibliotekamoscisko.pl\/wp-content\/uploads\/2016\/04\/IMG_3147-150x150.jpeg\" class=\"attachment-thumbnail size-thumbnail\" alt=\"\" srcset=\"https:\/\/bibliotekamoscisko.pl\/wp-content\/uploads\/2016\/04\/IMG_3147-150x150.jpeg 150w, https:\/\/bibliotekamoscisko.pl\/wp-content\/uploads\/2016\/04\/IMG_3147-1x1.jpeg 1w\" sizes=\"(max-width: 150px) 100vw, 150px\" \/><\/a>\n\t\t\t<\/div><\/figure><figure class='gallery-item'>\n\t\t\t<div class='gallery-icon landscape'>\n\t\t\t\t<a href='https:\/\/bibliotekamoscisko.pl\/?attachment_id=3158'><img loading=\"lazy\" decoding=\"async\" width=\"150\" height=\"150\" src=\"https:\/\/bibliotekamoscisko.pl\/wp-content\/uploads\/2016\/04\/IMG_3162-150x150.jpeg\" class=\"attachment-thumbnail size-thumbnail\" alt=\"\" srcset=\"https:\/\/bibliotekamoscisko.pl\/wp-content\/uploads\/2016\/04\/IMG_3162-150x150.jpeg 150w, https:\/\/bibliotekamoscisko.pl\/wp-content\/uploads\/2016\/04\/IMG_3162-1x1.jpeg 1w\" sizes=\"(max-width: 150px) 100vw, 150px\" \/><\/a>\n\t\t\t<\/div><\/figure><figure class='gallery-item'>\n\t\t\t<div class='gallery-icon landscape'>\n\t\t\t\t<a href='https:\/\/bibliotekamoscisko.pl\/?attachment_id=3159'><img loading=\"lazy\" decoding=\"async\" width=\"150\" height=\"150\" src=\"https:\/\/bibliotekamoscisko.pl\/wp-content\/uploads\/2016\/04\/IMG_3168-150x150.jpeg\" class=\"attachment-thumbnail size-thumbnail\" alt=\"\" srcset=\"https:\/\/bibliotekamoscisko.pl\/wp-content\/uploads\/2016\/04\/IMG_3168-150x150.jpeg 150w, https:\/\/bibliotekamoscisko.pl\/wp-content\/uploads\/2016\/04\/IMG_3168-1x1.jpeg 1w\" sizes=\"(max-width: 150px) 100vw, 150px\" \/><\/a>\n\t\t\t<\/div><\/figure><figure class='gallery-item'>\n\t\t\t<div class='gallery-icon landscape'>\n\t\t\t\t<a href='https:\/\/bibliotekamoscisko.pl\/?attachment_id=3160'><img loading=\"lazy\" decoding=\"async\" width=\"150\" height=\"150\" src=\"https:\/\/bibliotekamoscisko.pl\/wp-content\/uploads\/2016\/04\/IMG_3172-150x150.jpeg\" class=\"attachment-thumbnail size-thumbnail\" alt=\"\" srcset=\"https:\/\/bibliotekamoscisko.pl\/wp-content\/uploads\/2016\/04\/IMG_3172-150x150.jpeg 150w, https:\/\/bibliotekamoscisko.pl\/wp-content\/uploads\/2016\/04\/IMG_3172-1x1.jpeg 1w\" sizes=\"(max-width: 150px) 100vw, 150px\" \/><\/a>\n\t\t\t<\/div><\/figure><figure class='gallery-item'>\n\t\t\t<div class='gallery-icon landscape'>\n\t\t\t\t<a href='https:\/\/bibliotekamoscisko.pl\/?attachment_id=3161'><img loading=\"lazy\" decoding=\"async\" width=\"150\" height=\"150\" src=\"https:\/\/bibliotekamoscisko.pl\/wp-content\/uploads\/2016\/04\/IMG_3180-150x150.jpeg\" class=\"attachment-thumbnail size-thumbnail\" alt=\"\" srcset=\"https:\/\/bibliotekamoscisko.pl\/wp-content\/uploads\/2016\/04\/IMG_3180-150x150.jpeg 150w, https:\/\/bibliotekamoscisko.pl\/wp-content\/uploads\/2016\/04\/IMG_3180-1x1.jpeg 1w\" sizes=\"(max-width: 150px) 100vw, 150px\" \/><\/a>\n\t\t\t<\/div><\/figure><figure class='gallery-item'>\n\t\t\t<div class='gallery-icon landscape'>\n\t\t\t\t<a href='https:\/\/bibliotekamoscisko.pl\/?attachment_id=3162'><img loading=\"lazy\" decoding=\"async\" width=\"150\" height=\"150\" src=\"https:\/\/bibliotekamoscisko.pl\/wp-content\/uploads\/2016\/04\/IMG_3186-150x150.jpeg\" class=\"attachment-thumbnail size-thumbnail\" alt=\"\" srcset=\"https:\/\/bibliotekamoscisko.pl\/wp-content\/uploads\/2016\/04\/IMG_3186-150x150.jpeg 150w, https:\/\/bibliotekamoscisko.pl\/wp-content\/uploads\/2016\/04\/IMG_3186-1x1.jpeg 1w\" sizes=\"(max-width: 150px) 100vw, 150px\" \/><\/a>\n\t\t\t<\/div><\/figure>\n\t\t<\/div>\n\n<p>Jurorzy pragn\u0105 podzi\u0119kowa\u0107 nauczycielom i rodzicom za pomoc przy przygotowaniu m\u0142odych recytator\u00f3w do konkursu.\u00a0Nagrody ufundowa\u0142a Biblioteka Publiczna Gminy Dzier\u017coni\u00f3w im. W\u0142adys\u0142awa Reymonta w Mo\u015bcisku, dzi\u0119kuj\u0105c r\u00f3wnocze\u015bnie za owocn\u0105 wsp\u00f3\u0142prace ze Szko\u0142\u0105 Podstawow\u0105 im. Kornela Makuszy\u0144skiego w Pi\u0142awie Dolnej.<\/p>\n<p>Serdeczne podzi\u0119kowania kierujemy pod adresem wszystkich\u00a0 dzieci\u0119cych uczestnik\u00f3w \u00a0konkursu. Gratulujemy laureatom.<\/p>\n<p>&nbsp;<\/p>\n<p>&nbsp;<\/p>\n<p>Wanda Kun<\/p>\n<p>&nbsp;<\/p>\n","protected":false},"excerpt":{"rendered":"<p>15 kwietnia do Biblioteki Publiczno-Szkolnej w Pi\u0142awie Dolnej przyby\u0142a liczna grupa dzieci z pi\u0142awskiego i dobroci\u0144skiego przedszkola. W dniu tym w Bibliotece odby\u0142 si\u0119 konkurs recytatorski dla przedszkolak\u00f3w pt. \u201eDzieci [&hellip;]<\/p>\n","protected":false},"author":1,"featured_media":0,"comment_status":"closed","ping_status":"open","sticky":false,"template":"","format":"standard","meta":{"ngg_post_thumbnail":0,"footnotes":""},"categories":[1],"tags":[],"class_list":["post-3153","post","type-post","status-publish","format-standard","hentry","category-uncategorized"],"_links":{"self":[{"href":"https:\/\/bibliotekamoscisko.pl\/index.php?rest_route=\/wp\/v2\/posts\/3153","targetHints":{"allow":["GET"]}}],"collection":[{"href":"https:\/\/bibliotekamoscisko.pl\/index.php?rest_route=\/wp\/v2\/posts"}],"about":[{"href":"https:\/\/bibliotekamoscisko.pl\/index.php?rest_route=\/wp\/v2\/types\/post"}],"author":[{"embeddable":true,"href":"https:\/\/bibliotekamoscisko.pl\/index.php?rest_route=\/wp\/v2\/users\/1"}],"replies":[{"embeddable":true,"href":"https:\/\/bibliotekamoscisko.pl\/index.php?rest_route=%2Fwp%2Fv2%2Fcomments&post=3153"}],"version-history":[{"count":1,"href":"https:\/\/bibliotekamoscisko.pl\/index.php?rest_route=\/wp\/v2\/posts\/3153\/revisions"}],"predecessor-version":[{"id":3163,"href":"https:\/\/bibliotekamoscisko.pl\/index.php?rest_route=\/wp\/v2\/posts\/3153\/revisions\/3163"}],"wp:attachment":[{"href":"https:\/\/bibliotekamoscisko.pl\/index.php?rest_route=%2Fwp%2Fv2%2Fmedia&parent=3153"}],"wp:term":[{"taxonomy":"category","embeddable":true,"href":"https:\/\/bibliotekamoscisko.pl\/index.php?rest_route=%2Fwp%2Fv2%2Fcategories&post=3153"},{"taxonomy":"post_tag","embeddable":true,"href":"https:\/\/bibliotekamoscisko.pl\/index.php?rest_route=%2Fwp%2Fv2%2Ftags&post=3153"}],"curies":[{"name":"wp","href":"https:\/\/api.w.org\/{rel}","templated":true}]}}