{"id":3164,"date":"2016-04-16T10:14:42","date_gmt":"2016-04-16T10:14:42","guid":{"rendered":"http:\/\/bibliotekamoscisko.pl\/?p=3164"},"modified":"2016-04-16T11:15:29","modified_gmt":"2016-04-16T11:15:29","slug":"zloz-zyczenia-ksiazce","status":"publish","type":"post","link":"https:\/\/bibliotekamoscisko.pl\/?p=3164","title":{"rendered":"Z\u0142\u00f3\u017c \u017cyczenia ksi\u0105\u017cce!"},"content":{"rendered":"<p><a href=\"http:\/\/bibliotekamoscisko.pl\/wp-content\/uploads\/2016\/04\/przyj\u0119cie-dla-kr\u00f3lowej-2.jpg\" rel=\"attachment wp-att-3165\"><img fetchpriority=\"high\" decoding=\"async\" class=\"aligncenter size-full wp-image-3165\" src=\"http:\/\/bibliotekamoscisko.pl\/wp-content\/uploads\/2016\/04\/przyj\u0119cie-dla-kr\u00f3lowej-2.jpg\" alt=\"przyj\u0119cie dla kr\u00f3lowej (2)\" width=\"1587\" height=\"2245\" srcset=\"https:\/\/bibliotekamoscisko.pl\/wp-content\/uploads\/2016\/04\/przyj\u0119cie-dla-kr\u00f3lowej-2.jpg 1587w, https:\/\/bibliotekamoscisko.pl\/wp-content\/uploads\/2016\/04\/przyj\u0119cie-dla-kr\u00f3lowej-2-212x300.jpg 212w, https:\/\/bibliotekamoscisko.pl\/wp-content\/uploads\/2016\/04\/przyj\u0119cie-dla-kr\u00f3lowej-2-768x1086.jpg 768w, https:\/\/bibliotekamoscisko.pl\/wp-content\/uploads\/2016\/04\/przyj\u0119cie-dla-kr\u00f3lowej-2-724x1024.jpg 724w, https:\/\/bibliotekamoscisko.pl\/wp-content\/uploads\/2016\/04\/przyj\u0119cie-dla-kr\u00f3lowej-2-1x1.jpg 1w\" sizes=\"(max-width: 1587px) 100vw, 1587px\" \/><\/a><\/p>\n<p>23 kwietnia 2016 r. (\u015awiatowy Dzie\u0144 Ksi\u0105\u017cki i Praw Autorskich) Wroc\u0142aw rozpocznie roczn\u0105 kadencj\u0119 jako \u015awiatowa Stolica Ksi\u0105\u017cki UNESCO. \u015awiatowa Stolica Ksi\u0105\u017cki zosta\u0142a powo\u0142ana na mocy rezolucji Konferencji Generalnej UNESCO w 2001 r. Ten presti\u017cowy tytu\u0142 przyznano do tej pory m.in. takim miastom jak Madryt (2001), Amsterdam (2008), Buenos Aires (2011), Bangkok (2013).<\/p>\n<p>O godzinie 12.00 \u2013 w samo po\u0142udnie \u2013 we wszystkich bibliotekach, kt\u00f3re w\u0142\u0105cz\u0105 si\u0119 do wsp\u00f3lnej akcji, czytelnicy z\u0142o\u017c\u0105 \u017cyczenia\u00a0 ksi\u0105\u017ckom.\u00a0 Tym\u00a0 samym\u00a0 m\u0142odzi,\u00a0 m\u0142odsi\u00a0 i\u00a0 najm\u0142odsi\u00a0 Dolno\u015bl\u0105zacy\u00a0 wsp\u00f3lnie \u00a0\u00a0i o tej samej porze przywitaliby \u015awiatow\u0105 Stolic\u0119 Ksi\u0105\u017cki UNESCO.\u00a0 Biblioteka Publiczna Gminy Dzier\u017coni\u00f3w \u00a0im. W\u0142adys\u0142awa Reymonta r\u00f3wnie\u017c pragnie do\u0142\u0105czy\u0107 do tego zacnego grona.<\/p>\n<p>Zapraszamy do wsp\u00f3lnego \u015bwi\u0119towania!<\/p>\n<p>&nbsp;<\/p>\n","protected":false},"excerpt":{"rendered":"<p>23 kwietnia 2016 r. (\u015awiatowy Dzie\u0144 Ksi\u0105\u017cki i Praw Autorskich) Wroc\u0142aw rozpocznie roczn\u0105 kadencj\u0119 jako \u015awiatowa Stolica Ksi\u0105\u017cki UNESCO. \u015awiatowa Stolica Ksi\u0105\u017cki zosta\u0142a powo\u0142ana na mocy rezolucji Konferencji Generalnej UNESCO [&hellip;]<\/p>\n","protected":false},"author":1,"featured_media":0,"comment_status":"closed","ping_status":"open","sticky":false,"template":"","format":"standard","meta":{"ngg_post_thumbnail":0,"footnotes":""},"categories":[1],"tags":[],"class_list":["post-3164","post","type-post","status-publish","format-standard","hentry","category-uncategorized"],"_links":{"self":[{"href":"https:\/\/bibliotekamoscisko.pl\/index.php?rest_route=\/wp\/v2\/posts\/3164","targetHints":{"allow":["GET"]}}],"collection":[{"href":"https:\/\/bibliotekamoscisko.pl\/index.php?rest_route=\/wp\/v2\/posts"}],"about":[{"href":"https:\/\/bibliotekamoscisko.pl\/index.php?rest_route=\/wp\/v2\/types\/post"}],"author":[{"embeddable":true,"href":"https:\/\/bibliotekamoscisko.pl\/index.php?rest_route=\/wp\/v2\/users\/1"}],"replies":[{"embeddable":true,"href":"https:\/\/bibliotekamoscisko.pl\/index.php?rest_route=%2Fwp%2Fv2%2Fcomments&post=3164"}],"version-history":[{"count":1,"href":"https:\/\/bibliotekamoscisko.pl\/index.php?rest_route=\/wp\/v2\/posts\/3164\/revisions"}],"predecessor-version":[{"id":3166,"href":"https:\/\/bibliotekamoscisko.pl\/index.php?rest_route=\/wp\/v2\/posts\/3164\/revisions\/3166"}],"wp:attachment":[{"href":"https:\/\/bibliotekamoscisko.pl\/index.php?rest_route=%2Fwp%2Fv2%2Fmedia&parent=3164"}],"wp:term":[{"taxonomy":"category","embeddable":true,"href":"https:\/\/bibliotekamoscisko.pl\/index.php?rest_route=%2Fwp%2Fv2%2Fcategories&post=3164"},{"taxonomy":"post_tag","embeddable":true,"href":"https:\/\/bibliotekamoscisko.pl\/index.php?rest_route=%2Fwp%2Fv2%2Ftags&post=3164"}],"curies":[{"name":"wp","href":"https:\/\/api.w.org\/{rel}","templated":true}]}}