{"id":3167,"date":"2016-04-16T10:46:03","date_gmt":"2016-04-16T10:46:03","guid":{"rendered":"http:\/\/bibliotekamoscisko.pl\/?p=3167"},"modified":"2016-04-16T10:46:03","modified_gmt":"2016-04-16T10:46:03","slug":"mala-wielkanoc-w-pilawie-dolnej","status":"publish","type":"post","link":"https:\/\/bibliotekamoscisko.pl\/?p=3167","title":{"rendered":"\u201eMa\u0142a Wielkanoc\u201d w Pi\u0142awie Dolnej"},"content":{"rendered":"<p>W niedzielne popo\u0142udnie 10 kwietnia 2016 r. w sali wiejskiej w Pi\u0142awie Dolnej by\u0142o gwarno, weso\u0142o i kolorowo, a to za spraw\u0105 spotkania kulturalno\u2013integracyjnego p.n. \u201eMa\u0142a Wielkanoc\u201d, kt\u00f3rego gospodarzami byli cz\u0142onkowie Stowarzyszenia Przyjaci\u00f3\u0142 Pojany i Zespo\u0142u G\u00f3rali Czadeckich \u201ePOJANA\u201d. Na wz\u00f3r staropolskiej tradycji, kiedy to tydzie\u0144 po Wielkanocy spotykali si\u0119 s\u0105siedzi i znajomi, by wsp\u00f3lnie \u015bwi\u0119towa\u0107,\u00a0 w ramach zadania publicznego pod tym samym tytu\u0142em, dotowanego ze \u015brodk\u00f3w Urz\u0119du Gminy Dzier\u017coni\u00f3w mieszka\u0144cy wsi i przybyli go\u015bcie mieli okazj\u0119 prze\u017cy\u0107 wspania\u0142e chwile w niezwyk\u0142ej \u015bwi\u0105tecznej atmosferze. Uroczysto\u015b\u0107 swoj\u0105 obecno\u015bci\u0105 zaszczycili W\u00f3jt Gminy Marek Chmielewski z ma\u0142\u017conk\u0105, so\u0142tys Adam Bulek, Radni Pi\u0142awy Dolnej oraz przedstawiciele medi\u00f3w lokalnych: Tygodnika Dzier\u017coniowskiego i Radia Zet Gold.<\/p>\n<p>W trakcie spotkania w pi\u0119knych programach artystycznych zaprezentowa\u0142y si\u0119 lokalne zespo\u0142y: M\u0119ski Zesp\u00f3\u0142 \u015apiewaczy CORD. Ch\u00f3r Kameralny CON MOTO i Zesp\u00f3\u0142 G\u00f3rali Czadeckich \u201ePOJANA\u201d, kt\u00f3ry przybli\u017cy\u0142 obecnym swoje bogate dziedzictwo kulturowe. Tradycje karnawa\u0142owe, zako\u0144czone najstarszym utworem obrz\u0119dowym \u201eSio\u0142a Jelinia\u201d , wielkopostne: \u201ePo Moju\u201d, \u201eSucha rybka\u201d oraz bogate w r\u00f3\u017cnorodno\u015b\u0107 tradycje\u00a0 wielkanocne z suto zastawionym sto\u0142em z regionalnymi potrawami: m.in. \u201epaskami\u201d czyli babami dro\u017cd\u017cowymi z rodzynkami, mazurkami, koszem ze \u015bwi\u0119conk\u0105, jajami w sosie chrzanowym,\u00a0 swojskimi wyrobami: szynk\u0105, kie\u0142bas\u0105, pasztetami, i innymi pyszno\u015bciami, kt\u00f3rymi delektowali si\u0119 wszyscy obecni. Nie mog\u0142o zabrakn\u0105\u0107 kolorowych pisanek, zdobionych pszczelim woskiem, barank\u00f3w z ciasta oraz pi\u0119knych palm wielkanocnych.<\/p>\n<p>Wa\u017cnym punktem wielkanocnego \u015bwi\u0119towania by\u0142a wystawa prac r\u0119kodzie\u0142a ludowego i artystycznego, autorstwa Anny Kucharek, Antoniny Maci\u0105tek i Doroty Chmielewskiej. Mo\u017cna by\u0142o nie tylko podziwia\u0107 przepi\u0119kne wyroby lokalnej tw\u00f3rczo\u015bci, ale r\u00f3wnie\u017c zapozna\u0107 si\u0119 z technik\u0105 ich powstawania.<\/p>\n<div id='gallery-1' class='gallery galleryid-3167 gallery-columns-3 gallery-size-thumbnail'><figure class='gallery-item'>\n\t\t\t<div class='gallery-icon landscape'>\n\t\t\t\t<a href='https:\/\/bibliotekamoscisko.pl\/?attachment_id=3168'><img decoding=\"async\" width=\"150\" height=\"150\" src=\"https:\/\/bibliotekamoscisko.pl\/wp-content\/uploads\/2016\/04\/100_4507-150x150.jpeg\" class=\"attachment-thumbnail size-thumbnail\" alt=\"\" srcset=\"https:\/\/bibliotekamoscisko.pl\/wp-content\/uploads\/2016\/04\/100_4507-150x150.jpeg 150w, https:\/\/bibliotekamoscisko.pl\/wp-content\/uploads\/2016\/04\/100_4507-1x1.jpeg 1w\" sizes=\"(max-width: 150px) 100vw, 150px\" \/><\/a>\n\t\t\t<\/div><\/figure><figure class='gallery-item'>\n\t\t\t<div class='gallery-icon landscape'>\n\t\t\t\t<a href='https:\/\/bibliotekamoscisko.pl\/?attachment_id=3169'><img decoding=\"async\" width=\"150\" height=\"150\" src=\"https:\/\/bibliotekamoscisko.pl\/wp-content\/uploads\/2016\/04\/100_4518-150x150.jpeg\" class=\"attachment-thumbnail size-thumbnail\" alt=\"\" srcset=\"https:\/\/bibliotekamoscisko.pl\/wp-content\/uploads\/2016\/04\/100_4518-150x150.jpeg 150w, https:\/\/bibliotekamoscisko.pl\/wp-content\/uploads\/2016\/04\/100_4518-1x1.jpeg 1w\" sizes=\"(max-width: 150px) 100vw, 150px\" \/><\/a>\n\t\t\t<\/div><\/figure><figure class='gallery-item'>\n\t\t\t<div class='gallery-icon landscape'>\n\t\t\t\t<a href='https:\/\/bibliotekamoscisko.pl\/?attachment_id=3170'><img decoding=\"async\" width=\"150\" height=\"150\" src=\"https:\/\/bibliotekamoscisko.pl\/wp-content\/uploads\/2016\/04\/100_4529-150x150.jpeg\" class=\"attachment-thumbnail size-thumbnail\" alt=\"\" srcset=\"https:\/\/bibliotekamoscisko.pl\/wp-content\/uploads\/2016\/04\/100_4529-150x150.jpeg 150w, https:\/\/bibliotekamoscisko.pl\/wp-content\/uploads\/2016\/04\/100_4529-2x1.jpeg 2w\" sizes=\"(max-width: 150px) 100vw, 150px\" \/><\/a>\n\t\t\t<\/div><\/figure><figure class='gallery-item'>\n\t\t\t<div class='gallery-icon landscape'>\n\t\t\t\t<a href='https:\/\/bibliotekamoscisko.pl\/?attachment_id=3171'><img loading=\"lazy\" decoding=\"async\" width=\"150\" height=\"150\" src=\"https:\/\/bibliotekamoscisko.pl\/wp-content\/uploads\/2016\/04\/100_4530-150x150.jpeg\" class=\"attachment-thumbnail size-thumbnail\" alt=\"\" srcset=\"https:\/\/bibliotekamoscisko.pl\/wp-content\/uploads\/2016\/04\/100_4530-150x150.jpeg 150w, https:\/\/bibliotekamoscisko.pl\/wp-content\/uploads\/2016\/04\/100_4530-2x1.jpeg 2w\" sizes=\"(max-width: 150px) 100vw, 150px\" \/><\/a>\n\t\t\t<\/div><\/figure><figure class='gallery-item'>\n\t\t\t<div class='gallery-icon landscape'>\n\t\t\t\t<a href='https:\/\/bibliotekamoscisko.pl\/?attachment_id=3172'><img loading=\"lazy\" decoding=\"async\" width=\"150\" height=\"150\" src=\"https:\/\/bibliotekamoscisko.pl\/wp-content\/uploads\/2016\/04\/100_4531-150x150.jpeg\" class=\"attachment-thumbnail size-thumbnail\" alt=\"\" srcset=\"https:\/\/bibliotekamoscisko.pl\/wp-content\/uploads\/2016\/04\/100_4531-150x150.jpeg 150w, https:\/\/bibliotekamoscisko.pl\/wp-content\/uploads\/2016\/04\/100_4531-2x1.jpeg 2w\" sizes=\"(max-width: 150px) 100vw, 150px\" \/><\/a>\n\t\t\t<\/div><\/figure><figure class='gallery-item'>\n\t\t\t<div class='gallery-icon landscape'>\n\t\t\t\t<a href='https:\/\/bibliotekamoscisko.pl\/?attachment_id=3173'><img loading=\"lazy\" decoding=\"async\" width=\"150\" height=\"150\" src=\"https:\/\/bibliotekamoscisko.pl\/wp-content\/uploads\/2016\/04\/100_4534-150x150.jpeg\" class=\"attachment-thumbnail size-thumbnail\" alt=\"\" srcset=\"https:\/\/bibliotekamoscisko.pl\/wp-content\/uploads\/2016\/04\/100_4534-150x150.jpeg 150w, https:\/\/bibliotekamoscisko.pl\/wp-content\/uploads\/2016\/04\/100_4534-2x1.jpeg 2w\" sizes=\"(max-width: 150px) 100vw, 150px\" \/><\/a>\n\t\t\t<\/div><\/figure><figure class='gallery-item'>\n\t\t\t<div class='gallery-icon landscape'>\n\t\t\t\t<a href='https:\/\/bibliotekamoscisko.pl\/?attachment_id=3174'><img loading=\"lazy\" decoding=\"async\" width=\"150\" height=\"150\" src=\"https:\/\/bibliotekamoscisko.pl\/wp-content\/uploads\/2016\/04\/100_4535-150x150.jpeg\" class=\"attachment-thumbnail size-thumbnail\" alt=\"\" srcset=\"https:\/\/bibliotekamoscisko.pl\/wp-content\/uploads\/2016\/04\/100_4535-150x150.jpeg 150w, https:\/\/bibliotekamoscisko.pl\/wp-content\/uploads\/2016\/04\/100_4535-2x1.jpeg 2w\" sizes=\"(max-width: 150px) 100vw, 150px\" \/><\/a>\n\t\t\t<\/div><\/figure><figure class='gallery-item'>\n\t\t\t<div class='gallery-icon landscape'>\n\t\t\t\t<a href='https:\/\/bibliotekamoscisko.pl\/?attachment_id=3175'><img loading=\"lazy\" decoding=\"async\" width=\"150\" height=\"150\" src=\"https:\/\/bibliotekamoscisko.pl\/wp-content\/uploads\/2016\/04\/100_4537-150x150.jpeg\" class=\"attachment-thumbnail size-thumbnail\" alt=\"\" srcset=\"https:\/\/bibliotekamoscisko.pl\/wp-content\/uploads\/2016\/04\/100_4537-150x150.jpeg 150w, https:\/\/bibliotekamoscisko.pl\/wp-content\/uploads\/2016\/04\/100_4537-2x1.jpeg 2w\" sizes=\"(max-width: 150px) 100vw, 150px\" \/><\/a>\n\t\t\t<\/div><\/figure><figure class='gallery-item'>\n\t\t\t<div class='gallery-icon landscape'>\n\t\t\t\t<a href='https:\/\/bibliotekamoscisko.pl\/?attachment_id=3176'><img loading=\"lazy\" decoding=\"async\" width=\"150\" height=\"150\" src=\"https:\/\/bibliotekamoscisko.pl\/wp-content\/uploads\/2016\/04\/100_4540-150x150.jpeg\" class=\"attachment-thumbnail size-thumbnail\" alt=\"\" srcset=\"https:\/\/bibliotekamoscisko.pl\/wp-content\/uploads\/2016\/04\/100_4540-150x150.jpeg 150w, https:\/\/bibliotekamoscisko.pl\/wp-content\/uploads\/2016\/04\/100_4540-2x1.jpeg 2w\" sizes=\"(max-width: 150px) 100vw, 150px\" \/><\/a>\n\t\t\t<\/div><\/figure>\n\t\t<\/div>\n\n<p>Du\u017cym zainteresowaniem cieszy\u0142y si\u0119 te\u017c warsztaty plastyczno-techniczne pod czujnym okiem Pani Edyty Kargul. Ch\u0119tnie bra\u0142y w nich udzia\u0142 dzieci, ale ka\u017cdy m\u00f3g\u0142 spr\u00f3bowa\u0107 odkry\u0107 w sobie\u00a0 tw\u00f3rczy talent. Dzi\u0119ki pracom prezentowanym na wystawie oraz wszystkim powsta\u0142ym podczas trwania spotkania na sali by\u0142o kolorowo, rado\u015bnie i wiosennie, a wykonane w\u0142asnor\u0119cznie przedmioty by\u0142y jednocze\u015bnie pami\u0105tk\u0105 \u015bwi\u0105tecznego spotkania.<\/p>\n<p>Atmosfera by\u0142a tak wspania\u0142a i przyjazna, \u017ce szybko przeobrazi\u0142a si\u0119 we wsp\u00f3ln\u0105 biesiad\u0119, a co odwa\u017cniejszych nak\u0142oni\u0142a do solowych prezentacji wokalnych\u00a0 i recytatorskich.\u00a0 Czas w mi\u0142ym towarzystwie szybko up\u0142yn\u0105\u0142, podzi\u0119kowaniom nie by\u0142o ko\u0144ca i pad\u0142y obietnice zorganizowania \u201eMa\u0142ej Wielkanocy\u201d w nast\u0119pnych latach.<\/p>\n<p>Dzi\u0119kuj\u0119 tym, kt\u00f3rzy ch\u0119tnie zaanga\u017cowali si\u0119 w organizacj\u0119 tego przedsi\u0119wzi\u0119cia, autorkom wystawy i warsztat\u00f3w, cz\u0142onkom Stowarzyszenia Pi\u0142awa Dolna, a szczeg\u00f3lnie wszystkim obecnym za skorzystanie z zaproszenia i tym samym okazanie, \u017ce wysi\u0142ek wielu os\u00f3b nie poszed\u0142 na marne.<\/p>\n<p>Licz\u0119, i\u017c na d\u0142ugo pozostanie w pami\u0119ci ten mi\u0142o sp\u0119dzony czas, a ju\u017c dzi\u015b zapraszam mieszka\u0144c\u00f3w Pi\u0142awy Dolnej na spotkanie z okazji \u015awi\u0119ta Niepodleg\u0142o\u015bci po\u0142\u0105czone z 70-t\u0105 rocznic\u0105 osadnictwa na Ziemiach Odzyskanych, kt\u00f3re realizowane b\u0119dzie 11 listopada w sali wiejskiej, w ramach zadania publicznego p.n. \u201eNie obcy\u015b my na ziemi tej\u201d.<\/p>\n<p><em>B.\u017b.<\/em><\/p>\n","protected":false},"excerpt":{"rendered":"<p>W niedzielne popo\u0142udnie 10 kwietnia 2016 r. w sali wiejskiej w Pi\u0142awie Dolnej by\u0142o gwarno, weso\u0142o i kolorowo, a to za spraw\u0105 spotkania kulturalno\u2013integracyjnego p.n. \u201eMa\u0142a Wielkanoc\u201d, kt\u00f3rego gospodarzami byli [&hellip;]<\/p>\n","protected":false},"author":1,"featured_media":0,"comment_status":"closed","ping_status":"open","sticky":false,"template":"","format":"standard","meta":{"ngg_post_thumbnail":0,"footnotes":""},"categories":[1],"tags":[],"class_list":["post-3167","post","type-post","status-publish","format-standard","hentry","category-uncategorized"],"_links":{"self":[{"href":"https:\/\/bibliotekamoscisko.pl\/index.php?rest_route=\/wp\/v2\/posts\/3167","targetHints":{"allow":["GET"]}}],"collection":[{"href":"https:\/\/bibliotekamoscisko.pl\/index.php?rest_route=\/wp\/v2\/posts"}],"about":[{"href":"https:\/\/bibliotekamoscisko.pl\/index.php?rest_route=\/wp\/v2\/types\/post"}],"author":[{"embeddable":true,"href":"https:\/\/bibliotekamoscisko.pl\/index.php?rest_route=\/wp\/v2\/users\/1"}],"replies":[{"embeddable":true,"href":"https:\/\/bibliotekamoscisko.pl\/index.php?rest_route=%2Fwp%2Fv2%2Fcomments&post=3167"}],"version-history":[{"count":1,"href":"https:\/\/bibliotekamoscisko.pl\/index.php?rest_route=\/wp\/v2\/posts\/3167\/revisions"}],"predecessor-version":[{"id":3177,"href":"https:\/\/bibliotekamoscisko.pl\/index.php?rest_route=\/wp\/v2\/posts\/3167\/revisions\/3177"}],"wp:attachment":[{"href":"https:\/\/bibliotekamoscisko.pl\/index.php?rest_route=%2Fwp%2Fv2%2Fmedia&parent=3167"}],"wp:term":[{"taxonomy":"category","embeddable":true,"href":"https:\/\/bibliotekamoscisko.pl\/index.php?rest_route=%2Fwp%2Fv2%2Fcategories&post=3167"},{"taxonomy":"post_tag","embeddable":true,"href":"https:\/\/bibliotekamoscisko.pl\/index.php?rest_route=%2Fwp%2Fv2%2Ftags&post=3167"}],"curies":[{"name":"wp","href":"https:\/\/api.w.org\/{rel}","templated":true}]}}