{"id":3230,"date":"2016-04-26T08:01:48","date_gmt":"2016-04-26T08:01:48","guid":{"rendered":"http:\/\/bibliotekamoscisko.pl\/?p=3230"},"modified":"2016-04-26T08:01:48","modified_gmt":"2016-04-26T08:01:48","slug":"w-samo-poludnie-ii-gminne-obchody-dnia-flagi-rzeczypospolitej","status":"publish","type":"post","link":"https:\/\/bibliotekamoscisko.pl\/?p=3230","title":{"rendered":"W samo po\u0142udnie &#8211; II Gminne obchody Dnia Flagi Rzeczypospolitej."},"content":{"rendered":"<div dir=\"ltr\">\n<div>\n<div dir=\"ltr\">\n<p style=\"text-align: left;\" align=\"center\"><strong>\u201eW samo po\u0142udnie\u201d <\/strong>\u2026 wspaniali kowboje i kowbojki na mechanicznych koniach, mecz, maj\u00f3wka, kowbojskie ta\u0144ce na dniu flagi&#8230;<br \/>\nWie\u015b\u0107 Gminna niesie, i\u017c 2 maja 2016 r. Salonik Kobiet Ambitnych, dzia\u0142aj\u0105cy przy biliotece w Ostroszowicach organizuje II Gminne obchody Dnia Flagi Rzeczypospolitej.<br \/>\nWyposa\u017ceni we flagi i stroje, kwiaty, wianki, szaliki, kokardki, wst\u0105\u017cki i inne dodatki w barwach narodowych spotykamy si\u0119 o godzinie 12:00 przed Wiejskim O\u015brodkiem Kultury w Ostroszowicach gdzie uroczy\u015bcie rozpoczniemy obchody Dnia Flagi Rzeczypospolitej. Hymn, uroczysty polonez i koncert to cz\u0119\u015b\u0107 oficjalna wydarzenia. W ramach integracji na boisku Zespo\u0142u Szkolno -Przedszkolengo w Ostroszowicach zostan\u0105 rozegrane \u00a0mecze unihokeja pomi\u0119dzy dzie\u0107mi z Ostroszowic a go\u015b\u0107mi ze Stowarzyszenia Stru\u015b Bikers oraz mieszka\u0144cami Ostroszowic. \u00a0\u00a0<a href=\"http:\/\/bibliotekamoscisko.pl\/wp-content\/uploads\/2016\/04\/zaproszenie-Dzie\u0144-Flagi.jpg\" rel=\"attachment wp-att-3231\"><img fetchpriority=\"high\" decoding=\"async\" class=\"alignright size-medium wp-image-3231\" src=\"http:\/\/bibliotekamoscisko.pl\/wp-content\/uploads\/2016\/04\/zaproszenie-Dzie\u0144-Flagi-213x300.jpg\" alt=\"zaproszenie Dzie\u0144 Flagi\" width=\"213\" height=\"300\" srcset=\"https:\/\/bibliotekamoscisko.pl\/wp-content\/uploads\/2016\/04\/zaproszenie-Dzie\u0144-Flagi-213x300.jpg 213w, https:\/\/bibliotekamoscisko.pl\/wp-content\/uploads\/2016\/04\/zaproszenie-Dzie\u0144-Flagi-768x1082.jpg 768w, https:\/\/bibliotekamoscisko.pl\/wp-content\/uploads\/2016\/04\/zaproszenie-Dzie\u0144-Flagi-727x1024.jpg 727w, https:\/\/bibliotekamoscisko.pl\/wp-content\/uploads\/2016\/04\/zaproszenie-Dzie\u0144-Flagi-1x1.jpg 1w\" sizes=\"(max-width: 213px) 100vw, 213px\" \/><\/a><\/p>\n<p style=\"text-align: left;\" align=\"center\">Po rozegranych meczach i wr\u0119czeniu nagr\u00f3d jedno\u015bladowy korow\u00f3d koni mechanicznych wraz z przedstawicielami Urz\u0119du Gminy w eskorcie stra\u017cak\u00f3w z OSP Ostroszowice i Pana Zbyszka S\u0142ugockiego przejedzie okoliczne wsie tr\u0105bi\u0105c i zach\u0119caj\u0105c mieszka\u0144c\u00f3w do wywieszenia flag na swoich domach, posesjach, blokach. W trakcie samego przejazdu mieszka\u0144com b\u0119d\u0105 wr\u0119czane flagi narodowe. II Gminne obchody og\u00f3lnopolskiego Dnia Flagi Rzeczypospolitej Polskiej pod nazw\u0105 \u201eW samo po\u0142udnie\u201d ma na celu pobudzenie aktywno\u015bci w\u015br\u00f3d mieszka\u0144c\u00f3w spo\u0142eczno\u015bci lokalnej, podtrzymywanie i upowszechnianie tradycji narodowych oraz zach\u0119cenie do uzewn\u0119trzniania patriotycznych uczu\u0107 i zachowa\u0144. Ponadto to wspania\u0142y spos\u00f3b na pokazanie spo\u0142eczno\u015bci lokalnej jak wa\u017cne jest podejmowanie wsp\u00f3lnych dzia\u0142a\u0144.<br \/>\nPo uroczystej paradzie wszyscy spotykamy si\u0119 na pikniku na <strong>Wyspie Koni<\/strong> w klimacie <strong>KOCHAM CI\u0118 POLSKO<\/strong> Tu zabaw\u0119 uatrakcyjni i przygrywa\u0107 b\u0119dzie Rodzinny Zesp\u00f3\u0142 \u201eNovaki\u201d z Ostroszowic. Zadaniem inicjatywy jest wsp\u00f3lna zabawa, mi\u0119dzypokoleniowa integracja, promowanie aktywnego sp\u0119dzania wolnego czasu oraz pokazanie pi\u0119kna Gminy Dzier\u017coni\u00f3w zaproszonym go\u015bciom.<\/p>\n<p style=\"text-align: left;\" align=\"center\">W tym roku do udzia\u0142u zaproszenie przyj\u0119\u0142o Stowarzyszenie Motocyklowe Stru\u015b Bikers oraz Stowarzyszeniem SGM Strzelin. Zaproszenie do parady i uczestniczenia w II Gminnych obchodach Dnia Flagi Rzeczypospolitej kierujemy r\u00f3wnie\u017c do mi\u0142o\u015bnik\u00f3w motocykli z ca\u0142ego naszego terenu. W\u0142\u0105czcie si\u0119 do korowodu i wsp\u00f3lnie zamanifestujmy jak wa\u017cne jest dla nas to \u015bwi\u0119towanie.<\/p>\n<p style=\"text-align: left;\" align=\"center\">Impreza nie mia\u0142aby takiego rozmachu gdyby nie pomoc Urz\u0119du Gminy Dzier\u017coni\u00f3w, przedstawicieli Rady So\u0142eckiej z Ostroszowic, stra\u017cak\u00f3w OSP Ostroszowice, Pani Dyrektor Zespo\u0142u Szkolno-Przedszkolnego z Ostroszowic, Biblioteki w Ostroszowicach, ch\u00f3ru ludowego MACIEJE, w\u0142a\u015bcicieli Wyspy Koni Ostroszowice, Prezesa Stowarzyszenia Przyjaci\u00f3\u0142 G\u00f3r Sowich w Ostroszowicach, proboszcza parafii \u015bw. Jadwigi w Ostroszowicach, so\u0142tys\u00f3w My\u015bliszowa, Owiesna i Jod\u0142ownika wraz z Radami So\u0142eckimi tych wsi\u00a0 i wielu, \u00a0wielu sponsor\u00f3w kt\u00f3rym ju\u017c dzi\u015b dzi\u0119kujemy za wsparcie.<strong>\u00a0<\/strong><\/p>\n<\/div>\n<\/div>\n<\/div>\n<div><\/div>\n","protected":false},"excerpt":{"rendered":"<p>\u201eW samo po\u0142udnie\u201d \u2026 wspaniali kowboje i kowbojki na mechanicznych koniach, mecz, maj\u00f3wka, kowbojskie ta\u0144ce na dniu flagi&#8230; Wie\u015b\u0107 Gminna niesie, i\u017c 2 maja 2016 r. Salonik Kobiet Ambitnych, dzia\u0142aj\u0105cy [&hellip;]<\/p>\n","protected":false},"author":1,"featured_media":0,"comment_status":"closed","ping_status":"open","sticky":false,"template":"","format":"standard","meta":{"ngg_post_thumbnail":0,"footnotes":""},"categories":[1],"tags":[],"class_list":["post-3230","post","type-post","status-publish","format-standard","hentry","category-uncategorized"],"_links":{"self":[{"href":"https:\/\/bibliotekamoscisko.pl\/index.php?rest_route=\/wp\/v2\/posts\/3230","targetHints":{"allow":["GET"]}}],"collection":[{"href":"https:\/\/bibliotekamoscisko.pl\/index.php?rest_route=\/wp\/v2\/posts"}],"about":[{"href":"https:\/\/bibliotekamoscisko.pl\/index.php?rest_route=\/wp\/v2\/types\/post"}],"author":[{"embeddable":true,"href":"https:\/\/bibliotekamoscisko.pl\/index.php?rest_route=\/wp\/v2\/users\/1"}],"replies":[{"embeddable":true,"href":"https:\/\/bibliotekamoscisko.pl\/index.php?rest_route=%2Fwp%2Fv2%2Fcomments&post=3230"}],"version-history":[{"count":1,"href":"https:\/\/bibliotekamoscisko.pl\/index.php?rest_route=\/wp\/v2\/posts\/3230\/revisions"}],"predecessor-version":[{"id":3232,"href":"https:\/\/bibliotekamoscisko.pl\/index.php?rest_route=\/wp\/v2\/posts\/3230\/revisions\/3232"}],"wp:attachment":[{"href":"https:\/\/bibliotekamoscisko.pl\/index.php?rest_route=%2Fwp%2Fv2%2Fmedia&parent=3230"}],"wp:term":[{"taxonomy":"category","embeddable":true,"href":"https:\/\/bibliotekamoscisko.pl\/index.php?rest_route=%2Fwp%2Fv2%2Fcategories&post=3230"},{"taxonomy":"post_tag","embeddable":true,"href":"https:\/\/bibliotekamoscisko.pl\/index.php?rest_route=%2Fwp%2Fv2%2Ftags&post=3230"}],"curies":[{"name":"wp","href":"https:\/\/api.w.org\/{rel}","templated":true}]}}