{"id":3255,"date":"2016-04-28T07:17:23","date_gmt":"2016-04-28T07:17:23","guid":{"rendered":"http:\/\/bibliotekamoscisko.pl\/?p=3255"},"modified":"2016-04-28T07:17:23","modified_gmt":"2016-04-28T07:17:23","slug":"porozmawiajmy-o-janie-pawle-ii","status":"publish","type":"post","link":"https:\/\/bibliotekamoscisko.pl\/?p=3255","title":{"rendered":"Porozmawiajmy o Janie Pawle II"},"content":{"rendered":"<p><em>&#8222;Cz\u0142owiek jest wielki nie przez to, co posiada, lecz przez to kim jest; nie przez to, co ma, lecz przez to, czym dzieli si\u0119 z innymi&#8221;.<\/em>\u00a0 \u00a0 \u00a0 \u00a0 \u00a0 \u00a0 \u00a0 \u00a0 \u00a0 \u00a0 \u00a0 \u00a0 \u00a0 \u00a0 \u00a0 \u00a0 \u00a0 \u00a0 \u00a0 \u00a0 \u00a0 \u00a0 \u00a0 \u00a0 \u00a0 \u00a0 \u00a0 \u00a0 \u00a0 \u00a0 \u00a0 \u00a0 Jan Pawe\u0142 II \/ cyt.\/<\/p>\n<p>26 kwietnia\u00a0Bibliotek\u0119 w Pi\u0142awie Dolnej, odwiedzi\u0142a klasa V ze Szko\u0142y Podstawowej im. Kornela Makuszy\u0144skiego, aby porozmawia\u0107 i przypomnie\u0107 sobie posta\u0107 wielkiego Polaka Jana Paw\u0142a II. Okazj\u0105 do naszego spotkania by\u0142a data 27. 04. 2014 r., kiedy to papie\u017c\u00a0Franciszek I, kanonizowa\u0142 naszego rodaka Jana Paw\u0142a II na \u015bwi\u0119tego. By\u0142o nam mi\u0142o go\u015bci\u0107 pani\u0105 dyrektor ZSP w Pi\u0142awie Dolnej &#8211; Ma\u0142gorzat\u0119 Siwiec. Spotkanie poprowadzi\u0142a pani katechetka El\u017cbieta Lis, kt\u00f3ra w spos\u00f3b przyst\u0119pny i urozmaicony opowiada\u0142a o papie\u017cu. Na spotkaniu pojawi\u0142a si\u0119 posta\u0107 Jana Paw\u0142a II, w kt\u00f3r\u0105 wcieli\u0142 si\u0119 ucze\u0144 klasy II Wojtek Turowski. By\u0142y te\u017c quizy i us\u0142yszeli\u015bmy s\u0142owa papie\u017ca \\ nagranie p\u0142ytowe\\. Dzieci m\u00f3wi\u0142y o papie\u017cu &#8211; pielgrzymie, a oto niekt\u00f3re refleksje na temat naszego bohatera:<\/p>\n<p>&#8211; \u201eTo cz\u0142owiek, kt\u00f3ry kocha\u0142 Polsk\u0119 i t\u0119skni\u0142 za Ni\u0105. Szanowa\u0142, kocha\u0142 wszystkich ludzi,\u00a0pok\u0142ada\u0142 nadziej\u0119 w dzieciach, m\u0142odzie\u017cy. Rozmawia\u0142 i s\u0142ucha\u0142 ludzi. Lubi\u0142 gra\u0107 w pi\u0142k\u0119. Mi\u0142o\u015b\u0107 do ojczyzny stara\u0142 si\u0119 zaszczepi\u0107 m\u0142odzie\u017cy chocia\u017cby przez w\u0119dr\u00f3wki po g\u00f3rach, na sp\u0142ywach kajakowych. Pragn\u0105\u0142, by na \u015bwiecie panowa\u0142 pok\u00f3j.<\/p>\n<div id='gallery-1' class='gallery galleryid-3255 gallery-columns-3 gallery-size-thumbnail'><figure class='gallery-item'>\n\t\t\t<div class='gallery-icon landscape'>\n\t\t\t\t<a href='https:\/\/bibliotekamoscisko.pl\/?attachment_id=3256'><img decoding=\"async\" width=\"150\" height=\"150\" src=\"https:\/\/bibliotekamoscisko.pl\/wp-content\/uploads\/2016\/04\/IMG_3204-150x150.jpg\" class=\"attachment-thumbnail size-thumbnail\" alt=\"\" srcset=\"https:\/\/bibliotekamoscisko.pl\/wp-content\/uploads\/2016\/04\/IMG_3204-150x150.jpg 150w, https:\/\/bibliotekamoscisko.pl\/wp-content\/uploads\/2016\/04\/IMG_3204-1x1.jpg 1w\" sizes=\"(max-width: 150px) 100vw, 150px\" \/><\/a>\n\t\t\t<\/div><\/figure><figure class='gallery-item'>\n\t\t\t<div class='gallery-icon portrait'>\n\t\t\t\t<a href='https:\/\/bibliotekamoscisko.pl\/?attachment_id=3257'><img decoding=\"async\" width=\"150\" height=\"150\" src=\"https:\/\/bibliotekamoscisko.pl\/wp-content\/uploads\/2016\/04\/IMG_3206-150x150.jpg\" class=\"attachment-thumbnail size-thumbnail\" alt=\"\" srcset=\"https:\/\/bibliotekamoscisko.pl\/wp-content\/uploads\/2016\/04\/IMG_3206-150x150.jpg 150w, https:\/\/bibliotekamoscisko.pl\/wp-content\/uploads\/2016\/04\/IMG_3206-1x1.jpg 1w\" sizes=\"(max-width: 150px) 100vw, 150px\" \/><\/a>\n\t\t\t<\/div><\/figure><figure class='gallery-item'>\n\t\t\t<div class='gallery-icon portrait'>\n\t\t\t\t<a href='https:\/\/bibliotekamoscisko.pl\/?attachment_id=3258'><img decoding=\"async\" width=\"150\" height=\"150\" src=\"https:\/\/bibliotekamoscisko.pl\/wp-content\/uploads\/2016\/04\/IMG_3212-150x150.jpg\" class=\"attachment-thumbnail size-thumbnail\" alt=\"\" srcset=\"https:\/\/bibliotekamoscisko.pl\/wp-content\/uploads\/2016\/04\/IMG_3212-150x150.jpg 150w, https:\/\/bibliotekamoscisko.pl\/wp-content\/uploads\/2016\/04\/IMG_3212-1x1.jpg 1w\" sizes=\"(max-width: 150px) 100vw, 150px\" \/><\/a>\n\t\t\t<\/div><\/figure><figure class='gallery-item'>\n\t\t\t<div class='gallery-icon landscape'>\n\t\t\t\t<a href='https:\/\/bibliotekamoscisko.pl\/?attachment_id=3259'><img loading=\"lazy\" decoding=\"async\" width=\"150\" height=\"150\" src=\"https:\/\/bibliotekamoscisko.pl\/wp-content\/uploads\/2016\/04\/IMG_3221-150x150.jpg\" class=\"attachment-thumbnail size-thumbnail\" alt=\"\" srcset=\"https:\/\/bibliotekamoscisko.pl\/wp-content\/uploads\/2016\/04\/IMG_3221-150x150.jpg 150w, https:\/\/bibliotekamoscisko.pl\/wp-content\/uploads\/2016\/04\/IMG_3221-1x1.jpg 1w\" sizes=\"(max-width: 150px) 100vw, 150px\" \/><\/a>\n\t\t\t<\/div><\/figure><figure class='gallery-item'>\n\t\t\t<div class='gallery-icon landscape'>\n\t\t\t\t<a href='https:\/\/bibliotekamoscisko.pl\/?attachment_id=3260'><img loading=\"lazy\" decoding=\"async\" width=\"150\" height=\"150\" src=\"https:\/\/bibliotekamoscisko.pl\/wp-content\/uploads\/2016\/04\/IMG_3228-150x150.jpg\" class=\"attachment-thumbnail size-thumbnail\" alt=\"\" srcset=\"https:\/\/bibliotekamoscisko.pl\/wp-content\/uploads\/2016\/04\/IMG_3228-150x150.jpg 150w, https:\/\/bibliotekamoscisko.pl\/wp-content\/uploads\/2016\/04\/IMG_3228-1x1.jpg 1w\" sizes=\"(max-width: 150px) 100vw, 150px\" \/><\/a>\n\t\t\t<\/div><\/figure><figure class='gallery-item'>\n\t\t\t<div class='gallery-icon landscape'>\n\t\t\t\t<a href='https:\/\/bibliotekamoscisko.pl\/?attachment_id=3261'><img loading=\"lazy\" decoding=\"async\" width=\"150\" height=\"150\" src=\"https:\/\/bibliotekamoscisko.pl\/wp-content\/uploads\/2016\/04\/IMG_3231-150x150.jpg\" class=\"attachment-thumbnail size-thumbnail\" alt=\"\" srcset=\"https:\/\/bibliotekamoscisko.pl\/wp-content\/uploads\/2016\/04\/IMG_3231-150x150.jpg 150w, https:\/\/bibliotekamoscisko.pl\/wp-content\/uploads\/2016\/04\/IMG_3231-1x1.jpg 1w\" sizes=\"(max-width: 150px) 100vw, 150px\" \/><\/a>\n\t\t\t<\/div><\/figure>\n\t\t<\/div>\n\n<p>Bardzo dzi\u0119kuje za mi\u0142e spotkanie. Zapraszam ponownie.<\/p>\n<p>Wanda Kun<\/p>\n<p>&nbsp;<\/p>\n<p>&nbsp;<\/p>\n<p>&nbsp;<\/p>\n","protected":false},"excerpt":{"rendered":"<p>&#8222;Cz\u0142owiek jest wielki nie przez to, co posiada, lecz przez to kim jest; nie przez to, co ma, lecz przez to, czym dzieli si\u0119 z innymi&#8221;.\u00a0 \u00a0 \u00a0 \u00a0 \u00a0 [&hellip;]<\/p>\n","protected":false},"author":1,"featured_media":0,"comment_status":"closed","ping_status":"open","sticky":false,"template":"","format":"standard","meta":{"ngg_post_thumbnail":0,"footnotes":""},"categories":[1],"tags":[],"class_list":["post-3255","post","type-post","status-publish","format-standard","hentry","category-uncategorized"],"_links":{"self":[{"href":"https:\/\/bibliotekamoscisko.pl\/index.php?rest_route=\/wp\/v2\/posts\/3255","targetHints":{"allow":["GET"]}}],"collection":[{"href":"https:\/\/bibliotekamoscisko.pl\/index.php?rest_route=\/wp\/v2\/posts"}],"about":[{"href":"https:\/\/bibliotekamoscisko.pl\/index.php?rest_route=\/wp\/v2\/types\/post"}],"author":[{"embeddable":true,"href":"https:\/\/bibliotekamoscisko.pl\/index.php?rest_route=\/wp\/v2\/users\/1"}],"replies":[{"embeddable":true,"href":"https:\/\/bibliotekamoscisko.pl\/index.php?rest_route=%2Fwp%2Fv2%2Fcomments&post=3255"}],"version-history":[{"count":1,"href":"https:\/\/bibliotekamoscisko.pl\/index.php?rest_route=\/wp\/v2\/posts\/3255\/revisions"}],"predecessor-version":[{"id":3262,"href":"https:\/\/bibliotekamoscisko.pl\/index.php?rest_route=\/wp\/v2\/posts\/3255\/revisions\/3262"}],"wp:attachment":[{"href":"https:\/\/bibliotekamoscisko.pl\/index.php?rest_route=%2Fwp%2Fv2%2Fmedia&parent=3255"}],"wp:term":[{"taxonomy":"category","embeddable":true,"href":"https:\/\/bibliotekamoscisko.pl\/index.php?rest_route=%2Fwp%2Fv2%2Fcategories&post=3255"},{"taxonomy":"post_tag","embeddable":true,"href":"https:\/\/bibliotekamoscisko.pl\/index.php?rest_route=%2Fwp%2Fv2%2Ftags&post=3255"}],"curies":[{"name":"wp","href":"https:\/\/api.w.org\/{rel}","templated":true}]}}