{"id":3269,"date":"2016-04-29T12:09:54","date_gmt":"2016-04-29T12:09:54","guid":{"rendered":"http:\/\/bibliotekamoscisko.pl\/?p=3269"},"modified":"2016-04-29T12:09:54","modified_gmt":"2016-04-29T12:09:54","slug":"biel-i-czerwien-w-pilawie-dolnej","status":"publish","type":"post","link":"https:\/\/bibliotekamoscisko.pl\/?p=3269","title":{"rendered":"Biel i czerwie\u0144 w Pi\u0142awie Dolnej"},"content":{"rendered":"<p>W pi\u0142awskiej bibliotece za spraw\u0105 dzieciak\u00f3w z klasy II Szko\u0142y Podstawowej im. K. Makuszy\u0144skiego zago\u015bci\u0142y bia\u0142o-czerwone <a href=\"http:\/\/bibliotekamoscisko.pl\/wp-content\/uploads\/2016\/04\/IMG_3238.jpg\" rel=\"attachment wp-att-3273\"><img decoding=\"async\" class=\"alignright size-thumbnail wp-image-3273\" src=\"http:\/\/bibliotekamoscisko.pl\/wp-content\/uploads\/2016\/04\/IMG_3238-150x150.jpg\" alt=\"IMG_3238\" width=\"150\" height=\"150\" srcset=\"https:\/\/bibliotekamoscisko.pl\/wp-content\/uploads\/2016\/04\/IMG_3238-150x150.jpg 150w, https:\/\/bibliotekamoscisko.pl\/wp-content\/uploads\/2016\/04\/IMG_3238-1x1.jpg 1w\" sizes=\"(max-width: 150px) 100vw, 150px\" \/><\/a>kolory. 2 maja obchodzimy Dzie\u0144 Flagi Rzeczypospolitej Polski , tak wi\u0119c zabrali\u015bmy\u00a0 si\u0119 z zapa\u0142em do pracy, aby samodzielnie przygotowa\u0107 i przynie\u015b\u0107 do dom\u00f3w\u00a0 \u00a0swoj\u0105 flag\u0119. Przypomnieli\u015bmy sobie histori\u0119 naszej pi\u0119knej flagi. Sk\u0105d si\u0119 wzi\u0119\u0142y\u00a0 w og\u00f3le barwy polskiej flagi? Jest to odwzorowanie, znacznie starszego od flag,i naszego herbu, czyli \u00a0Or\u0142a\u00a0 Bia\u0142ego. Bia\u0142y Orze\u0142 na czerwonym tle pe\u0142ni\u0142 rol\u0119 god\u0142a pa\u0144stwowego od czasu koronacji Przemys\u0142awa II w 1295 r. Barwy bia\u0142e i czerwone zosta\u0142y uznane za narodowe po raz pierwszy 3 maja 1792 r. Historia polskiej flagi jest d\u0142uga i ciekawa. Zach\u0119cam do zajrzenia na strony ksi\u0105\u017cek, aby dowiedzie\u0107 si\u0119 o interesuj\u0105cych wydarzeniach zwi\u0105zanych z bia\u0142o-czerwon\u0105 flag\u0105 i\u00a0symbolach narodowych.<\/p>\n<div id='gallery-1' class='gallery galleryid-3269 gallery-columns-3 gallery-size-thumbnail'><figure class='gallery-item'>\n\t\t\t<div class='gallery-icon landscape'>\n\t\t\t\t<a href='https:\/\/bibliotekamoscisko.pl\/?attachment_id=3270'><img decoding=\"async\" width=\"150\" height=\"150\" src=\"https:\/\/bibliotekamoscisko.pl\/wp-content\/uploads\/2016\/04\/IMG_3249-150x150.jpg\" class=\"attachment-thumbnail size-thumbnail\" alt=\"\" srcset=\"https:\/\/bibliotekamoscisko.pl\/wp-content\/uploads\/2016\/04\/IMG_3249-150x150.jpg 150w, https:\/\/bibliotekamoscisko.pl\/wp-content\/uploads\/2016\/04\/IMG_3249-1x1.jpg 1w\" sizes=\"(max-width: 150px) 100vw, 150px\" \/><\/a>\n\t\t\t<\/div><\/figure><figure class='gallery-item'>\n\t\t\t<div class='gallery-icon landscape'>\n\t\t\t\t<a href='https:\/\/bibliotekamoscisko.pl\/?attachment_id=3271'><img decoding=\"async\" width=\"150\" height=\"150\" src=\"https:\/\/bibliotekamoscisko.pl\/wp-content\/uploads\/2016\/04\/IMG_3260-150x150.jpg\" class=\"attachment-thumbnail size-thumbnail\" alt=\"\" srcset=\"https:\/\/bibliotekamoscisko.pl\/wp-content\/uploads\/2016\/04\/IMG_3260-150x150.jpg 150w, https:\/\/bibliotekamoscisko.pl\/wp-content\/uploads\/2016\/04\/IMG_3260-1x1.jpg 1w\" sizes=\"(max-width: 150px) 100vw, 150px\" \/><\/a>\n\t\t\t<\/div><\/figure><figure class='gallery-item'>\n\t\t\t<div class='gallery-icon landscape'>\n\t\t\t\t<a href='https:\/\/bibliotekamoscisko.pl\/?attachment_id=3272'><img loading=\"lazy\" decoding=\"async\" width=\"150\" height=\"150\" src=\"https:\/\/bibliotekamoscisko.pl\/wp-content\/uploads\/2016\/04\/IMG_3267-150x150.jpg\" class=\"attachment-thumbnail size-thumbnail\" alt=\"\" srcset=\"https:\/\/bibliotekamoscisko.pl\/wp-content\/uploads\/2016\/04\/IMG_3267-150x150.jpg 150w, https:\/\/bibliotekamoscisko.pl\/wp-content\/uploads\/2016\/04\/IMG_3267-1x1.jpg 1w\" sizes=\"(max-width: 150px) 100vw, 150px\" \/><\/a>\n\t\t\t<\/div><\/figure>\n\t\t<\/div>\n\n<p>Dzi\u0119kuj\u0119 za pomoc przy realizacji spotkania pani Ewie Soko\u0142owskiej, wychowawczyni\u00a0 klasy II.<\/p>\n<p>Wanda Kun<\/p>\n<p>&nbsp;<\/p>\n","protected":false},"excerpt":{"rendered":"<p>W pi\u0142awskiej bibliotece za spraw\u0105 dzieciak\u00f3w z klasy II Szko\u0142y Podstawowej im. K. Makuszy\u0144skiego zago\u015bci\u0142y bia\u0142o-czerwone kolory. 2 maja obchodzimy Dzie\u0144 Flagi Rzeczypospolitej Polski , tak wi\u0119c zabrali\u015bmy\u00a0 si\u0119 z [&hellip;]<\/p>\n","protected":false},"author":1,"featured_media":0,"comment_status":"closed","ping_status":"open","sticky":false,"template":"","format":"standard","meta":{"ngg_post_thumbnail":0,"footnotes":""},"categories":[1],"tags":[],"class_list":["post-3269","post","type-post","status-publish","format-standard","hentry","category-uncategorized"],"_links":{"self":[{"href":"https:\/\/bibliotekamoscisko.pl\/index.php?rest_route=\/wp\/v2\/posts\/3269","targetHints":{"allow":["GET"]}}],"collection":[{"href":"https:\/\/bibliotekamoscisko.pl\/index.php?rest_route=\/wp\/v2\/posts"}],"about":[{"href":"https:\/\/bibliotekamoscisko.pl\/index.php?rest_route=\/wp\/v2\/types\/post"}],"author":[{"embeddable":true,"href":"https:\/\/bibliotekamoscisko.pl\/index.php?rest_route=\/wp\/v2\/users\/1"}],"replies":[{"embeddable":true,"href":"https:\/\/bibliotekamoscisko.pl\/index.php?rest_route=%2Fwp%2Fv2%2Fcomments&post=3269"}],"version-history":[{"count":1,"href":"https:\/\/bibliotekamoscisko.pl\/index.php?rest_route=\/wp\/v2\/posts\/3269\/revisions"}],"predecessor-version":[{"id":3274,"href":"https:\/\/bibliotekamoscisko.pl\/index.php?rest_route=\/wp\/v2\/posts\/3269\/revisions\/3274"}],"wp:attachment":[{"href":"https:\/\/bibliotekamoscisko.pl\/index.php?rest_route=%2Fwp%2Fv2%2Fmedia&parent=3269"}],"wp:term":[{"taxonomy":"category","embeddable":true,"href":"https:\/\/bibliotekamoscisko.pl\/index.php?rest_route=%2Fwp%2Fv2%2Fcategories&post=3269"},{"taxonomy":"post_tag","embeddable":true,"href":"https:\/\/bibliotekamoscisko.pl\/index.php?rest_route=%2Fwp%2Fv2%2Ftags&post=3269"}],"curies":[{"name":"wp","href":"https:\/\/api.w.org\/{rel}","templated":true}]}}