{"id":3275,"date":"2016-04-29T12:22:11","date_gmt":"2016-04-29T12:22:11","guid":{"rendered":"http:\/\/bibliotekamoscisko.pl\/?p=3275"},"modified":"2016-04-29T12:22:11","modified_gmt":"2016-04-29T12:22:11","slug":"twoje-odwrocenie-glowy-pomaga-tym-ktorzy-dopuszczaja-sie-zla","status":"publish","type":"post","link":"https:\/\/bibliotekamoscisko.pl\/?p=3275","title":{"rendered":"&#8222;Twoje odwr\u00f3cenie g\u0142owy pomaga tym, kt\u00f3rzy dopuszczaj\u0105 si\u0119 z\u0142a&#8221;"},"content":{"rendered":"<p><strong>Godnie uczcili\u015bmy bohater\u00f3w w 73. Rocznic\u0119 \u00a0Powstania w Getcie Warszawskim<\/strong><\/p>\n<p><em>\u00a0<\/em><em>\u00a0 \u2026Jak si\u0119 przygl\u0105dasz z\u0142u i odwracasz g\u0142ow\u0119 albo nie pomagasz, kiedy mo\u017cesz pom\u00f3c, to stajesz si\u0119 wsp\u00f3\u0142odpowiedzialny. Bo twoje odwr\u00f3cenie g\u0142owy pomaga tym, kt\u00f3rzy dopuszczaj\u0105 si\u0119 z\u0142a. A takich wypadk\u00f3w by\u0142o dziesi\u0105tki\u2026<\/em>\u00a0 \u00a0 \u00a0 \u00a0 \u00a0 \u00a0 \u00a0 \u00a0 \u00a0 \u00a0 \u00a0 \u00a0 \u00a0 \u00a0 \u00a0 \u00a0 \u00a0 \u00a0 \u00a0 \u00a0 \u00a0 \u00a0 \u00a0 \u00a0 \u00a0 \u00a0 \u00a0 \u00a0 \u00a0 \u00a0 \u00a0 \u00a0 \u00a0 \u00a0 \u00a0 \u00a0 \u00a0 \u00a0 \u00a0 \u00a0 \u00a0 \u00a0 \u00a0 \u00a0 \u00a0 \u00a0 \u00a0 \u00a0 \u00a0 \u00a0 \u00a0 \u00a0 \u00a0 \u00a0 \u00a0 \u00a0 \u00a0 \u00a0 \u00a0 \u00a0 \u00a0 \u00a0 \u00a0 \u00a0 \u00a0 \u00a0 \u00a0 \u00a0 \u00a0 \u00a0 \u00a0 \u00a0 \u00a0 \u00a0 \u00a0 \u00a0 \u00a0 \u00a0 \u00a0 \u00a0 \u00a0 \u00a0 \u00a0 \u00a0 \u00a0 \u00a0 \u00a0 \u00a0 \u00a0 \u00a0 \u00a0 \u00a0 \/ Marek Edelman\/.<\/p>\n<p>Idea wielokulturowej Europy\u00a0 ponosi ostatnio kl\u0119sk\u0119.\u00a0 Projekt Multikulti traci na znaczeniu,\u00a0a nawet niekt\u00f3rzy twierdz\u0105 ,\u017ce ju\u017c nie istnieje.\u00a0Okazuje si\u0119, \u017ce jednak warto robi\u0107 wszystko, aby ludzie r\u00f3\u017cnych kultur \u017cyli ze sob\u0105 w zgodzie, szanowali w\u0142asne dziedzictwo i pami\u0119tali o przesz\u0142o\u015bci.\u00a027 kwietnia 2016 roku w bibliotece w Ostroszowicach odby\u0142o si\u0119 wydarzenie upami\u0119tniaj\u0105ce 73. Rocznic\u0119 Powstania w Getcie Warszawskim. By\u0142o to wspania\u0142e prze\u017cycie i u\u015bwiadomienie sobie jak heroiczn\u0105 walk\u0119 podj\u0119li \u017bydzi przeciwstawiaj\u0105c si\u0119 Niemcom w \u00a0ra\u017c\u0105co nier\u00f3wnej walce.\u00a0Dzi\u0119ki Muzeum Historii \u017byd\u00f3w Polskich POLIN, mogli\u015bmy obejrze\u0107\u00a0 wstrz\u0105saj\u0105cy film pt<em>.: Nie by\u0142o \u017cadnej nadziei .<\/em> Ten nakr\u0119cony przez Niemc\u00f3w dokument nigdy nie zosta\u0142 uko\u0144czony. Dopiero niedawno z wykorzystaniem nowych technologii doko\u0144czono histori\u0119 powstania.\u00a0Ten doskona\u0142y film pokazuje nie tylko bohaterstwo i odwag\u0119 \u017cydowskich bojownik\u00f3w, ale przede wszystkim \u00a0ludzkie s\u0142abo\u015bci, chwile zw\u0105tpienia oraz dylematy dotycz\u0105ce \u017cycia i \u015bmierci.\u00a0Trudno dyskutowa\u0107 o takich wydarzeniach.\u00a0Samo obejrzenie tego heroicznego \u015bwiadectwa budzi ogromny szacunek dla ludzi, kt\u00f3rzy w\u00f3wczas walczyli, a przy tym \u00a0zmagali si\u0119 z ogromn\u0105 bied\u0105 i poni\u017caniem.<\/p>\n<p>Chwa\u0142a bohaterom.<\/p>\n<p>Wspania\u0142a kultura \u017cydowska zachwyci\u0142a zebranych bogactwem formy i swoj\u0105 r\u00f3\u017cnorodno\u015bci\u0105. \u00a0\u00a0Genialny utw\u00f3r\u00a0 muzyczny: <em>By\u0142 sobie skrzypek Hercowicz,\u00a0<\/em>\u00a0pozwoli\u0142 zamkn\u0105\u0107 nostalgiczn\u0105 cz\u0119\u015b\u0107 spotkania.\u00a0Ogromny \u00a0podziw \u00a0s\u0142uchaczy wzbudzi\u0142a Natalia Hiler, kt\u00f3ra\u00a0 zagra\u0142a\u00a0 na \u017cywo wspania\u0142e utwory \u00a0nawi\u0105zuj\u0105ce do tradycji \u017cydowskiej.\u00a0Natomiast Bo\u017cena Nowak z \u00a0brawur\u0105 za\u015bpiewa\u0142a s\u0142ynn\u0105 piosenk\u0119 <em>Zapad\u0142a noc g\u0142ucha<\/em>\u2026 , cz\u0119stuj\u0105c go\u015bci bubliczkami z ogromnego kosza\u2026<\/p>\n<p><em>Ach, kupcie bubliczki,\u00a0<\/em><em><br \/>\nGor\u0105ce bubliczki,<br \/>\nGdy dacie rubliczki,<br \/>\nNakarmi\u0119 was!<br \/>\nT\u0119 pro\u015bb\u0119 mam jedn\u0105:<br \/>\nGdy gwiazdy w kr\u0105g zbledn\u0105,<br \/>\nWspom\u00f3\u017ccie mnie biedn\u0105<br \/>\nCho\u0107 jeden raz.\u00a0<\/em><\/p>\n<p>Nasze spotkanie pokaza\u0142o jak wielk\u0105 rol\u0119 odgrywa wsp\u00f3lne poznawanie historii w niebanalny spos\u00f3b. Pozytywny odbi\u00f3r tych trudnych tre\u015bci najbardziej zaskoczy\u0142 organizator\u00f3w tego wydarzenia.<\/p>\n<div id='gallery-1' class='gallery galleryid-3275 gallery-columns-3 gallery-size-thumbnail'><figure class='gallery-item'>\n\t\t\t<div class='gallery-icon landscape'>\n\t\t\t\t<a href='https:\/\/bibliotekamoscisko.pl\/?attachment_id=3276'><img decoding=\"async\" width=\"150\" height=\"150\" src=\"https:\/\/bibliotekamoscisko.pl\/wp-content\/uploads\/2016\/04\/DSC_1705-150x150.jpeg\" class=\"attachment-thumbnail size-thumbnail\" alt=\"\" srcset=\"https:\/\/bibliotekamoscisko.pl\/wp-content\/uploads\/2016\/04\/DSC_1705-150x150.jpeg 150w, https:\/\/bibliotekamoscisko.pl\/wp-content\/uploads\/2016\/04\/DSC_1705-2x1.jpeg 2w\" sizes=\"(max-width: 150px) 100vw, 150px\" \/><\/a>\n\t\t\t<\/div><\/figure><figure class='gallery-item'>\n\t\t\t<div class='gallery-icon landscape'>\n\t\t\t\t<a href='https:\/\/bibliotekamoscisko.pl\/?attachment_id=3277'><img decoding=\"async\" width=\"150\" height=\"150\" src=\"https:\/\/bibliotekamoscisko.pl\/wp-content\/uploads\/2016\/04\/DSC_1707-150x150.jpeg\" class=\"attachment-thumbnail size-thumbnail\" alt=\"\" srcset=\"https:\/\/bibliotekamoscisko.pl\/wp-content\/uploads\/2016\/04\/DSC_1707-150x150.jpeg 150w, https:\/\/bibliotekamoscisko.pl\/wp-content\/uploads\/2016\/04\/DSC_1707-2x1.jpeg 2w\" sizes=\"(max-width: 150px) 100vw, 150px\" \/><\/a>\n\t\t\t<\/div><\/figure><figure class='gallery-item'>\n\t\t\t<div class='gallery-icon landscape'>\n\t\t\t\t<a href='https:\/\/bibliotekamoscisko.pl\/?attachment_id=3278'><img decoding=\"async\" width=\"150\" height=\"150\" src=\"https:\/\/bibliotekamoscisko.pl\/wp-content\/uploads\/2016\/04\/DSC_1711-150x150.jpeg\" class=\"attachment-thumbnail size-thumbnail\" alt=\"\" srcset=\"https:\/\/bibliotekamoscisko.pl\/wp-content\/uploads\/2016\/04\/DSC_1711-150x150.jpeg 150w, https:\/\/bibliotekamoscisko.pl\/wp-content\/uploads\/2016\/04\/DSC_1711-2x1.jpeg 2w\" sizes=\"(max-width: 150px) 100vw, 150px\" \/><\/a>\n\t\t\t<\/div><\/figure><figure class='gallery-item'>\n\t\t\t<div class='gallery-icon landscape'>\n\t\t\t\t<a href='https:\/\/bibliotekamoscisko.pl\/?attachment_id=3279'><img loading=\"lazy\" decoding=\"async\" width=\"150\" height=\"150\" src=\"https:\/\/bibliotekamoscisko.pl\/wp-content\/uploads\/2016\/04\/DSC_1724-150x150.jpeg\" class=\"attachment-thumbnail size-thumbnail\" alt=\"\" srcset=\"https:\/\/bibliotekamoscisko.pl\/wp-content\/uploads\/2016\/04\/DSC_1724-150x150.jpeg 150w, https:\/\/bibliotekamoscisko.pl\/wp-content\/uploads\/2016\/04\/DSC_1724-2x1.jpeg 2w\" sizes=\"(max-width: 150px) 100vw, 150px\" \/><\/a>\n\t\t\t<\/div><\/figure><figure class='gallery-item'>\n\t\t\t<div class='gallery-icon landscape'>\n\t\t\t\t<a href='https:\/\/bibliotekamoscisko.pl\/?attachment_id=3281'><img loading=\"lazy\" decoding=\"async\" width=\"150\" height=\"150\" src=\"https:\/\/bibliotekamoscisko.pl\/wp-content\/uploads\/2016\/04\/DSC_1728-150x150.jpeg\" class=\"attachment-thumbnail size-thumbnail\" alt=\"\" srcset=\"https:\/\/bibliotekamoscisko.pl\/wp-content\/uploads\/2016\/04\/DSC_1728-150x150.jpeg 150w, https:\/\/bibliotekamoscisko.pl\/wp-content\/uploads\/2016\/04\/DSC_1728-2x1.jpeg 2w\" sizes=\"(max-width: 150px) 100vw, 150px\" \/><\/a>\n\t\t\t<\/div><\/figure><figure class='gallery-item'>\n\t\t\t<div class='gallery-icon landscape'>\n\t\t\t\t<a href='https:\/\/bibliotekamoscisko.pl\/?attachment_id=3282'><img loading=\"lazy\" decoding=\"async\" width=\"150\" height=\"150\" src=\"https:\/\/bibliotekamoscisko.pl\/wp-content\/uploads\/2016\/04\/DSC_1729-150x150.jpeg\" class=\"attachment-thumbnail size-thumbnail\" alt=\"\" srcset=\"https:\/\/bibliotekamoscisko.pl\/wp-content\/uploads\/2016\/04\/DSC_1729-150x150.jpeg 150w, https:\/\/bibliotekamoscisko.pl\/wp-content\/uploads\/2016\/04\/DSC_1729-2x1.jpeg 2w\" sizes=\"(max-width: 150px) 100vw, 150px\" \/><\/a>\n\t\t\t<\/div><\/figure>\n\t\t<\/div>\n\n<p>Salonik Kobiet Ambitnych przy bibliotece w Ostroszowicach\u00a0 zaprasza na nast\u0119pne wydarzenia.<\/p>\n","protected":false},"excerpt":{"rendered":"<p>Godnie uczcili\u015bmy bohater\u00f3w w 73. Rocznic\u0119 \u00a0Powstania w Getcie Warszawskim \u00a0\u00a0 \u2026Jak si\u0119 przygl\u0105dasz z\u0142u i odwracasz g\u0142ow\u0119 albo nie pomagasz, kiedy mo\u017cesz pom\u00f3c, to stajesz si\u0119 wsp\u00f3\u0142odpowiedzialny. Bo twoje [&hellip;]<\/p>\n","protected":false},"author":1,"featured_media":0,"comment_status":"closed","ping_status":"open","sticky":false,"template":"","format":"standard","meta":{"ngg_post_thumbnail":0,"footnotes":""},"categories":[1],"tags":[],"class_list":["post-3275","post","type-post","status-publish","format-standard","hentry","category-uncategorized"],"_links":{"self":[{"href":"https:\/\/bibliotekamoscisko.pl\/index.php?rest_route=\/wp\/v2\/posts\/3275","targetHints":{"allow":["GET"]}}],"collection":[{"href":"https:\/\/bibliotekamoscisko.pl\/index.php?rest_route=\/wp\/v2\/posts"}],"about":[{"href":"https:\/\/bibliotekamoscisko.pl\/index.php?rest_route=\/wp\/v2\/types\/post"}],"author":[{"embeddable":true,"href":"https:\/\/bibliotekamoscisko.pl\/index.php?rest_route=\/wp\/v2\/users\/1"}],"replies":[{"embeddable":true,"href":"https:\/\/bibliotekamoscisko.pl\/index.php?rest_route=%2Fwp%2Fv2%2Fcomments&post=3275"}],"version-history":[{"count":1,"href":"https:\/\/bibliotekamoscisko.pl\/index.php?rest_route=\/wp\/v2\/posts\/3275\/revisions"}],"predecessor-version":[{"id":3283,"href":"https:\/\/bibliotekamoscisko.pl\/index.php?rest_route=\/wp\/v2\/posts\/3275\/revisions\/3283"}],"wp:attachment":[{"href":"https:\/\/bibliotekamoscisko.pl\/index.php?rest_route=%2Fwp%2Fv2%2Fmedia&parent=3275"}],"wp:term":[{"taxonomy":"category","embeddable":true,"href":"https:\/\/bibliotekamoscisko.pl\/index.php?rest_route=%2Fwp%2Fv2%2Fcategories&post=3275"},{"taxonomy":"post_tag","embeddable":true,"href":"https:\/\/bibliotekamoscisko.pl\/index.php?rest_route=%2Fwp%2Fv2%2Ftags&post=3275"}],"curies":[{"name":"wp","href":"https:\/\/api.w.org\/{rel}","templated":true}]}}