{"id":3284,"date":"2016-04-30T12:20:44","date_gmt":"2016-04-30T12:20:44","guid":{"rendered":"http:\/\/bibliotekamoscisko.pl\/?p=3284"},"modified":"2016-04-30T12:20:44","modified_gmt":"2016-04-30T12:20:44","slug":"majowe-swieta-w-uciechowie","status":"publish","type":"post","link":"https:\/\/bibliotekamoscisko.pl\/?p=3284","title":{"rendered":"Majowe \u015bwi\u0119ta w Uciechowie"},"content":{"rendered":"<p>Maj jest bardzo wyj\u0105tkowym miesi\u0105cem\u00a0w historii Polski. W pierwszych trzech dniach maja obchodzone s\u0105 w Polsce trzy wa\u017cne <a href=\"http:\/\/bibliotekamoscisko.pl\/wp-content\/uploads\/2016\/04\/maj3.jpg\" rel=\"attachment wp-att-3286\"><img decoding=\"async\" class=\"alignright size-thumbnail wp-image-3286\" src=\"http:\/\/bibliotekamoscisko.pl\/wp-content\/uploads\/2016\/04\/maj3-150x150.jpg\" alt=\"maj3\" width=\"150\" height=\"150\" srcset=\"https:\/\/bibliotekamoscisko.pl\/wp-content\/uploads\/2016\/04\/maj3-150x150.jpg 150w, https:\/\/bibliotekamoscisko.pl\/wp-content\/uploads\/2016\/04\/maj3-1x1.jpg 1w\" sizes=\"(max-width: 150px) 100vw, 150px\" \/><\/a>\u015bwi\u0119ta. 1 Maja &#8211; \u015awi\u0119to Pracy, obchodzone nie tylko w Polsce, ale i na \u015bwiecie. 2 Maja zosta\u0142 ustanowiony Dniem Flagi Rzeczypospolitej Polskiej. \u015awi\u0119to to czci polskie barwy narodowe.\u00a0\u00a03 maja, upami\u0119tniaj\u0105ce przyj\u0119cie niezwykle istotnego dokumentu, jakim by\u0142a Konstytucja 3 maja z 1791 roku. \u00a0Natomiast 8 maja przypada Dzie\u0144 Zwyci\u0119stwa, czyli zako\u0144czenie II wojny \u015bwiatowej.<\/p>\n<p>&nbsp;<\/p>\n<p><a href=\"http:\/\/bibliotekamoscisko.pl\/wp-content\/uploads\/2016\/04\/maj2-1.jpg\" rel=\"attachment wp-att-3285\"><img fetchpriority=\"high\" decoding=\"async\" class=\"aligncenter wp-image-3285 size-full\" src=\"http:\/\/bibliotekamoscisko.pl\/wp-content\/uploads\/2016\/04\/maj2-1.jpg\" alt=\"maj2 (1)\" width=\"800\" height=\"600\" srcset=\"https:\/\/bibliotekamoscisko.pl\/wp-content\/uploads\/2016\/04\/maj2-1.jpg 800w, https:\/\/bibliotekamoscisko.pl\/wp-content\/uploads\/2016\/04\/maj2-1-300x225.jpg 300w, https:\/\/bibliotekamoscisko.pl\/wp-content\/uploads\/2016\/04\/maj2-1-768x576.jpg 768w, https:\/\/bibliotekamoscisko.pl\/wp-content\/uploads\/2016\/04\/maj2-1-1x1.jpg 1w\" sizes=\"(max-width: 800px) 100vw, 800px\" \/><\/a><\/p>\n<p>Dzieciaki z Uciechowa przypominaj\u0105 o majowych \u015bwi\u0119tach oraz o \u00a0wywieszeniu flagi.<\/p>\n<p>&nbsp;<\/p>\n<p>&nbsp;<\/p>\n","protected":false},"excerpt":{"rendered":"<p>Maj jest bardzo wyj\u0105tkowym miesi\u0105cem\u00a0w historii Polski. W pierwszych trzech dniach maja obchodzone s\u0105 w Polsce trzy wa\u017cne \u015bwi\u0119ta. 1 Maja &#8211; \u015awi\u0119to Pracy, obchodzone nie tylko w Polsce, ale [&hellip;]<\/p>\n","protected":false},"author":1,"featured_media":0,"comment_status":"closed","ping_status":"open","sticky":false,"template":"","format":"standard","meta":{"ngg_post_thumbnail":0,"footnotes":""},"categories":[1],"tags":[],"class_list":["post-3284","post","type-post","status-publish","format-standard","hentry","category-uncategorized"],"_links":{"self":[{"href":"https:\/\/bibliotekamoscisko.pl\/index.php?rest_route=\/wp\/v2\/posts\/3284","targetHints":{"allow":["GET"]}}],"collection":[{"href":"https:\/\/bibliotekamoscisko.pl\/index.php?rest_route=\/wp\/v2\/posts"}],"about":[{"href":"https:\/\/bibliotekamoscisko.pl\/index.php?rest_route=\/wp\/v2\/types\/post"}],"author":[{"embeddable":true,"href":"https:\/\/bibliotekamoscisko.pl\/index.php?rest_route=\/wp\/v2\/users\/1"}],"replies":[{"embeddable":true,"href":"https:\/\/bibliotekamoscisko.pl\/index.php?rest_route=%2Fwp%2Fv2%2Fcomments&post=3284"}],"version-history":[{"count":1,"href":"https:\/\/bibliotekamoscisko.pl\/index.php?rest_route=\/wp\/v2\/posts\/3284\/revisions"}],"predecessor-version":[{"id":3287,"href":"https:\/\/bibliotekamoscisko.pl\/index.php?rest_route=\/wp\/v2\/posts\/3284\/revisions\/3287"}],"wp:attachment":[{"href":"https:\/\/bibliotekamoscisko.pl\/index.php?rest_route=%2Fwp%2Fv2%2Fmedia&parent=3284"}],"wp:term":[{"taxonomy":"category","embeddable":true,"href":"https:\/\/bibliotekamoscisko.pl\/index.php?rest_route=%2Fwp%2Fv2%2Fcategories&post=3284"},{"taxonomy":"post_tag","embeddable":true,"href":"https:\/\/bibliotekamoscisko.pl\/index.php?rest_route=%2Fwp%2Fv2%2Ftags&post=3284"}],"curies":[{"name":"wp","href":"https:\/\/api.w.org\/{rel}","templated":true}]}}